{"id":85026,"date":"2018-03-01T05:02:55","date_gmt":"2018-03-01T09:02:55","guid":{"rendered":"http:\/\/www.eltrabajo.cl\/2017\/?p=85026"},"modified":"2018-03-01T05:02:55","modified_gmt":"2018-03-01T09:02:55","slug":"iii-feria-medieval-san-felipe-2018-este-sabado-en-la-plaza-de-armas","status":"publish","type":"post","link":"https:\/\/eltrabajo.cl\/portal\/iii-feria-medieval-san-felipe-2018-este-sabado-en-la-plaza-de-armas\/","title":{"rendered":"III Feria Medieval San Felipe 2018 este s\u00e1bado en la Plaza de Armas"},"content":{"rendered":"<figure id=\"attachment_85030\" aria-describedby=\"caption-attachment-85030\" style=\"width: 580px\" class=\"wp-caption alignnone\"><img data-recalc-dims=\"1\" loading=\"lazy\" decoding=\"async\" class=\"size-full wp-image-85030\" src=\"https:\/\/i0.wp.com\/www.eltrabajo.cl\/2017\/wp-content\/uploads\/2018\/02\/Medieval3.jpg?resize=580%2C340\" alt=\"VIAJAR EN EL TIEMPO.- Si bien no podemos viajar al pasado, esta feria medieval nos promete que \u00e9ste venga a nuestra era.\" width=\"580\" height=\"340\" srcset=\"https:\/\/i0.wp.com\/eltrabajo.cl\/portal\/wp-content\/uploads\/2018\/02\/Medieval3.jpg?w=580&amp;ssl=1 580w, https:\/\/i0.wp.com\/eltrabajo.cl\/portal\/wp-content\/uploads\/2018\/02\/Medieval3.jpg?resize=200%2C117&amp;ssl=1 200w, https:\/\/i0.wp.com\/eltrabajo.cl\/portal\/wp-content\/uploads\/2018\/02\/Medieval3.jpg?resize=300%2C176&amp;ssl=1 300w, https:\/\/i0.wp.com\/eltrabajo.cl\/portal\/wp-content\/uploads\/2018\/02\/Medieval3.jpg?resize=256%2C150&amp;ssl=1 256w, https:\/\/i0.wp.com\/eltrabajo.cl\/portal\/wp-content\/uploads\/2018\/02\/Medieval3.jpg?resize=400%2C234&amp;ssl=1 400w\" sizes=\"auto, (max-width: 580px) 100vw, 580px\" \/><figcaption id=\"caption-attachment-85030\" class=\"wp-caption-text\">VIAJAR EN EL TIEMPO.- Si bien no podemos viajar al pasado, esta feria medieval nos promete que \u00e9ste venga a nuestra era.<\/figcaption><\/figure>\n<ul>\n<li><span style=\"color: #ff0000;\"><strong>Encuentro de actores del Medioevo de 11:00 a 21:00 horas:<\/strong><\/span><\/li>\n<\/ul>\n<p>Este mes de marzo inicia con la III Feria Medieval San Felipe 2018, jornada que desde ya promete muchas sorpresas y gran entretenci\u00f3n a la antigua para todos nuestros lectores. El evento busca tambi\u00e9n generar en nuestra ciudad una invasi\u00f3n de vikingos, caballeros, m\u00fasicos, bailarines y artesanos medievales en nuestra Plaza de Armas este s\u00e1bado 3 desde las 11:00 a las 21:00 horas.<br \/>\n\u00bfY de qu\u00e9 trata esta nueva versi\u00f3n de la feria? La actividad tiene relaci\u00f3n con la cita que tienen m\u00e1s de 200 expositores de diferentes culturas que reflejan mil a\u00f1os de historia medieval, como lo son Celtas, Vikingos y Caballeros; artesan\u00edas en cuero, madera, metal, fieltro y variados materiales y t\u00e9cnicas tradicionales, las que estar\u00e1n disponibles durante todo el d\u00eda.<\/p>\n<p><span style=\"color: #ff0000;\"><strong>AMPLIO REPERTORIO<\/strong><\/span><br \/>\nTambi\u00e9n habr\u00e1 comida medieval, con recetas de hace muchos siglos de la tradici\u00f3n n\u00f3rdica. Pero lo que todos buscan es la famosa Hidromiel, bebida muy antigua, previa al vino y a la cerveza, que fue consumida por pueblos como los romanos, vikingos, griegos, celtas, normandos y sajones.<br \/>\nDiario El Trabajo habl\u00f3 ayer con el principal gestor de esta singular feria medieval, Jorge Gaete: \u00ab\u00c9sta ya es la tercera versi\u00f3n de la feria y esperamos que siga con la tendencia de las anteriores, que es atraer a mucha gente y por supuesto a los amantes de la Edad Media. Mucha gente nos pidi\u00f3 una nueva versi\u00f3n y, dado el gran \u00e9xito de las anteriores, estamos cumpliendo la demanda de asistentes y participantes. Tenemos atracciones durante todo el d\u00eda, comenzando con un taller de m\u00fasica y combate medieval del Liceo Mixto de San Felipe, para seguir con los combates vikingos del grupo de recreaci\u00f3n Varmesjord. A continuaci\u00f3n tendremos un maravilloso grupo femenino de danza celta llamado Dancing Clovers, y le seguir\u00e1 la Sociedad de Esgrima Hist\u00f3rica de Aconcagua. Seguimos con la recreaci\u00f3n y juegos vikingos de Cuervos de Od\u00edn y Fenrir, luego daremos paso a la Hermandad Teut\u00f3nica de Chile, con sus hermosas armaduras y combate en vivo. En cuanto a la m\u00fasica, asistiremos a espect\u00e1culos de gran nivel con Jorge Ovalle y sus bellos instrumentos de \u00e9poca, tambi\u00e9n estar\u00e1 el Coro Amicus con sus hermosos temas y el bardo Rodericvs Magnus, con lo mejor de los trovadores medievales. Representando a nuestra ciudad estar\u00e1 Camerata Aconcagua, con una selecci\u00f3n de su repertorio\u00bb, explic\u00f3 Gaete.<br \/>\nEsta feria no se trata de un show con productos chinos, pues los asistentes a este tipo de ferias siempre se van contentos y entusiasmados de asistir nuevamente a un evento de este tipo, \u00abac\u00e1 la mayor\u00eda de las cosas son hechas por artesanos de todo el pa\u00eds, ocupando t\u00e9cnicas ancestrales y con excelentes resultados\u00bb, dijo finalmente el organizador.<br \/>\nAdem\u00e1s, los asistentes tendr\u00e1n la posibilidad de adentrarse en el mundo medieval gracias a la interacci\u00f3n con recreadores, artistas y artesanos que, de una manera l\u00fadica y novedosa, nos contar\u00e1n todo lo que sea necesario sobre costumbres, vestuario, y contexto de la \u00e9poca. En definitiva, estaremos ante un evento que muestra c\u00f3mo era lo cotidiano en el Medioevo, cuando los mercados rebozaban de vida y \u00e1nimo, con comida, bebida, artesan\u00edas, m\u00fasicos, bailes y combates en vivo.<br \/>\n<strong>Roberto Gonz\u00e1lez Short<\/strong><\/p>\n<figure id=\"attachment_85027\" aria-describedby=\"caption-attachment-85027\" style=\"width: 579px\" class=\"wp-caption alignnone\"><img data-recalc-dims=\"1\" loading=\"lazy\" decoding=\"async\" class=\"size-full wp-image-85027\" src=\"https:\/\/i0.wp.com\/www.eltrabajo.cl\/2017\/wp-content\/uploads\/2018\/02\/Medieval_Jorge-Gaete.jpg?resize=579%2C540\" alt=\"Jorge Gaete, organizador de la III Feria Medieval San Felipe 2018.\" width=\"579\" height=\"540\" srcset=\"https:\/\/i0.wp.com\/eltrabajo.cl\/portal\/wp-content\/uploads\/2018\/02\/Medieval_Jorge-Gaete.jpg?w=579&amp;ssl=1 579w, https:\/\/i0.wp.com\/eltrabajo.cl\/portal\/wp-content\/uploads\/2018\/02\/Medieval_Jorge-Gaete.jpg?resize=161%2C150&amp;ssl=1 161w, https:\/\/i0.wp.com\/eltrabajo.cl\/portal\/wp-content\/uploads\/2018\/02\/Medieval_Jorge-Gaete.jpg?resize=300%2C280&amp;ssl=1 300w, https:\/\/i0.wp.com\/eltrabajo.cl\/portal\/wp-content\/uploads\/2018\/02\/Medieval_Jorge-Gaete.jpg?resize=400%2C373&amp;ssl=1 400w\" sizes=\"auto, (max-width: 579px) 100vw, 579px\" \/><figcaption id=\"caption-attachment-85027\" class=\"wp-caption-text\">Jorge Gaete, organizador de la III Feria Medieval San Felipe 2018.<\/figcaption><\/figure>\n<figure id=\"attachment_85028\" aria-describedby=\"caption-attachment-85028\" style=\"width: 579px\" class=\"wp-caption alignnone\"><img data-recalc-dims=\"1\" loading=\"lazy\" decoding=\"async\" class=\"size-full wp-image-85028\" src=\"https:\/\/i0.wp.com\/www.eltrabajo.cl\/2017\/wp-content\/uploads\/2018\/02\/Medieval1.jpg?resize=579%2C336\" alt=\"FERIA MEDIEVAL.- Crudas y vibrantes batallas medievales ser\u00e1n las que se desarrollen este s\u00e1bado en nuestra Plaza de Armas, en San Felipe.\" width=\"579\" height=\"336\" srcset=\"https:\/\/i0.wp.com\/eltrabajo.cl\/portal\/wp-content\/uploads\/2018\/02\/Medieval1.jpg?w=579&amp;ssl=1 579w, https:\/\/i0.wp.com\/eltrabajo.cl\/portal\/wp-content\/uploads\/2018\/02\/Medieval1.jpg?resize=200%2C116&amp;ssl=1 200w, https:\/\/i0.wp.com\/eltrabajo.cl\/portal\/wp-content\/uploads\/2018\/02\/Medieval1.jpg?resize=300%2C174&amp;ssl=1 300w, https:\/\/i0.wp.com\/eltrabajo.cl\/portal\/wp-content\/uploads\/2018\/02\/Medieval1.jpg?resize=258%2C150&amp;ssl=1 258w, https:\/\/i0.wp.com\/eltrabajo.cl\/portal\/wp-content\/uploads\/2018\/02\/Medieval1.jpg?resize=400%2C232&amp;ssl=1 400w\" sizes=\"auto, (max-width: 579px) 100vw, 579px\" \/><figcaption id=\"caption-attachment-85028\" class=\"wp-caption-text\">FERIA MEDIEVAL.- Crudas y vibrantes batallas medievales ser\u00e1n las que se desarrollen este s\u00e1bado en nuestra Plaza de Armas, en San Felipe.<\/figcaption><\/figure>\n<figure id=\"attachment_85029\" aria-describedby=\"caption-attachment-85029\" style=\"width: 579px\" class=\"wp-caption alignnone\"><img data-recalc-dims=\"1\" loading=\"lazy\" decoding=\"async\" class=\"size-full wp-image-85029\" src=\"https:\/\/i0.wp.com\/www.eltrabajo.cl\/2017\/wp-content\/uploads\/2018\/02\/Medieval2.jpg?resize=579%2C576\" alt=\"VIKINGOS.- Son actores profesionales los que dar\u00e1n vida a cada uno de sus personajes en escena.\" width=\"579\" height=\"576\" srcset=\"https:\/\/i0.wp.com\/eltrabajo.cl\/portal\/wp-content\/uploads\/2018\/02\/Medieval2.jpg?w=579&amp;ssl=1 579w, https:\/\/i0.wp.com\/eltrabajo.cl\/portal\/wp-content\/uploads\/2018\/02\/Medieval2.jpg?resize=151%2C150&amp;ssl=1 151w, https:\/\/i0.wp.com\/eltrabajo.cl\/portal\/wp-content\/uploads\/2018\/02\/Medieval2.jpg?resize=300%2C298&amp;ssl=1 300w, https:\/\/i0.wp.com\/eltrabajo.cl\/portal\/wp-content\/uploads\/2018\/02\/Medieval2.jpg?resize=400%2C398&amp;ssl=1 400w\" sizes=\"auto, (max-width: 579px) 100vw, 579px\" \/><figcaption id=\"caption-attachment-85029\" class=\"wp-caption-text\">VIKINGOS.- Son actores profesionales los que dar\u00e1n vida a cada uno de sus personajes en escena.<\/figcaption><\/figure>\n","protected":false},"excerpt":{"rendered":"<p>Encuentro de actores del Medioevo de 11:00 a 21:00 horas: Este mes de marzo inicia con la III Feria Medieval San Felipe 2018, jornada que desde ya promete muchas sorpresas y gran&#8230;<\/p>\n","protected":false},"author":1,"featured_media":85028,"comment_status":"open","ping_status":"open","sticky":false,"template":"","format":"standard","meta":{"advanced_seo_description":"","jetpack_seo_html_title":"","jetpack_seo_noindex":false,"_jetpack_memberships_contains_paid_content":false,"footnotes":""},"categories":[15],"tags":[],"class_list":["post-85026","post","type-post","status-publish","format-standard","has-post-thumbnail","hentry","category-comunidad"],"jetpack_featured_media_url":"https:\/\/i0.wp.com\/eltrabajo.cl\/portal\/wp-content\/uploads\/2018\/02\/Medieval1.jpg?fit=579%2C336&ssl=1","jetpack_sharing_enabled":true,"jetpack_likes_enabled":true,"jetpack-related-posts":[],"_links":{"self":[{"href":"https:\/\/eltrabajo.cl\/portal\/wp-json\/wp\/v2\/posts\/85026","targetHints":{"allow":["GET"]}}],"collection":[{"href":"https:\/\/eltrabajo.cl\/portal\/wp-json\/wp\/v2\/posts"}],"about":[{"href":"https:\/\/eltrabajo.cl\/portal\/wp-json\/wp\/v2\/types\/post"}],"author":[{"embeddable":true,"href":"https:\/\/eltrabajo.cl\/portal\/wp-json\/wp\/v2\/users\/1"}],"replies":[{"embeddable":true,"href":"https:\/\/eltrabajo.cl\/portal\/wp-json\/wp\/v2\/comments?post=85026"}],"version-history":[{"count":0,"href":"https:\/\/eltrabajo.cl\/portal\/wp-json\/wp\/v2\/posts\/85026\/revisions"}],"wp:featuredmedia":[{"embeddable":true,"href":"https:\/\/eltrabajo.cl\/portal\/wp-json\/wp\/v2\/media\/85028"}],"wp:attachment":[{"href":"https:\/\/eltrabajo.cl\/portal\/wp-json\/wp\/v2\/media?parent=85026"}],"wp:term":[{"taxonomy":"category","embeddable":true,"href":"https:\/\/eltrabajo.cl\/portal\/wp-json\/wp\/v2\/categories?post=85026"},{"taxonomy":"post_tag","embeddable":true,"href":"https:\/\/eltrabajo.cl\/portal\/wp-json\/wp\/v2\/tags?post=85026"}],"curies":[{"name":"wp","href":"https:\/\/api.w.org\/{rel}","templated":true}]}}