{"id":85035,"date":"2018-03-01T05:04:47","date_gmt":"2018-03-01T09:04:47","guid":{"rendered":"http:\/\/www.eltrabajo.cl\/2017\/?p=85035"},"modified":"2018-03-01T05:04:47","modified_gmt":"2018-03-01T09:04:47","slug":"grandioso-piscinazo-solidario-a-beneficio-de-daisy-fernandez","status":"publish","type":"post","link":"https:\/\/eltrabajo.cl\/portal\/grandioso-piscinazo-solidario-a-beneficio-de-daisy-fernandez\/","title":{"rendered":"Grandioso \u2018Piscinazo Solidario\u2019 a beneficio de Daisy Fern\u00e1ndez"},"content":{"rendered":"<figure id=\"attachment_85037\" aria-describedby=\"caption-attachment-85037\" style=\"width: 580px\" class=\"wp-caption alignnone\"><img data-recalc-dims=\"1\" loading=\"lazy\" decoding=\"async\" class=\"size-full wp-image-85037\" src=\"https:\/\/i0.wp.com\/www.eltrabajo.cl\/2017\/wp-content\/uploads\/2018\/02\/Daisy-Fernandez.jpg?resize=580%2C683\" alt=\"TODOS CON ELLA.- Daisy Fern\u00e1ndez, vecina de Calle Ancha que hoy necesita nuestro apoyo.\" width=\"580\" height=\"683\" srcset=\"https:\/\/i0.wp.com\/eltrabajo.cl\/portal\/wp-content\/uploads\/2018\/02\/Daisy-Fernandez.jpg?w=580&amp;ssl=1 580w, https:\/\/i0.wp.com\/eltrabajo.cl\/portal\/wp-content\/uploads\/2018\/02\/Daisy-Fernandez.jpg?resize=127%2C150&amp;ssl=1 127w, https:\/\/i0.wp.com\/eltrabajo.cl\/portal\/wp-content\/uploads\/2018\/02\/Daisy-Fernandez.jpg?resize=255%2C300&amp;ssl=1 255w, https:\/\/i0.wp.com\/eltrabajo.cl\/portal\/wp-content\/uploads\/2018\/02\/Daisy-Fernandez.jpg?resize=400%2C471&amp;ssl=1 400w\" sizes=\"auto, (max-width: 580px) 100vw, 580px\" \/><figcaption id=\"caption-attachment-85037\" class=\"wp-caption-text\">TODOS CON ELLA.- Daisy Fern\u00e1ndez, vecina de Calle Ancha que hoy necesita nuestro apoyo.<\/figcaption><\/figure>\n<ul>\n<li><span style=\"color: #ff0000;\"><strong>Camping Pauli, en Puntilla Las Salinas Almendral:<\/strong><\/span><\/li>\n<\/ul>\n<p>Este domingo se estar\u00e1 desarrollando en Camping Pauli, ubicado en Puntilla Las Salinas Almendral s\/n, a partir de las 9:00 horas, un Piscinazo Solidario en beneficio de una vecina de Calle Ancha de Almendral.<br \/>\nEsta actividad la realiza un grupo de amigos de la madre soltera Daisy Fern\u00e1ndez Castro, de 35 a\u00f1os de edad, quien laboraba como temporera y a quien le fue amputada una de sus piernas a ra\u00edz de un agresivo c\u00e1ncer que le fue diagnosticado hace algunos meses.<br \/>\n\u00abEn este Piscinazo habr\u00e1 comidas, bebidas y mucha diversi\u00f3n, el dinero que yo logre recaudar lo utilizar\u00e9 para poder salir adelante con el proceso de fisioterapias y medicamentos, pues necesito que mi cerebro recupere el equilibrio, ya que tendr\u00e9 que buscar la forma para comprar una pr\u00f3tesis y continuar con mi vida, no me quedar\u00e9 en silla de ruedas para siempre, quiero y merezco salir adelante, por m\u00ed y por mi hijo Mat\u00edas (18), quien ahora empieza sus estudios universitarios\u00bb, nos comenta Fern\u00e1ndez.<br \/>\nAunque esta vecina siempre ha sido muy trabajadora, pareciera que el Destino le sigue poniendo grandes desaf\u00edos en su vida, pues tambi\u00e9n el padre de su hijo falleci\u00f3 hace poco tiempo, toda una vor\u00e1gine de reveses que ella intenta superar y en los que nuestros lectores tambi\u00e9n pueden intervenir para sacar adelante a esta vecina sanfelipe\u00f1a.<br \/>\nLos interesados tambi\u00e9n en contactar a Daisy, pueden llamarla al 974214072, la entrada a este evento vale $2.500 y al interior del recinto habr\u00e1 venta de bebidas y almuerzos.<br \/>\n<strong>Roberto Gonz\u00e1lez Short<\/strong><\/p>\n<figure id=\"attachment_85038\" aria-describedby=\"caption-attachment-85038\" style=\"width: 579px\" class=\"wp-caption alignnone\"><img data-recalc-dims=\"1\" loading=\"lazy\" decoding=\"async\" class=\"size-full wp-image-85038\" src=\"https:\/\/i0.wp.com\/www.eltrabajo.cl\/2017\/wp-content\/uploads\/2018\/02\/Daisy-Fernandez1.jpg?resize=579%2C1226\" alt=\"As\u00ed luc\u00eda nuestra amiga antes de ser operada, le acompa\u00f1a su joven hijo Mat\u00edas Lucero.\" width=\"579\" height=\"1226\" srcset=\"https:\/\/i0.wp.com\/eltrabajo.cl\/portal\/wp-content\/uploads\/2018\/02\/Daisy-Fernandez1.jpg?w=579&amp;ssl=1 579w, https:\/\/i0.wp.com\/eltrabajo.cl\/portal\/wp-content\/uploads\/2018\/02\/Daisy-Fernandez1.jpg?resize=71%2C150&amp;ssl=1 71w, https:\/\/i0.wp.com\/eltrabajo.cl\/portal\/wp-content\/uploads\/2018\/02\/Daisy-Fernandez1.jpg?resize=142%2C300&amp;ssl=1 142w, https:\/\/i0.wp.com\/eltrabajo.cl\/portal\/wp-content\/uploads\/2018\/02\/Daisy-Fernandez1.jpg?resize=484%2C1024&amp;ssl=1 484w, https:\/\/i0.wp.com\/eltrabajo.cl\/portal\/wp-content\/uploads\/2018\/02\/Daisy-Fernandez1.jpg?resize=400%2C847&amp;ssl=1 400w\" sizes=\"auto, (max-width: 579px) 100vw, 579px\" \/><figcaption id=\"caption-attachment-85038\" class=\"wp-caption-text\">As\u00ed luc\u00eda nuestra amiga antes de ser operada, le acompa\u00f1a su joven hijo Mat\u00edas Lucero.<\/figcaption><\/figure>\n","protected":false},"excerpt":{"rendered":"<p>Camping Pauli, en Puntilla Las Salinas Almendral: Este domingo se estar\u00e1 desarrollando en Camping Pauli, ubicado en Puntilla Las Salinas Almendral s\/n, a partir de las 9:00 horas, un Piscinazo Solidario en&#8230;<\/p>\n","protected":false},"author":1,"featured_media":85036,"comment_status":"open","ping_status":"open","sticky":false,"template":"","format":"standard","meta":{"advanced_seo_description":"","jetpack_seo_html_title":"","jetpack_seo_noindex":false,"_jetpack_memberships_contains_paid_content":false,"footnotes":""},"categories":[15],"tags":[],"class_list":["post-85035","post","type-post","status-publish","format-standard","has-post-thumbnail","hentry","category-comunidad"],"jetpack_featured_media_url":"https:\/\/i0.wp.com\/eltrabajo.cl\/portal\/wp-content\/uploads\/2018\/02\/Daisy-Fernandez-copia.jpg?fit=580%2C399&ssl=1","jetpack_sharing_enabled":true,"jetpack_likes_enabled":true,"jetpack-related-posts":[],"_links":{"self":[{"href":"https:\/\/eltrabajo.cl\/portal\/wp-json\/wp\/v2\/posts\/85035","targetHints":{"allow":["GET"]}}],"collection":[{"href":"https:\/\/eltrabajo.cl\/portal\/wp-json\/wp\/v2\/posts"}],"about":[{"href":"https:\/\/eltrabajo.cl\/portal\/wp-json\/wp\/v2\/types\/post"}],"author":[{"embeddable":true,"href":"https:\/\/eltrabajo.cl\/portal\/wp-json\/wp\/v2\/users\/1"}],"replies":[{"embeddable":true,"href":"https:\/\/eltrabajo.cl\/portal\/wp-json\/wp\/v2\/comments?post=85035"}],"version-history":[{"count":0,"href":"https:\/\/eltrabajo.cl\/portal\/wp-json\/wp\/v2\/posts\/85035\/revisions"}],"wp:featuredmedia":[{"embeddable":true,"href":"https:\/\/eltrabajo.cl\/portal\/wp-json\/wp\/v2\/media\/85036"}],"wp:attachment":[{"href":"https:\/\/eltrabajo.cl\/portal\/wp-json\/wp\/v2\/media?parent=85035"}],"wp:term":[{"taxonomy":"category","embeddable":true,"href":"https:\/\/eltrabajo.cl\/portal\/wp-json\/wp\/v2\/categories?post=85035"},{"taxonomy":"post_tag","embeddable":true,"href":"https:\/\/eltrabajo.cl\/portal\/wp-json\/wp\/v2\/tags?post=85035"}],"curies":[{"name":"wp","href":"https:\/\/api.w.org\/{rel}","templated":true}]}}