{"id":85065,"date":"2018-03-02T05:05:09","date_gmt":"2018-03-02T09:05:09","guid":{"rendered":"http:\/\/www.eltrabajo.cl\/2017\/?p=85065"},"modified":"2018-03-02T05:05:09","modified_gmt":"2018-03-02T09:05:09","slug":"organizan-almuerzo-a-domicilio-a-beneficio-de-menor-que-sufre-hidrocefalia","status":"publish","type":"post","link":"https:\/\/eltrabajo.cl\/portal\/organizan-almuerzo-a-domicilio-a-beneficio-de-menor-que-sufre-hidrocefalia\/","title":{"rendered":"Organizan almuerzo a domicilio a beneficio de menor que sufre hidrocefalia"},"content":{"rendered":"<figure id=\"attachment_85067\" aria-describedby=\"caption-attachment-85067\" style=\"width: 580px\" class=\"wp-caption alignnone\"><img data-recalc-dims=\"1\" loading=\"lazy\" decoding=\"async\" class=\"size-full wp-image-85067\" src=\"https:\/\/i0.wp.com\/www.eltrabajo.cl\/2017\/wp-content\/uploads\/2018\/03\/hidrocefalia-referencial.jpg?resize=580%2C443\" alt=\"La Hidrocefalia es un mal que puede tener dram\u00e1ticas consecuencias como se aprecia en esta imagen referencial.\" width=\"580\" height=\"443\" srcset=\"https:\/\/i0.wp.com\/eltrabajo.cl\/portal\/wp-content\/uploads\/2018\/03\/hidrocefalia-referencial.jpg?w=580&amp;ssl=1 580w, https:\/\/i0.wp.com\/eltrabajo.cl\/portal\/wp-content\/uploads\/2018\/03\/hidrocefalia-referencial.jpg?resize=196%2C150&amp;ssl=1 196w, https:\/\/i0.wp.com\/eltrabajo.cl\/portal\/wp-content\/uploads\/2018\/03\/hidrocefalia-referencial.jpg?resize=300%2C229&amp;ssl=1 300w, https:\/\/i0.wp.com\/eltrabajo.cl\/portal\/wp-content\/uploads\/2018\/03\/hidrocefalia-referencial.jpg?resize=400%2C306&amp;ssl=1 400w\" sizes=\"auto, (max-width: 580px) 100vw, 580px\" \/><figcaption id=\"caption-attachment-85067\" class=\"wp-caption-text\">La Hidrocefalia es un mal que puede tener dram\u00e1ticas consecuencias como se aprecia en esta imagen referencial.<\/figcaption><\/figure>\n<ul>\n<li><strong><span style=\"color: #ff0000;\">Venta de pollo con agregado para juntar plata y pagar gastos:<\/span>\u00a0Enfermos y sus familias deben seguir organizando rifas, bingos y otras actividades para intentar seguir con vida<\/strong><\/li>\n<\/ul>\n<p>La familia de la menor Leonor est\u00e1 organizando para ma\u00f1ana s\u00e1bado una venta de pollo con agregados a dos mil pesos, para poder costear la compra de insumos que necesita como por ejemplo v\u00e1lvulas que tienen un costo de 200 mil pesos.<br \/>\nLeonor fue diagnosticada con una hidrocefalia y actualmente se encuentra internada en el Hospital San Camilo de San Felipe, donde ha sido operada en varias ocasiones.<br \/>\nSu t\u00edo y organizador del evento, Danilo Contreras, explic\u00f3 que su sobrina, al nacer, lo hizo con problemas, \u00abtanto es as\u00ed que los m\u00e9dicos le daban poco tiempo de vida, pero gracias a mi cu\u00f1ada y mi hermano que empezaron a meterse en internet y ver de qu\u00e9 se trataba la enfermedad Hidrocefalia, han logrado que mi sobrina llegue a vivir hasta los cuatro a\u00f1os; ese es un logro, ya ahora depende de la operaci\u00f3n que le hicieron en Valpara\u00edso, ella actualmente se encuentra hospitalizada en el San Camilo, en cirug\u00eda infantil\u00bb, dijo su t\u00edo Danilo.<br \/>\nReconoci\u00f3 que esta enfermedad ha tra\u00eddo gastos que la familia no puede solventar, poniendo como ejemplo que una v\u00e1lvula que debe usar en su cabeza para su tratamiento, tiene un valor de 200 mil pesos, y ya ha ocupado dos porque lamentablemente se han infectado, debido a que tiene un virus en su cerebro, eso obliga a un cambio cada cierto tiempo.<br \/>\nPara poder cubrir esos gastos y los que se vienen, han decidido organizar un beneficio para juntar dinero.<br \/>\n\u00abCon todos los amigos y familiares que reun\u00ed en un grupo de WhatsApp, vamos a realizar una venta de pollo con agregado arroz y ensalada, eso va a tener un valor de dos mil pesos, tambi\u00e9n vamos a vender bebidas y otras cosas, todo lo que se junte va a ir en ayuda para mi sobrina\u00bb.<br \/>\nLa actividad se va a realizar en el sector de La Troya, una cuadra m\u00e1s arriba del local Rinc\u00f3n Troyano, porque all\u00e1 tienen los hornos de barro donde van a asar los pollos.<br \/>\n\u00abVamos a repartir con mi hermano a domicilio, no importa la cantidad, lo que nos interesa es juntar dinero para mi sobrino, por eso no hay cantidad m\u00ednima, la idea es colaborar con mi sobrina, puede ser uno, dos pollos, lo que sea se los vamos a dejar, todo suma as\u00ed es que hago un llamado especialmente a mis colegas de los colectivos, es f\u00e1cil, ya saben llegar a La Troya y colaborar no cuesta nada\u00bb, indic\u00f3.<br \/>\nEl tel\u00e9fono donde pueden hacer sus pedidos desde las 11:30 horas, es el 9 6278 668 con Danilo Contreras.<\/p>\n<p><span style=\"color: #ff0000;\"><strong>HIDROCEFALIA<\/strong><\/span><br \/>\nLa\u00a0hidrocefalia\u00a0es una condici\u00f3n que se presenta cuando se acumula demasiado l\u00edquido cefalorraqu\u00eddeo (LCR) dentro del cr\u00e1neo, lo que lleva a que se presente hinchaz\u00f3n del cerebro. Hidrocefalia significa precisamente \u2018agua en el cerebro\u2019. La hidrocefalia se debe a un problema con el flujo de este l\u00edquido que rodea el cerebro y la m\u00e9dula espinal, ayudando a amortiguar al primero. El exceso del l\u00edquido ejerce presi\u00f3n sobre el cerebro, lo cual lo empuja hacia arriba contra el cr\u00e1neo y da\u00f1a el tejido cerebral.<\/p>\n<figure id=\"attachment_85068\" aria-describedby=\"caption-attachment-85068\" style=\"width: 580px\" class=\"wp-caption alignnone\"><img data-recalc-dims=\"1\" loading=\"lazy\" decoding=\"async\" class=\"size-full wp-image-85068\" src=\"https:\/\/i0.wp.com\/www.eltrabajo.cl\/2017\/wp-content\/uploads\/2018\/03\/Leonor.jpg?resize=580%2C859\" alt=\"La peque\u00f1a Leonor se encuentra actualmente en el Hospital San Camilo.\" width=\"580\" height=\"859\" srcset=\"https:\/\/i0.wp.com\/eltrabajo.cl\/portal\/wp-content\/uploads\/2018\/03\/Leonor.jpg?w=580&amp;ssl=1 580w, https:\/\/i0.wp.com\/eltrabajo.cl\/portal\/wp-content\/uploads\/2018\/03\/Leonor.jpg?resize=101%2C150&amp;ssl=1 101w, https:\/\/i0.wp.com\/eltrabajo.cl\/portal\/wp-content\/uploads\/2018\/03\/Leonor.jpg?resize=203%2C300&amp;ssl=1 203w, https:\/\/i0.wp.com\/eltrabajo.cl\/portal\/wp-content\/uploads\/2018\/03\/Leonor.jpg?resize=400%2C592&amp;ssl=1 400w\" sizes=\"auto, (max-width: 580px) 100vw, 580px\" \/><figcaption id=\"caption-attachment-85068\" class=\"wp-caption-text\">La peque\u00f1a Leonor se encuentra actualmente en el Hospital San Camilo.<\/figcaption><\/figure>\n<figure id=\"attachment_85066\" aria-describedby=\"caption-attachment-85066\" style=\"width: 580px\" class=\"wp-caption alignnone\"><img data-recalc-dims=\"1\" loading=\"lazy\" decoding=\"async\" class=\"size-full wp-image-85066\" src=\"https:\/\/i0.wp.com\/www.eltrabajo.cl\/2017\/wp-content\/uploads\/2018\/03\/Daisy-Fernandez-copia.jpg?resize=580%2C399\" alt=\"En nuestra edici\u00f3n tambi\u00e9n dimos cuenta del caso de Daisy Fern\u00e1ndez, vecina de Calle Ancha, como muchos otros necesitan el apoyo de sus vecinos para salir adelante.\" width=\"580\" height=\"399\" srcset=\"https:\/\/i0.wp.com\/eltrabajo.cl\/portal\/wp-content\/uploads\/2018\/03\/Daisy-Fernandez-copia.jpg?w=580&amp;ssl=1 580w, https:\/\/i0.wp.com\/eltrabajo.cl\/portal\/wp-content\/uploads\/2018\/03\/Daisy-Fernandez-copia.jpg?resize=200%2C138&amp;ssl=1 200w, https:\/\/i0.wp.com\/eltrabajo.cl\/portal\/wp-content\/uploads\/2018\/03\/Daisy-Fernandez-copia.jpg?resize=300%2C206&amp;ssl=1 300w, https:\/\/i0.wp.com\/eltrabajo.cl\/portal\/wp-content\/uploads\/2018\/03\/Daisy-Fernandez-copia.jpg?resize=218%2C150&amp;ssl=1 218w, https:\/\/i0.wp.com\/eltrabajo.cl\/portal\/wp-content\/uploads\/2018\/03\/Daisy-Fernandez-copia.jpg?resize=400%2C275&amp;ssl=1 400w\" sizes=\"auto, (max-width: 580px) 100vw, 580px\" \/><figcaption id=\"caption-attachment-85066\" class=\"wp-caption-text\">En nuestra edici\u00f3n tambi\u00e9n dimos cuenta del caso de Daisy Fern\u00e1ndez, vecina de Calle Ancha, como muchos otros necesitan el apoyo de sus vecinos para salir adelante.<\/figcaption><\/figure>\n","protected":false},"excerpt":{"rendered":"<p>Venta de pollo con agregado para juntar plata y pagar gastos:\u00a0Enfermos y sus familias deben seguir organizando rifas, bingos y otras actividades para intentar seguir con vida La familia de la menor&#8230;<\/p>\n","protected":false},"author":1,"featured_media":85067,"comment_status":"open","ping_status":"open","sticky":false,"template":"","format":"standard","meta":{"advanced_seo_description":"","jetpack_seo_html_title":"","jetpack_seo_noindex":false,"_jetpack_memberships_contains_paid_content":false,"footnotes":""},"categories":[15],"tags":[],"class_list":["post-85065","post","type-post","status-publish","format-standard","has-post-thumbnail","hentry","category-comunidad"],"jetpack_featured_media_url":"https:\/\/i0.wp.com\/eltrabajo.cl\/portal\/wp-content\/uploads\/2018\/03\/hidrocefalia-referencial.jpg?fit=580%2C443&ssl=1","jetpack_sharing_enabled":true,"jetpack_likes_enabled":true,"jetpack-related-posts":[],"_links":{"self":[{"href":"https:\/\/eltrabajo.cl\/portal\/wp-json\/wp\/v2\/posts\/85065","targetHints":{"allow":["GET"]}}],"collection":[{"href":"https:\/\/eltrabajo.cl\/portal\/wp-json\/wp\/v2\/posts"}],"about":[{"href":"https:\/\/eltrabajo.cl\/portal\/wp-json\/wp\/v2\/types\/post"}],"author":[{"embeddable":true,"href":"https:\/\/eltrabajo.cl\/portal\/wp-json\/wp\/v2\/users\/1"}],"replies":[{"embeddable":true,"href":"https:\/\/eltrabajo.cl\/portal\/wp-json\/wp\/v2\/comments?post=85065"}],"version-history":[{"count":0,"href":"https:\/\/eltrabajo.cl\/portal\/wp-json\/wp\/v2\/posts\/85065\/revisions"}],"wp:featuredmedia":[{"embeddable":true,"href":"https:\/\/eltrabajo.cl\/portal\/wp-json\/wp\/v2\/media\/85067"}],"wp:attachment":[{"href":"https:\/\/eltrabajo.cl\/portal\/wp-json\/wp\/v2\/media?parent=85065"}],"wp:term":[{"taxonomy":"category","embeddable":true,"href":"https:\/\/eltrabajo.cl\/portal\/wp-json\/wp\/v2\/categories?post=85065"},{"taxonomy":"post_tag","embeddable":true,"href":"https:\/\/eltrabajo.cl\/portal\/wp-json\/wp\/v2\/tags?post=85065"}],"curies":[{"name":"wp","href":"https:\/\/api.w.org\/{rel}","templated":true}]}}