{"id":85070,"date":"2018-03-05T05:00:14","date_gmt":"2018-03-05T09:00:14","guid":{"rendered":"http:\/\/www.eltrabajo.cl\/2017\/?p=85070"},"modified":"2018-03-05T05:00:14","modified_gmt":"2018-03-05T09:00:14","slug":"circulo-de-sordos-de-san-felipe-celebro-su-primer-aniversario","status":"publish","type":"post","link":"https:\/\/eltrabajo.cl\/portal\/circulo-de-sordos-de-san-felipe-celebro-su-primer-aniversario\/","title":{"rendered":"C\u00edrculo de Sordos de San Felipe celebr\u00f3 su primer aniversario"},"content":{"rendered":"<figure id=\"attachment_85073\" aria-describedby=\"caption-attachment-85073\" style=\"width: 580px\" class=\"wp-caption alignnone\"><img data-recalc-dims=\"1\" loading=\"lazy\" decoding=\"async\" class=\"size-full wp-image-85073\" src=\"https:\/\/i0.wp.com\/www.eltrabajo.cl\/2017\/wp-content\/uploads\/2018\/03\/Sordos2.jpg?resize=580%2C400\" alt=\"DULCE ANIVERSARIO.- Esta es la torta cumplea\u00f1era que disfrutaron todos en la celebraci\u00f3n del primer aniversario de la instituci\u00f3n.\" width=\"580\" height=\"400\" srcset=\"https:\/\/i0.wp.com\/eltrabajo.cl\/portal\/wp-content\/uploads\/2018\/03\/Sordos2.jpg?w=580&amp;ssl=1 580w, https:\/\/i0.wp.com\/eltrabajo.cl\/portal\/wp-content\/uploads\/2018\/03\/Sordos2.jpg?resize=200%2C138&amp;ssl=1 200w, https:\/\/i0.wp.com\/eltrabajo.cl\/portal\/wp-content\/uploads\/2018\/03\/Sordos2.jpg?resize=300%2C207&amp;ssl=1 300w, https:\/\/i0.wp.com\/eltrabajo.cl\/portal\/wp-content\/uploads\/2018\/03\/Sordos2.jpg?resize=218%2C150&amp;ssl=1 218w, https:\/\/i0.wp.com\/eltrabajo.cl\/portal\/wp-content\/uploads\/2018\/03\/Sordos2.jpg?resize=400%2C276&amp;ssl=1 400w\" sizes=\"auto, (max-width: 580px) 100vw, 580px\" \/><figcaption id=\"caption-attachment-85073\" class=\"wp-caption-text\">DULCE ANIVERSARIO.- Esta es la torta cumplea\u00f1era que disfrutaron todos en la celebraci\u00f3n del primer aniversario de la instituci\u00f3n.<\/figcaption><\/figure>\n<ul>\n<li><span style=\"color: #ff0000;\"><strong>Mientras anuncia su Curso de Lengua de Se\u00f1as:<\/strong><\/span><\/li>\n<\/ul>\n<p>Agrupaci\u00f3n invita a la comunidad sorda del valle a participar y generar proyectos. Este mi\u00e9rcoles 14 de marzo iniciar\u00e1 la primera clase del curso \u2018Lengua de se\u00f1as y Cultura sorda\u2019.<br \/>\nEste s\u00e1bado se desarroll\u00f3 en un tranquilo ambiente de amistad y calma familiar, el primer aniversario del C\u00edrculo de Sordos de San Felipe, actividad que se desarroll\u00f3 en las dependencias del Ciem Aconcagua, en El Almendral. Esta agrupaci\u00f3n re\u00fane a m\u00e1s de 25 personas sordas del Valle de Aconcagua y es una iniciativa de bien social que naci\u00f3 el 27 de febrero de 2017, ya que este proyecto trata no s\u00f3lo con 25 sordos del valle, sino tambi\u00e9n con sus respectivas familias.<br \/>\nGustavo Salinas, presidente de la agrupaci\u00f3n, habl\u00f3 con Diario El Trabajo sobre la actividad, \u00abmuy contentos todos, este fue nuestro primer aniversario de existencia como C\u00edrculo, hicimos hace un a\u00f1o la invitaci\u00f3n a toda la comunidad sorda del valle para poder as\u00ed generar proyectos en su beneficio, las puertas de nuestra instituci\u00f3n siguen abiertas para quienes quieran unirse o bien participar en nuestro curso de Lengua de se\u00f1as, logramos hacer nuestra presentaci\u00f3n en Sociedad, ya la gente nos conoce y ese tambi\u00e9n es nuestro objetivo\u00bb, dijo el directivo.<br \/>\nA la actividad tambi\u00e9n llegaron amigos y familiares de las personas sordas, as\u00ed como el Dideco de San Felipe, Pablo Silva, quien aplaudi\u00f3 esta importante iniciativa.<\/p>\n<p><span style=\"color: #ff0000;\"><strong>CURSO 14 DE MARZO<\/strong><\/span><br \/>\nSalinas tambi\u00e9n aprovech\u00f3 para recordar a nuestros lectores que este mes partir\u00e1 un curso muy especial sobre lengua de se\u00f1as.<br \/>\n\u00ab\u2018Lengua de se\u00f1as y Cultura sorda\u2019 ser\u00e1 el curso que iniciar\u00e1 este 14 de marzo en el Ciem Aconcagua, este Taller est\u00e1 abierto a la comunidad y lo impartiremos todos los mi\u00e9rcoles de las 18:30 a las 20:30 horas, el costo total del curso es de $5.000 la matr\u00edcula y $40.000 el arancel, el fono para los +56974058562\u00bb, dijo Salinas.<br \/>\n<strong>&#8211; \u00bfQui\u00e9nes desarrollar\u00e1n este curso?<\/strong><br \/>\n&#8211; Este curso lo estar\u00e1 desarrollando nuestro equipo de profesionales del C\u00edrculo de Sordos San Felipe, compuesto por: los int\u00e9rpretes Patricio Cordero, Valeria Zamora y Karem Mu\u00f1oz, son cinco clases iniciales de dos horas cada una, diez horas en total, luego hay otros cursos, pero \u00e9ste es el inicial.<br \/>\n<strong>Roberto Gonz\u00e1lez Short<\/strong><br \/>\n<strong>Fotos: Kai Carvajal<\/strong><\/p>\n<figure id=\"attachment_85071\" aria-describedby=\"caption-attachment-85071\" style=\"width: 580px\" class=\"wp-caption alignnone\"><img data-recalc-dims=\"1\" loading=\"lazy\" decoding=\"async\" class=\"size-full wp-image-85071\" src=\"https:\/\/i0.wp.com\/www.eltrabajo.cl\/2017\/wp-content\/uploads\/2018\/03\/Sordos_Gustavo-Salinas.jpg?resize=580%2C399\" alt=\"Presidente del C\u00edrculo de Sordos de San Felipe, Gustavo Salinas.\" width=\"580\" height=\"399\" srcset=\"https:\/\/i0.wp.com\/eltrabajo.cl\/portal\/wp-content\/uploads\/2018\/03\/Sordos_Gustavo-Salinas.jpg?w=580&amp;ssl=1 580w, https:\/\/i0.wp.com\/eltrabajo.cl\/portal\/wp-content\/uploads\/2018\/03\/Sordos_Gustavo-Salinas.jpg?resize=200%2C138&amp;ssl=1 200w, https:\/\/i0.wp.com\/eltrabajo.cl\/portal\/wp-content\/uploads\/2018\/03\/Sordos_Gustavo-Salinas.jpg?resize=300%2C206&amp;ssl=1 300w, https:\/\/i0.wp.com\/eltrabajo.cl\/portal\/wp-content\/uploads\/2018\/03\/Sordos_Gustavo-Salinas.jpg?resize=218%2C150&amp;ssl=1 218w, https:\/\/i0.wp.com\/eltrabajo.cl\/portal\/wp-content\/uploads\/2018\/03\/Sordos_Gustavo-Salinas.jpg?resize=400%2C275&amp;ssl=1 400w\" sizes=\"auto, (max-width: 580px) 100vw, 580px\" \/><figcaption id=\"caption-attachment-85071\" class=\"wp-caption-text\">Presidente del C\u00edrculo de Sordos de San Felipe, Gustavo Salinas.<\/figcaption><\/figure>\n<figure id=\"attachment_85072\" aria-describedby=\"caption-attachment-85072\" style=\"width: 580px\" class=\"wp-caption alignnone\"><img data-recalc-dims=\"1\" loading=\"lazy\" decoding=\"async\" class=\"size-full wp-image-85072\" src=\"https:\/\/i0.wp.com\/www.eltrabajo.cl\/2017\/wp-content\/uploads\/2018\/03\/Sordos1.jpg?resize=580%2C400\" alt=\"UN A\u00d1O DE TRABAJO Y PROGRESO.- Decenas de madres y padres de personas sordas asistieron con alegr\u00eda a celebrar este primer aniversario del C\u00edrculo de Sordos San Felipe.\" width=\"580\" height=\"400\" srcset=\"https:\/\/i0.wp.com\/eltrabajo.cl\/portal\/wp-content\/uploads\/2018\/03\/Sordos1.jpg?w=580&amp;ssl=1 580w, https:\/\/i0.wp.com\/eltrabajo.cl\/portal\/wp-content\/uploads\/2018\/03\/Sordos1.jpg?resize=200%2C138&amp;ssl=1 200w, https:\/\/i0.wp.com\/eltrabajo.cl\/portal\/wp-content\/uploads\/2018\/03\/Sordos1.jpg?resize=300%2C207&amp;ssl=1 300w, https:\/\/i0.wp.com\/eltrabajo.cl\/portal\/wp-content\/uploads\/2018\/03\/Sordos1.jpg?resize=218%2C150&amp;ssl=1 218w, https:\/\/i0.wp.com\/eltrabajo.cl\/portal\/wp-content\/uploads\/2018\/03\/Sordos1.jpg?resize=400%2C276&amp;ssl=1 400w\" sizes=\"auto, (max-width: 580px) 100vw, 580px\" \/><figcaption id=\"caption-attachment-85072\" class=\"wp-caption-text\">UN A\u00d1O DE TRABAJO Y PROGRESO.- Decenas de madres y padres de personas sordas asistieron con alegr\u00eda a celebrar este primer aniversario del C\u00edrculo de Sordos San Felipe.<\/figcaption><\/figure>\n<p><img data-recalc-dims=\"1\" loading=\"lazy\" decoding=\"async\" class=\"alignnone size-full wp-image-85074\" src=\"https:\/\/i0.wp.com\/www.eltrabajo.cl\/2017\/wp-content\/uploads\/2018\/03\/Sordos3.jpg?resize=580%2C400\" alt=\"\" width=\"580\" height=\"400\" srcset=\"https:\/\/i0.wp.com\/eltrabajo.cl\/portal\/wp-content\/uploads\/2018\/03\/Sordos3.jpg?w=580&amp;ssl=1 580w, https:\/\/i0.wp.com\/eltrabajo.cl\/portal\/wp-content\/uploads\/2018\/03\/Sordos3.jpg?resize=200%2C138&amp;ssl=1 200w, https:\/\/i0.wp.com\/eltrabajo.cl\/portal\/wp-content\/uploads\/2018\/03\/Sordos3.jpg?resize=300%2C207&amp;ssl=1 300w, https:\/\/i0.wp.com\/eltrabajo.cl\/portal\/wp-content\/uploads\/2018\/03\/Sordos3.jpg?resize=218%2C150&amp;ssl=1 218w, https:\/\/i0.wp.com\/eltrabajo.cl\/portal\/wp-content\/uploads\/2018\/03\/Sordos3.jpg?resize=400%2C276&amp;ssl=1 400w\" sizes=\"auto, (max-width: 580px) 100vw, 580px\" \/><\/p>\n","protected":false},"excerpt":{"rendered":"<p>Mientras anuncia su Curso de Lengua de Se\u00f1as: Agrupaci\u00f3n invita a la comunidad sorda del valle a participar y generar proyectos. Este mi\u00e9rcoles 14 de marzo iniciar\u00e1 la primera clase del curso&#8230;<\/p>\n","protected":false},"author":1,"featured_media":85072,"comment_status":"open","ping_status":"open","sticky":false,"template":"","format":"standard","meta":{"advanced_seo_description":"","jetpack_seo_html_title":"","jetpack_seo_noindex":false,"_jetpack_memberships_contains_paid_content":false,"footnotes":""},"categories":[15],"tags":[],"class_list":["post-85070","post","type-post","status-publish","format-standard","has-post-thumbnail","hentry","category-comunidad"],"jetpack_featured_media_url":"https:\/\/i0.wp.com\/eltrabajo.cl\/portal\/wp-content\/uploads\/2018\/03\/Sordos1.jpg?fit=580%2C400&ssl=1","jetpack_sharing_enabled":true,"jetpack_likes_enabled":true,"jetpack-related-posts":[],"_links":{"self":[{"href":"https:\/\/eltrabajo.cl\/portal\/wp-json\/wp\/v2\/posts\/85070","targetHints":{"allow":["GET"]}}],"collection":[{"href":"https:\/\/eltrabajo.cl\/portal\/wp-json\/wp\/v2\/posts"}],"about":[{"href":"https:\/\/eltrabajo.cl\/portal\/wp-json\/wp\/v2\/types\/post"}],"author":[{"embeddable":true,"href":"https:\/\/eltrabajo.cl\/portal\/wp-json\/wp\/v2\/users\/1"}],"replies":[{"embeddable":true,"href":"https:\/\/eltrabajo.cl\/portal\/wp-json\/wp\/v2\/comments?post=85070"}],"version-history":[{"count":0,"href":"https:\/\/eltrabajo.cl\/portal\/wp-json\/wp\/v2\/posts\/85070\/revisions"}],"wp:featuredmedia":[{"embeddable":true,"href":"https:\/\/eltrabajo.cl\/portal\/wp-json\/wp\/v2\/media\/85072"}],"wp:attachment":[{"href":"https:\/\/eltrabajo.cl\/portal\/wp-json\/wp\/v2\/media?parent=85070"}],"wp:term":[{"taxonomy":"category","embeddable":true,"href":"https:\/\/eltrabajo.cl\/portal\/wp-json\/wp\/v2\/categories?post=85070"},{"taxonomy":"post_tag","embeddable":true,"href":"https:\/\/eltrabajo.cl\/portal\/wp-json\/wp\/v2\/tags?post=85070"}],"curies":[{"name":"wp","href":"https:\/\/api.w.org\/{rel}","templated":true}]}}