{"id":85103,"date":"2018-03-06T05:03:46","date_gmt":"2018-03-06T09:03:46","guid":{"rendered":"http:\/\/www.eltrabajo.cl\/2017\/?p=85103"},"modified":"2018-03-06T05:03:46","modified_gmt":"2018-03-06T09:03:46","slug":"grave-caso-de-maltrato-animal-conmueve-a-vecinos-de-rinconada","status":"publish","type":"post","link":"https:\/\/eltrabajo.cl\/portal\/grave-caso-de-maltrato-animal-conmueve-a-vecinos-de-rinconada\/","title":{"rendered":"Grave caso de maltrato animal conmueve a vecinos de Rinconada"},"content":{"rendered":"<figure id=\"attachment_85104\" aria-describedby=\"caption-attachment-85104\" style=\"width: 580px\" class=\"wp-caption alignnone\"><img data-recalc-dims=\"1\" loading=\"lazy\" decoding=\"async\" class=\"size-full wp-image-85104\" src=\"https:\/\/i0.wp.com\/www.eltrabajo.cl\/2017\/wp-content\/uploads\/2018\/03\/perrita-daniela-1.jpg?resize=580%2C398\" alt=\"Una crueldad sin justificaci\u00f3n caus\u00f3 la p\u00e9rdida de uno de sus ojos a una perrita comunitaria de nombre Daniela.\" width=\"580\" height=\"398\" srcset=\"https:\/\/i0.wp.com\/eltrabajo.cl\/portal\/wp-content\/uploads\/2018\/03\/perrita-daniela-1.jpg?w=580&amp;ssl=1 580w, https:\/\/i0.wp.com\/eltrabajo.cl\/portal\/wp-content\/uploads\/2018\/03\/perrita-daniela-1.jpg?resize=200%2C137&amp;ssl=1 200w, https:\/\/i0.wp.com\/eltrabajo.cl\/portal\/wp-content\/uploads\/2018\/03\/perrita-daniela-1.jpg?resize=300%2C206&amp;ssl=1 300w, https:\/\/i0.wp.com\/eltrabajo.cl\/portal\/wp-content\/uploads\/2018\/03\/perrita-daniela-1.jpg?resize=219%2C150&amp;ssl=1 219w, https:\/\/i0.wp.com\/eltrabajo.cl\/portal\/wp-content\/uploads\/2018\/03\/perrita-daniela-1.jpg?resize=400%2C274&amp;ssl=1 400w\" sizes=\"auto, (max-width: 580px) 100vw, 580px\" \/><figcaption id=\"caption-attachment-85104\" class=\"wp-caption-text\">Una crueldad sin justificaci\u00f3n caus\u00f3 la p\u00e9rdida de uno de sus ojos a una perrita comunitaria de nombre Daniela.<\/figcaption><\/figure>\n<ul>\n<li><strong><span style=\"color: #ff0000;\">Agrupaciones animalistas interpondr\u00e1n denuncia:<\/span>\u00a0ONG \u2018Somos tu voz\u2019 y la Agrupaci\u00f3n de Protecci\u00f3n Animal de Los Andes se har\u00e1n cargo de una denuncia existente en Rinconada, donde una perrita comunitaria del sector fue atacada por una persona, la cual sufri\u00f3 la p\u00e9rdida de un ojo.<\/strong><\/li>\n<\/ul>\n<p><strong>RINCONADA.-<\/strong> La madrugada del s\u00e1bado en el pasaje los Guindos de la villa Los Jardines de Rinconada, una perrita llamada \u2018Daniela\u2019 que vive en el sector, de aproximadamente 10 a\u00f1os, fue atacada brutalmente con un palo, lo que conllev\u00f3 que \u00e9sta perdiera un ojo y fuera trasladada en estado grave hasta una cl\u00ednica veterinaria en San Felipe, donde se encuentra en proceso de recuperaci\u00f3n.<br \/>\nEsta situaci\u00f3n fue vista por vecinos que escucharon los gemidos de la perrita atacada, quienes posteriormente le arrebataron el animal a un joven que la estaba agrediendo, huyendo \u00e9ste del lugar.<br \/>\nA ra\u00edz de esto, una vecina qued\u00f3 a cargo de la perrita e hizo la denuncia en la PDI, para que pusieran los antecedentes para ser investigados por la fiscal\u00eda.<br \/>\nJunto con lo anterior, la organizaci\u00f3n animalista ONG \u2018Somos tu voz\u2019 y la Agrupaci\u00f3n Protecci\u00f3n Animal Los Andes, interpondr\u00e1n otra denuncia con m\u00e1s antecedentes e informes cl\u00ednicos de la salud de la perrita, con el fin de aportar antecedentes a la investigaci\u00f3n para que el supuesto agresor, que ya estar\u00eda identificado, sea investigado en base a la nueva ley de tenencia responsable de mascotas que rige en el pa\u00eds desde el a\u00f1o pasado.<br \/>\nAl respecto, Paola Donoso, presidenta de la ONG \u2018Somos tu Voz\u2019 de Los Andes, sostuvo que \u201crepudiamos este hecho lamentable, donde fue atacada sin motivos esta perrita, por lo que realizaremos la denuncia correspondiente para que se haga efectiva la ley \u2018cholito\u2019 y no vuelvan a suceder este tipo de hechos y que los culpables no lo vuelvan a repetir\u201d.<br \/>\nPor su parte, la concejal de Los Andes y vocera de la Agrupaci\u00f3n de Protecci\u00f3n Animal, Nury Tapia, manifest\u00f3 que \u201cno podemos dejar pasar estos maltratos, ya que en Chile existe una ley que los protege y los culpables deben ser sancionados, por lo que llamamos a los vecinos a poner las denuncias correspondientes cuando sean testigos de este tipo de hechos y no queden impunes\u201d.<br \/>\nCabe mencionar que la perrita Daniela vive hace a\u00f1os en el sector, siendo alimentada y cuidada por vecinos, por lo que este ataque fue altamente criticado por el entorno del sector, quienes est\u00e1n dispuestos a aportar todos los antecedentes necesarios para que se cumpla la ley en este caso de maltrato animal.<br \/>\nDaniela est\u00e1 hoy en d\u00eda internada en la cl\u00ednica veterinaria Alc\u00e1ntara de San Felipe, donde permanece en estado de observaci\u00f3n por la p\u00e9rdida de un ojo producto de un trauma craneano y un TEC cerrado que la tiene sin control de esf\u00ednter, aunque se espera una pronta recuperaci\u00f3n.<\/p>\n<figure id=\"attachment_85105\" aria-describedby=\"caption-attachment-85105\" style=\"width: 580px\" class=\"wp-caption alignnone\"><img data-recalc-dims=\"1\" loading=\"lazy\" decoding=\"async\" class=\"size-full wp-image-85105\" src=\"https:\/\/i0.wp.com\/www.eltrabajo.cl\/2017\/wp-content\/uploads\/2018\/03\/perrita-daniela-2.jpg?resize=580%2C399\" alt=\"Pese al grave da\u00f1o sufrido por la perrita, \u00e9sta se recupera lentamente en la cl\u00ednica veterinaria Alc\u00e1ntara de San Felipe.\" width=\"580\" height=\"399\" srcset=\"https:\/\/i0.wp.com\/eltrabajo.cl\/portal\/wp-content\/uploads\/2018\/03\/perrita-daniela-2.jpg?w=580&amp;ssl=1 580w, https:\/\/i0.wp.com\/eltrabajo.cl\/portal\/wp-content\/uploads\/2018\/03\/perrita-daniela-2.jpg?resize=200%2C138&amp;ssl=1 200w, https:\/\/i0.wp.com\/eltrabajo.cl\/portal\/wp-content\/uploads\/2018\/03\/perrita-daniela-2.jpg?resize=300%2C206&amp;ssl=1 300w, https:\/\/i0.wp.com\/eltrabajo.cl\/portal\/wp-content\/uploads\/2018\/03\/perrita-daniela-2.jpg?resize=218%2C150&amp;ssl=1 218w, https:\/\/i0.wp.com\/eltrabajo.cl\/portal\/wp-content\/uploads\/2018\/03\/perrita-daniela-2.jpg?resize=400%2C275&amp;ssl=1 400w\" sizes=\"auto, (max-width: 580px) 100vw, 580px\" \/><figcaption id=\"caption-attachment-85105\" class=\"wp-caption-text\">Pese al grave da\u00f1o sufrido por la perrita, \u00e9sta se recupera lentamente en la cl\u00ednica veterinaria Alc\u00e1ntara de San Felipe.<\/figcaption><\/figure>\n","protected":false},"excerpt":{"rendered":"<p>Agrupaciones animalistas interpondr\u00e1n denuncia:\u00a0ONG \u2018Somos tu voz\u2019 y la Agrupaci\u00f3n de Protecci\u00f3n Animal de Los Andes se har\u00e1n cargo de una denuncia existente en Rinconada, donde una perrita comunitaria del sector fue&#8230;<\/p>\n","protected":false},"author":1,"featured_media":85105,"comment_status":"open","ping_status":"open","sticky":false,"template":"","format":"standard","meta":{"advanced_seo_description":"","jetpack_seo_html_title":"","jetpack_seo_noindex":false,"_jetpack_memberships_contains_paid_content":false,"footnotes":""},"categories":[15],"tags":[],"class_list":["post-85103","post","type-post","status-publish","format-standard","has-post-thumbnail","hentry","category-comunidad"],"jetpack_featured_media_url":"https:\/\/i0.wp.com\/eltrabajo.cl\/portal\/wp-content\/uploads\/2018\/03\/perrita-daniela-2.jpg?fit=580%2C399&ssl=1","jetpack_sharing_enabled":true,"jetpack_likes_enabled":true,"jetpack-related-posts":[],"_links":{"self":[{"href":"https:\/\/eltrabajo.cl\/portal\/wp-json\/wp\/v2\/posts\/85103","targetHints":{"allow":["GET"]}}],"collection":[{"href":"https:\/\/eltrabajo.cl\/portal\/wp-json\/wp\/v2\/posts"}],"about":[{"href":"https:\/\/eltrabajo.cl\/portal\/wp-json\/wp\/v2\/types\/post"}],"author":[{"embeddable":true,"href":"https:\/\/eltrabajo.cl\/portal\/wp-json\/wp\/v2\/users\/1"}],"replies":[{"embeddable":true,"href":"https:\/\/eltrabajo.cl\/portal\/wp-json\/wp\/v2\/comments?post=85103"}],"version-history":[{"count":0,"href":"https:\/\/eltrabajo.cl\/portal\/wp-json\/wp\/v2\/posts\/85103\/revisions"}],"wp:featuredmedia":[{"embeddable":true,"href":"https:\/\/eltrabajo.cl\/portal\/wp-json\/wp\/v2\/media\/85105"}],"wp:attachment":[{"href":"https:\/\/eltrabajo.cl\/portal\/wp-json\/wp\/v2\/media?parent=85103"}],"wp:term":[{"taxonomy":"category","embeddable":true,"href":"https:\/\/eltrabajo.cl\/portal\/wp-json\/wp\/v2\/categories?post=85103"},{"taxonomy":"post_tag","embeddable":true,"href":"https:\/\/eltrabajo.cl\/portal\/wp-json\/wp\/v2\/tags?post=85103"}],"curies":[{"name":"wp","href":"https:\/\/api.w.org\/{rel}","templated":true}]}}