{"id":85107,"date":"2018-03-06T05:04:26","date_gmt":"2018-03-06T09:04:26","guid":{"rendered":"http:\/\/www.eltrabajo.cl\/2017\/?p=85107"},"modified":"2018-03-06T05:04:26","modified_gmt":"2018-03-06T09:04:26","slug":"con-vestuario-disenado-por-un-sanfelipeno-pelicula-chilena-gano-su-premio-oscar","status":"publish","type":"post","link":"https:\/\/eltrabajo.cl\/portal\/con-vestuario-disenado-por-un-sanfelipeno-pelicula-chilena-gano-su-premio-oscar\/","title":{"rendered":"Con vestuario dise\u00f1ado por un sanfelipe\u00f1o, pel\u00edcula chilena gan\u00f3 su Premio Oscar"},"content":{"rendered":"<figure id=\"attachment_85108\" aria-describedby=\"caption-attachment-85108\" style=\"width: 580px\" class=\"wp-caption alignnone\"><img data-recalc-dims=\"1\" loading=\"lazy\" decoding=\"async\" class=\"size-full wp-image-85108\" src=\"https:\/\/i0.wp.com\/www.eltrabajo.cl\/2017\/wp-content\/uploads\/2018\/03\/Fantastica_Felipe-Criado.jpg?resize=580%2C580\" alt=\"Felipe Criado, vestuarista de cine y televisi\u00f3n.\" width=\"580\" height=\"580\" srcset=\"https:\/\/i0.wp.com\/eltrabajo.cl\/portal\/wp-content\/uploads\/2018\/03\/Fantastica_Felipe-Criado.jpg?w=580&amp;ssl=1 580w, https:\/\/i0.wp.com\/eltrabajo.cl\/portal\/wp-content\/uploads\/2018\/03\/Fantastica_Felipe-Criado.jpg?resize=150%2C150&amp;ssl=1 150w, https:\/\/i0.wp.com\/eltrabajo.cl\/portal\/wp-content\/uploads\/2018\/03\/Fantastica_Felipe-Criado.jpg?resize=300%2C300&amp;ssl=1 300w, https:\/\/i0.wp.com\/eltrabajo.cl\/portal\/wp-content\/uploads\/2018\/03\/Fantastica_Felipe-Criado.jpg?resize=400%2C400&amp;ssl=1 400w\" sizes=\"auto, (max-width: 580px) 100vw, 580px\" \/><figcaption id=\"caption-attachment-85108\" class=\"wp-caption-text\">Felipe Criado, vestuarista de cine y televisi\u00f3n.<\/figcaption><\/figure>\n<ul>\n<li><span style=\"color: #ff0000;\"><strong>Vestuarista Felipe Criado en Exclusiva con Diario El Trabajo:<\/strong><\/span><\/li>\n<\/ul>\n<p>Nuevamente el nombre de Chile es pronunciado en el principal santuario del S\u00e9ptimo Arte hollywoodiense, luego que la pel\u00edcula Una mujer fant\u00e1stica, rodaje dirigido por Sebasti\u00e1n Lelio y protagonizada por la actriz transg\u00e9nero Daniela Vega, dieran vida y forma a uno de los temas socioculturales m\u00e1s vigentes de nuestra era a trav\u00e9s de una pel\u00edcula. Pero m\u00e1s all\u00e1 de compartir con nuestros lectores la importancia que este filme ya ganador de m\u00faltiples premios internacionales, lo que hoy queremos destacar de manera especial, es la relaci\u00f3n que tiene un artista sanfelipe\u00f1o con este gran proyecto cinematogr\u00e1fico.<\/p>\n<p><span style=\"color: #ff0000;\"><strong>ARTISTA SANFELIPE\u00d1O<\/strong><\/span><br \/>\nEstamos hablando de Felipe Criado, un vestuarista profesional de alta factura que particip\u00f3 muy de cerca en todo lo relacionado a esta pel\u00edcula chilena, \u00e9l es parte del equipo bajo la direcci\u00f3n de vestuario de la dise\u00f1adora Muriel Parra, y como asistente de Parra, uno de los que desarroll\u00f3 con ella el proyecto de la pel\u00edcula.<br \/>\nPor su relaci\u00f3n directa, pues naci\u00f3 en nuestra comuna y por su talento ya demostrado tambi\u00e9n en otros proyectos de Cine y Televisi\u00f3n, en Diario El Trabajo quisimos compartir con nuestros lectores c\u00f3mo Felipe ha escalado hasta el sitial en el que hoy se encuentra.<br \/>\n<strong>&#8211; \u00bfD\u00f3nde, cu\u00e1ndo y en qu\u00e9 circunstancias naciste?<\/strong><br \/>\n&#8211; Yo nac\u00ed en San Felipe hace 34 a\u00f1os, mi mam\u00e1 es sanfelipe\u00f1a y mi pap\u00e1 de Los Andes, nos cambiamos a Los Andes y termin\u00e9 mi Media en el Liceo Max Salas, luego estudi\u00e9 Actuaci\u00f3n en la Upla, en Valpara\u00edso, luego me vine a vivir a Santiago, pero a\u00fan tengo familiares viviendo en el Valle de Aconcagua.<br \/>\n<strong>&#8211; \u00bfC\u00f3mo se empieza a desarrollar tu carrera profesional?<\/strong><br \/>\n&#8211; Estudi\u00e9 tambi\u00e9n Direcci\u00f3n de Arte y comenc\u00e9 a meterme poco a poco en el mundo audiovisual, mi pr\u00e1ctica profesional y tambi\u00e9n mi primer trabajo fue en Pr\u00f3fugos para HBO hace cinco a\u00f1os aproximadamente, ah\u00ed conoc\u00ed a Muriel Parra, con quien naci\u00f3 una gran amistad, una dise\u00f1adora que lleva 25 a\u00f1os en el Medio y desde entonces empezamos a trabajar juntos.<br \/>\n<strong>&#8211; \u00bfEn qu\u00e9 proyectos importantes has participado y en cu\u00e1les est\u00e1s actualmente?<\/strong><br \/>\n&#8211; He trabajado en pel\u00edculas como Neruda, misma que gan\u00f3 premio a Mejor Vestuario en Premios F\u00e9nix, en M\u00e9xico; tambi\u00e9n puedo citar trabajos con Mar\u00eda Mariali Rivas, tambi\u00e9n ahora con Una mujer fant\u00e1stica y estoy con otra pel\u00edcula por estrenarse llamada Tarde para morir joven, estoy tambi\u00e9n en otro proyecto de Cine con la actriz peruana Magaly Solier.<br \/>\n<strong>&#8211; \u00bfCu\u00e1l es exactamente tu rol en la producci\u00f3n de Una mujer Fant\u00e1stica?<\/strong><br \/>\n&#8211; Mi trabajo es de Asistente de la dise\u00f1adora Muriel Parra, soy parte de su equipo, soy un vestuarista, en todos los proyectos que me he involucrado en audiovisuales siempre han sido en la parte del vestuario, en este caso en Una mujer fant\u00e1stica soy asistente de Muriel, eso quiere decir que nosotros armamos una propuesta y producimos todo lo que tiene que ver con el vestuario para llevar a cabo esta producci\u00f3n, elegimos en conjunto con la directora de Arte, Estefan\u00eda Larra\u00edn, y con el director, una l\u00ednea del personaje, luego empezamos a construir este personaje desde el vestuario para aportar a la visualidad de la pel\u00edcula. Siempre es un mismo proceso, una vez que establecemos el lineamiento de vestuario que el director quiere para el personaje, para poder contar as\u00ed un relato.<br \/>\n<strong>&#8211; \u00bfC\u00f3mo te ha ido y qu\u00e9 viene para tu futuro inmediato?<\/strong><br \/>\n&#8211; He tenido la suerte que en estos cinco a\u00f1os hall\u00e9 un buen nicho de trabajo, lo que agradezco mucho a Muriel Parra, ella me ha ense\u00f1ado mucho y me ha llevado en este camino. Para mi futuro inmediato viene un proyecto para HBO, no me puedo referir con detalles pues en estos proyectos hay que firmar contratos de confidencialidad, tambi\u00e9n viene una pr\u00f3xima pel\u00edcula y ya estamos tambi\u00e9n con una serie para Canal 13 que se empez\u00f3 a filmar hoy lunes en el sur de Chile (ayer).<br \/>\n<strong>&#8211; \u00bfQu\u00e9 opinas sobre este premio tan importante para una pel\u00edcula que toca a profundidad el tema transexual y homosexual?<\/strong><br \/>\n&#8211; Me parece muy bien que se abra el tema de la transexualidad, este es un tema bastante serio, no es tan vano como algunos piensan, es m\u00e1s profundo de lo que toda la gente lo ve, incluso cuando empezamos con este proyecto (la pel\u00edcula) tuvimos que indagar responsablemente lo que significa ser transg\u00e9nero como sensaci\u00f3n emocional, como car\u00e1cter es algo bien fuerte y bien lejano a lo que uno puede pensar, es muy importante interiorizarse con estos temas que ya est\u00e1n pasando y que seguir\u00e1n sucediendo, se est\u00e1 abriendo un nuevo camino para las nuevas generaciones (\u2026) aqu\u00ed lo importante no es si uno es gay, homosexual o heterosexual, lo que importa es validar a la persona por lo que es, por su talento y ya est\u00e1.<\/p>\n<p><span style=\"color: #ff0000;\"><strong>\u00bfTANTOS PREMIOS?<\/strong><\/span><br \/>\nHablando un poco de \u2018Una mujer fant\u00e1stica\u2019, podr\u00edamos se\u00f1alar que al ganar el Premio Oscar a la Mejor pel\u00edcula Extranjera 2018, este premio no es el primer galard\u00f3n que el trabajo del cineasta Sebasti\u00e1n Lelio, ya que seg\u00fan fuentes en Internet este rodaje ya recibi\u00f3 los siguientes galardones:<br \/>\n2017: Premios Oscar: Mejor pel\u00edcula de habla no inglesa.<br \/>\n2017: Festival de Berl\u00edn: Mejor gui\u00f3n.<br \/>\n2017: Globos de Oro: Nominada a Mejor pel\u00edcula de habla no inglesa.<br \/>\n2017: Premios Goya: Mejor pel\u00edcula hispanoamericana.<br \/>\n2017: Premios Independent Spirit: Mejor pel\u00edcula extranjera.<br \/>\n2017: National Board of Review (NBR): Mejores pel\u00edculas extranjeras del a\u00f1o.<br \/>\n2017: Critics Choice Awards: Nominada a mejor pel\u00edcula de habla no inglesa.<br \/>\n2017: Asociaci\u00f3n de Cr\u00edticos de Chicago: Nominada a mejor pel\u00edcula extranjera.<br \/>\n2017: Premios F\u00e9nix: Mejor pel\u00edcula, direcci\u00f3n y actriz (Daniela Vega).<br \/>\n2017: Festival de La Habana: Premio Coral Especial del Jurado y Mejor actriz (Vega).<\/p>\n<p><span style=\"color: #ff0000;\"><strong>\u00bfDE QU\u00c9 TRATA?<\/strong><\/span><br \/>\nOtros hitos de la pel\u00edcula sentencian que este Oscar es la segunda estatuilla en la historia del cine chileno tras el cortometraje animado Historia de un oso (tambi\u00e9n vinculado a San Felipe). La historia trata de Marina (Daniela Vega), una joven camarera aspirante a cantante y de Orlando (Francisco Reyes), 20 a\u00f1os mayor, quienes planean un futuro juntos. Tras una noche de fiesta, Marina lo lleva a Urgencias, pero \u00e9l muere al llegar al hospital. Ella debe entonces enfrentar las sospechas por su muerte. Su condici\u00f3n de mujer transexual supone para la familia de Orlando una completa aberraci\u00f3n. Ella tendr\u00e1 que luchar para convertirse en lo que es: una mujer fuerte, pasional, en una Mujer fant\u00e1stica.<br \/>\nSeg\u00fan algunos cr\u00edticos de cine calificados, Una mujer fant\u00e1stica consigue todo lo anterior mediante una maestr\u00eda melanc\u00f3lica gracias a la interpretaci\u00f3n de la actriz y cantante transexual Daniela Vega, quien lucha por hacer valer su dignidad con admirable estoicismo, hasta que es suficiente.<br \/>\n<strong>Roberto Gonz\u00e1lez Short<\/strong><\/p>\n<figure id=\"attachment_85109\" aria-describedby=\"caption-attachment-85109\" style=\"width: 580px\" class=\"wp-caption alignnone\"><img data-recalc-dims=\"1\" loading=\"lazy\" decoding=\"async\" class=\"size-full wp-image-85109\" src=\"https:\/\/i0.wp.com\/www.eltrabajo.cl\/2017\/wp-content\/uploads\/2018\/03\/Fantastica1.jpg?resize=580%2C400\" alt=\"\u00bfQUI\u00c9N DISE\u00d1\u00d3 SU ROPA?.- Contra viento y marea \u2018Marina\u2019 (Daniela Vega) se enfrenta a las adversidades como transg\u00e9nero, trama principal de Una mujer fant\u00e1stica.\" width=\"580\" height=\"400\" srcset=\"https:\/\/i0.wp.com\/eltrabajo.cl\/portal\/wp-content\/uploads\/2018\/03\/Fantastica1.jpg?w=580&amp;ssl=1 580w, https:\/\/i0.wp.com\/eltrabajo.cl\/portal\/wp-content\/uploads\/2018\/03\/Fantastica1.jpg?resize=200%2C138&amp;ssl=1 200w, https:\/\/i0.wp.com\/eltrabajo.cl\/portal\/wp-content\/uploads\/2018\/03\/Fantastica1.jpg?resize=300%2C207&amp;ssl=1 300w, https:\/\/i0.wp.com\/eltrabajo.cl\/portal\/wp-content\/uploads\/2018\/03\/Fantastica1.jpg?resize=218%2C150&amp;ssl=1 218w, https:\/\/i0.wp.com\/eltrabajo.cl\/portal\/wp-content\/uploads\/2018\/03\/Fantastica1.jpg?resize=400%2C276&amp;ssl=1 400w\" sizes=\"auto, (max-width: 580px) 100vw, 580px\" \/><figcaption id=\"caption-attachment-85109\" class=\"wp-caption-text\">\u00bfQUI\u00c9N DISE\u00d1\u00d3 SU ROPA?.- Contra viento y marea \u2018Marina\u2019 (Daniela Vega) se enfrenta a las adversidades como transg\u00e9nero, trama principal de Una mujer fant\u00e1stica.<\/figcaption><\/figure>\n<figure id=\"attachment_85110\" aria-describedby=\"caption-attachment-85110\" style=\"width: 580px\" class=\"wp-caption alignnone\"><img data-recalc-dims=\"1\" loading=\"lazy\" decoding=\"async\" class=\"size-full wp-image-85110\" src=\"https:\/\/i0.wp.com\/www.eltrabajo.cl\/2017\/wp-content\/uploads\/2018\/03\/Fantastica2.jpg?resize=580%2C400\" alt=\"BRILLANTE.- Cada detalle del vestuario de esta pel\u00edcula naci\u00f3 de la mente de un equipo de vestuario del que Felipe forma parte.\" width=\"580\" height=\"400\" srcset=\"https:\/\/i0.wp.com\/eltrabajo.cl\/portal\/wp-content\/uploads\/2018\/03\/Fantastica2.jpg?w=580&amp;ssl=1 580w, https:\/\/i0.wp.com\/eltrabajo.cl\/portal\/wp-content\/uploads\/2018\/03\/Fantastica2.jpg?resize=200%2C138&amp;ssl=1 200w, https:\/\/i0.wp.com\/eltrabajo.cl\/portal\/wp-content\/uploads\/2018\/03\/Fantastica2.jpg?resize=300%2C207&amp;ssl=1 300w, https:\/\/i0.wp.com\/eltrabajo.cl\/portal\/wp-content\/uploads\/2018\/03\/Fantastica2.jpg?resize=218%2C150&amp;ssl=1 218w, https:\/\/i0.wp.com\/eltrabajo.cl\/portal\/wp-content\/uploads\/2018\/03\/Fantastica2.jpg?resize=400%2C276&amp;ssl=1 400w\" sizes=\"auto, (max-width: 580px) 100vw, 580px\" \/><figcaption id=\"caption-attachment-85110\" class=\"wp-caption-text\">BRILLANTE.- Cada detalle del vestuario de esta pel\u00edcula naci\u00f3 de la mente de un equipo de vestuario del que Felipe forma parte.<\/figcaption><\/figure>\n<figure id=\"attachment_85111\" aria-describedby=\"caption-attachment-85111\" style=\"width: 580px\" class=\"wp-caption alignnone\"><img data-recalc-dims=\"1\" loading=\"lazy\" decoding=\"async\" class=\"size-full wp-image-85111\" src=\"https:\/\/i0.wp.com\/www.eltrabajo.cl\/2017\/wp-content\/uploads\/2018\/03\/Fantastica3.jpg?resize=580%2C400\" alt=\"EN LAS GRANDES LIGAS.- La noche de este lunes en Hollywood, California, la pel\u00edcula chilena Una mujer fant\u00e1stica recibi\u00f3 el Premio Oscar a la Mejor pel\u00edcula extranjera 2018.\" width=\"580\" height=\"400\" srcset=\"https:\/\/i0.wp.com\/eltrabajo.cl\/portal\/wp-content\/uploads\/2018\/03\/Fantastica3.jpg?w=580&amp;ssl=1 580w, https:\/\/i0.wp.com\/eltrabajo.cl\/portal\/wp-content\/uploads\/2018\/03\/Fantastica3.jpg?resize=200%2C138&amp;ssl=1 200w, https:\/\/i0.wp.com\/eltrabajo.cl\/portal\/wp-content\/uploads\/2018\/03\/Fantastica3.jpg?resize=300%2C207&amp;ssl=1 300w, https:\/\/i0.wp.com\/eltrabajo.cl\/portal\/wp-content\/uploads\/2018\/03\/Fantastica3.jpg?resize=218%2C150&amp;ssl=1 218w, https:\/\/i0.wp.com\/eltrabajo.cl\/portal\/wp-content\/uploads\/2018\/03\/Fantastica3.jpg?resize=400%2C276&amp;ssl=1 400w\" sizes=\"auto, (max-width: 580px) 100vw, 580px\" \/><figcaption id=\"caption-attachment-85111\" class=\"wp-caption-text\">EN LAS GRANDES LIGAS.- La noche de este lunes en Hollywood, California, la pel\u00edcula chilena Una mujer fant\u00e1stica recibi\u00f3 el Premio Oscar a la Mejor pel\u00edcula extranjera 2018.<\/figcaption><\/figure>\n","protected":false},"excerpt":{"rendered":"<p>Vestuarista Felipe Criado en Exclusiva con Diario El Trabajo: Nuevamente el nombre de Chile es pronunciado en el principal santuario del S\u00e9ptimo Arte hollywoodiense, luego que la pel\u00edcula Una mujer fant\u00e1stica, rodaje&#8230;<\/p>\n","protected":false},"author":1,"featured_media":85111,"comment_status":"open","ping_status":"open","sticky":false,"template":"","format":"standard","meta":{"advanced_seo_description":"","jetpack_seo_html_title":"","jetpack_seo_noindex":false,"_jetpack_memberships_contains_paid_content":false,"footnotes":""},"categories":[15],"tags":[],"class_list":["post-85107","post","type-post","status-publish","format-standard","has-post-thumbnail","hentry","category-comunidad"],"jetpack_featured_media_url":"https:\/\/i0.wp.com\/eltrabajo.cl\/portal\/wp-content\/uploads\/2018\/03\/Fantastica3.jpg?fit=580%2C400&ssl=1","jetpack_sharing_enabled":true,"jetpack_likes_enabled":true,"jetpack-related-posts":[],"_links":{"self":[{"href":"https:\/\/eltrabajo.cl\/portal\/wp-json\/wp\/v2\/posts\/85107","targetHints":{"allow":["GET"]}}],"collection":[{"href":"https:\/\/eltrabajo.cl\/portal\/wp-json\/wp\/v2\/posts"}],"about":[{"href":"https:\/\/eltrabajo.cl\/portal\/wp-json\/wp\/v2\/types\/post"}],"author":[{"embeddable":true,"href":"https:\/\/eltrabajo.cl\/portal\/wp-json\/wp\/v2\/users\/1"}],"replies":[{"embeddable":true,"href":"https:\/\/eltrabajo.cl\/portal\/wp-json\/wp\/v2\/comments?post=85107"}],"version-history":[{"count":0,"href":"https:\/\/eltrabajo.cl\/portal\/wp-json\/wp\/v2\/posts\/85107\/revisions"}],"wp:featuredmedia":[{"embeddable":true,"href":"https:\/\/eltrabajo.cl\/portal\/wp-json\/wp\/v2\/media\/85111"}],"wp:attachment":[{"href":"https:\/\/eltrabajo.cl\/portal\/wp-json\/wp\/v2\/media?parent=85107"}],"wp:term":[{"taxonomy":"category","embeddable":true,"href":"https:\/\/eltrabajo.cl\/portal\/wp-json\/wp\/v2\/categories?post=85107"},{"taxonomy":"post_tag","embeddable":true,"href":"https:\/\/eltrabajo.cl\/portal\/wp-json\/wp\/v2\/tags?post=85107"}],"curies":[{"name":"wp","href":"https:\/\/api.w.org\/{rel}","templated":true}]}}