{"id":85120,"date":"2018-03-07T05:00:18","date_gmt":"2018-03-07T09:00:18","guid":{"rendered":"http:\/\/www.eltrabajo.cl\/2017\/?p=85120"},"modified":"2018-03-07T05:00:18","modified_gmt":"2018-03-07T09:00:18","slug":"este-domingo-al-mediodia-celebraran-los-135-anos-de-bomberos-de-san-felipe","status":"publish","type":"post","link":"https:\/\/eltrabajo.cl\/portal\/este-domingo-al-mediodia-celebraran-los-135-anos-de-bomberos-de-san-felipe\/","title":{"rendered":"Este domingo al mediod\u00eda celebrar\u00e1n los 135 a\u00f1os de Bomberos de San Felipe"},"content":{"rendered":"<figure id=\"attachment_85122\" aria-describedby=\"caption-attachment-85122\" style=\"width: 578px\" class=\"wp-caption alignnone\"><img data-recalc-dims=\"1\" loading=\"lazy\" decoding=\"async\" class=\"size-full wp-image-85122\" src=\"https:\/\/i0.wp.com\/www.eltrabajo.cl\/2017\/wp-content\/uploads\/2018\/03\/Bomberos2.jpg?resize=578%2C367\" alt=\"SIEMPRE BOMBEROS.- Julio Hardoy inform\u00f3 que est\u00e1n a la espera del nuevo cami\u00f3n aljibe para la 21 de Mayo, m\u00e1quina valorada en $110 millones, ya est\u00e1 comprada, tiene una capacidad m\u00e1xima de 12.000 litros de alta presi\u00f3n.\" width=\"578\" height=\"367\" srcset=\"https:\/\/i0.wp.com\/eltrabajo.cl\/portal\/wp-content\/uploads\/2018\/03\/Bomberos2.jpg?w=578&amp;ssl=1 578w, https:\/\/i0.wp.com\/eltrabajo.cl\/portal\/wp-content\/uploads\/2018\/03\/Bomberos2.jpg?resize=200%2C127&amp;ssl=1 200w, https:\/\/i0.wp.com\/eltrabajo.cl\/portal\/wp-content\/uploads\/2018\/03\/Bomberos2.jpg?resize=300%2C190&amp;ssl=1 300w, https:\/\/i0.wp.com\/eltrabajo.cl\/portal\/wp-content\/uploads\/2018\/03\/Bomberos2.jpg?resize=236%2C150&amp;ssl=1 236w, https:\/\/i0.wp.com\/eltrabajo.cl\/portal\/wp-content\/uploads\/2018\/03\/Bomberos2.jpg?resize=400%2C254&amp;ssl=1 400w\" sizes=\"auto, (max-width: 578px) 100vw, 578px\" \/><figcaption id=\"caption-attachment-85122\" class=\"wp-caption-text\">SIEMPRE BOMBEROS.- Julio Hardoy inform\u00f3 que est\u00e1n a la espera del nuevo cami\u00f3n aljibe para la 21 de Mayo, m\u00e1quina valorada en $110 millones, ya est\u00e1 comprada, tiene una capacidad m\u00e1xima de 12.000 litros de alta presi\u00f3n.<\/figcaption><\/figure>\n<ul>\n<li><span style=\"color: #ff0000;\"><strong>Actividad iniciar\u00e1 en la Plaza de Armas con un gran desfile:<\/strong><\/span><\/li>\n<\/ul>\n<p>Los Caballeros del Fuego de nuestra comuna este domingo estar\u00e1n de fiesta, se trata del 135\u00ba aniversario de la Primera Compa\u00f1\u00eda de Bomberos y por ende del Cuerpo de Bomberos de San Felipe. La informaci\u00f3n la dio a conocer el superintendente de esa instituci\u00f3n, Julio Hardoy.<br \/>\n\u00abEste domingo 11 de marzo es un d\u00eda muy importante no tan s\u00f3lo para nuestro pa\u00eds sino tambi\u00e9n para el Cuerpo de Bomberos de San Felipe, pues estaremos celebrando 135 a\u00f1os de nuestra fundaci\u00f3n. Nuestra instituci\u00f3n se constituye en una de las m\u00e1s antiguas del pa\u00eds con servicios ininterrumpidos a la comunidad, por tal raz\u00f3n realizaremos un acto p\u00fablico en nuestra Plaza de Armas al mediod\u00eda, en esa oportunidad rendiremos homenaje a nuestros fundadores y m\u00e1rtires, se celebrar\u00e1 el aniversario de la Primera Compa\u00f1\u00eda, que es la cuna de los bomberos de Aconcagua, tambi\u00e9n se entregar\u00e1n distinciones a los voluntarios m\u00e1s destacados de la 1\u00aa C\u00eda, posteriormente habr\u00e1 un desfile con la participaci\u00f3n de la gran Banda del Cuerpo de Bomberos de Valpara\u00edso, son 55 m\u00fasicos, todos voluntarios del Cuerpo de Bomberos de Valpara\u00edso que vienen a saludar al Cuerpo de Bomberos de San Felipe. Esto para nosotros es muy significativo, porque el Cuerpo de Bomberos de Valpara\u00edso es el m\u00e1s antiguo del pa\u00eds\u00bb, indic\u00f3 la autoridad.<\/p>\n<p><span style=\"color: #ff0000;\"><strong>NUEVOS VOLUNTARIOS<\/strong><\/span><br \/>\nPero la fiesta no termina ese d\u00eda, una semana despu\u00e9s nuevamente habr\u00e1 fiesta bomberil, ya que casi 40 voluntarios se unir\u00e1n de manera oficial a Bomberos de nuestra comuna.<br \/>\n\u00abTal como lo contempla nuestra tradici\u00f3n, una semana despu\u00e9s, el domingo 18 de marzo, estaremos tambi\u00e9n realizando el \u2018Bautizo\u2019 tradicional a los nuevos voluntarios de Bomberos, luego de pasar por un arco de escalas y ser ba\u00f1ados literalmente con agua, son m\u00e1s de 30 los que tenemos en la lista. Nuestro Cuerpo de Bomberos cuenta con siete Compa\u00f1\u00edas, las que est\u00e1n destacadas en la comuna de San Felipe y Panquehue, en total somos 360 bomberos, somos el Cuerpo de Bomberos que m\u00e1s mujeres tiene en sus filas en la V Regi\u00f3n, contamos con una dotaci\u00f3n de 39 mujeres, superamos a los dem\u00e1s hermanos cuerpos de Bomberos\u00bb, dijo Hardoy.<\/p>\n<figure id=\"attachment_85121\" aria-describedby=\"caption-attachment-85121\" style=\"width: 580px\" class=\"wp-caption alignnone\"><img data-recalc-dims=\"1\" loading=\"lazy\" decoding=\"async\" class=\"size-full wp-image-85121\" src=\"https:\/\/i0.wp.com\/www.eltrabajo.cl\/2017\/wp-content\/uploads\/2018\/03\/BOMBEROS-Julio-Hardoy.jpg?resize=580%2C510\" alt=\"Superintendente de Bomberos, Julio Hardoy.\" width=\"580\" height=\"510\" srcset=\"https:\/\/i0.wp.com\/eltrabajo.cl\/portal\/wp-content\/uploads\/2018\/03\/BOMBEROS-Julio-Hardoy.jpg?w=580&amp;ssl=1 580w, https:\/\/i0.wp.com\/eltrabajo.cl\/portal\/wp-content\/uploads\/2018\/03\/BOMBEROS-Julio-Hardoy.jpg?resize=171%2C150&amp;ssl=1 171w, https:\/\/i0.wp.com\/eltrabajo.cl\/portal\/wp-content\/uploads\/2018\/03\/BOMBEROS-Julio-Hardoy.jpg?resize=300%2C264&amp;ssl=1 300w, https:\/\/i0.wp.com\/eltrabajo.cl\/portal\/wp-content\/uploads\/2018\/03\/BOMBEROS-Julio-Hardoy.jpg?resize=400%2C352&amp;ssl=1 400w\" sizes=\"auto, (max-width: 580px) 100vw, 580px\" \/><figcaption id=\"caption-attachment-85121\" class=\"wp-caption-text\">Superintendente de Bomberos, Julio Hardoy.<\/figcaption><\/figure>\n","protected":false},"excerpt":{"rendered":"<p>Actividad iniciar\u00e1 en la Plaza de Armas con un gran desfile: Los Caballeros del Fuego de nuestra comuna este domingo estar\u00e1n de fiesta, se trata del 135\u00ba aniversario de la Primera Compa\u00f1\u00eda&#8230;<\/p>\n","protected":false},"author":1,"featured_media":85122,"comment_status":"open","ping_status":"open","sticky":false,"template":"","format":"standard","meta":{"advanced_seo_description":"","jetpack_seo_html_title":"","jetpack_seo_noindex":false,"_jetpack_memberships_contains_paid_content":false,"footnotes":""},"categories":[15],"tags":[],"class_list":["post-85120","post","type-post","status-publish","format-standard","has-post-thumbnail","hentry","category-comunidad"],"jetpack_featured_media_url":"https:\/\/i0.wp.com\/eltrabajo.cl\/portal\/wp-content\/uploads\/2018\/03\/Bomberos2.jpg?fit=578%2C367&ssl=1","jetpack_sharing_enabled":true,"jetpack_likes_enabled":true,"jetpack-related-posts":[],"_links":{"self":[{"href":"https:\/\/eltrabajo.cl\/portal\/wp-json\/wp\/v2\/posts\/85120","targetHints":{"allow":["GET"]}}],"collection":[{"href":"https:\/\/eltrabajo.cl\/portal\/wp-json\/wp\/v2\/posts"}],"about":[{"href":"https:\/\/eltrabajo.cl\/portal\/wp-json\/wp\/v2\/types\/post"}],"author":[{"embeddable":true,"href":"https:\/\/eltrabajo.cl\/portal\/wp-json\/wp\/v2\/users\/1"}],"replies":[{"embeddable":true,"href":"https:\/\/eltrabajo.cl\/portal\/wp-json\/wp\/v2\/comments?post=85120"}],"version-history":[{"count":0,"href":"https:\/\/eltrabajo.cl\/portal\/wp-json\/wp\/v2\/posts\/85120\/revisions"}],"wp:featuredmedia":[{"embeddable":true,"href":"https:\/\/eltrabajo.cl\/portal\/wp-json\/wp\/v2\/media\/85122"}],"wp:attachment":[{"href":"https:\/\/eltrabajo.cl\/portal\/wp-json\/wp\/v2\/media?parent=85120"}],"wp:term":[{"taxonomy":"category","embeddable":true,"href":"https:\/\/eltrabajo.cl\/portal\/wp-json\/wp\/v2\/categories?post=85120"},{"taxonomy":"post_tag","embeddable":true,"href":"https:\/\/eltrabajo.cl\/portal\/wp-json\/wp\/v2\/tags?post=85120"}],"curies":[{"name":"wp","href":"https:\/\/api.w.org\/{rel}","templated":true}]}}