{"id":85135,"date":"2018-03-07T05:04:33","date_gmt":"2018-03-07T09:04:33","guid":{"rendered":"http:\/\/www.eltrabajo.cl\/2017\/?p=85135"},"modified":"2018-03-07T05:04:33","modified_gmt":"2018-03-07T09:04:33","slug":"transeuntes-molestos-por-fuerte-olor-a-orina-a-pasos-de-la-gobernacion","status":"publish","type":"post","link":"https:\/\/eltrabajo.cl\/portal\/transeuntes-molestos-por-fuerte-olor-a-orina-a-pasos-de-la-gobernacion\/","title":{"rendered":"Transe\u00fantes molestos por fuerte olor a orina a pasos de la Gobernaci\u00f3n"},"content":{"rendered":"<figure id=\"attachment_85136\" aria-describedby=\"caption-attachment-85136\" style=\"width: 578px\" class=\"wp-caption alignnone\"><img data-recalc-dims=\"1\" loading=\"lazy\" decoding=\"async\" class=\"size-full wp-image-85136\" src=\"https:\/\/i0.wp.com\/www.eltrabajo.cl\/2017\/wp-content\/uploads\/2018\/03\/olores.jpg?resize=578%2C347\" alt=\"Este es el lugar donde se producen los malos olores, denuncian los vecinos, quienes esperan alg\u00fan tipo de soluci\u00f3n al problema en pleno coraz\u00f3n de la ciudad.\" width=\"578\" height=\"347\" srcset=\"https:\/\/i0.wp.com\/eltrabajo.cl\/portal\/wp-content\/uploads\/2018\/03\/olores.jpg?w=578&amp;ssl=1 578w, https:\/\/i0.wp.com\/eltrabajo.cl\/portal\/wp-content\/uploads\/2018\/03\/olores.jpg?resize=200%2C120&amp;ssl=1 200w, https:\/\/i0.wp.com\/eltrabajo.cl\/portal\/wp-content\/uploads\/2018\/03\/olores.jpg?resize=300%2C180&amp;ssl=1 300w, https:\/\/i0.wp.com\/eltrabajo.cl\/portal\/wp-content\/uploads\/2018\/03\/olores.jpg?resize=250%2C150&amp;ssl=1 250w, https:\/\/i0.wp.com\/eltrabajo.cl\/portal\/wp-content\/uploads\/2018\/03\/olores.jpg?resize=400%2C240&amp;ssl=1 400w\" sizes=\"auto, (max-width: 578px) 100vw, 578px\" \/><figcaption id=\"caption-attachment-85136\" class=\"wp-caption-text\">Este es el lugar donde se producen los malos olores, denuncian los vecinos, quienes esperan alg\u00fan tipo de soluci\u00f3n al problema en pleno coraz\u00f3n de la ciudad.<\/figcaption><\/figure>\n<p>Molestia y hasta asco sienten algunas personas que les toca transitar por detr\u00e1s de una sucursal bancaria y los estacionamientos de la gobernaci\u00f3n, en el pasillo que da hacia la calle Merced, debido a los malos olores que emanan en el sector producto que algunas personas inescrupulosas utilizan el lugar como ba\u00f1o p\u00fablico.<br \/>\nUna de las personas molestas es Ricardo Videla que pasa todos los d\u00edas por el lugar y siente el mal olor, quien responsabiliza a la Gobernaci\u00f3n por no disponer de servicios higi\u00e9nicos para los numerosos ciudadanos haitianos que concurren a realizar tr\u00e1mites al edificio de los servicios p\u00fablicos, asegurando que al no tener dinero para pagar el servicio higi\u00e9nico p\u00fablico que existe en el sector, hacen sus necesidades en el mismo lugar: \u201cSe pas\u00f3 el olor, lamentablemente la Gobernaci\u00f3n tiene unos trescientos a cuatrocientos haitianos que no tienen donde hacer sus necesidades, porque ellos no tienen trescientos pesos para ir al ba\u00f1o y hacen aqu\u00ed a la orillita\u201d.<br \/>\n<strong>&#8211; Pero esto de los malos olores viene de antes .<\/strong><br \/>\n&#8211; Claro, pero ahora aument\u00f3 mucho m\u00e1s porque se juntan muchos haitianos, y sus necesidades, \u00bfd\u00f3nde las hacen? Yo por ejemplo tengo que ir al ba\u00f1o porque no me aguanto y pago trescientos pesos y voy, pero ellos no tienen la plata para pagar, esa es la verdad de las cosas, faltar\u00eda de la gobernaci\u00f3n que le pusieran un ba\u00f1o qu\u00edmico porque los haitianos vienen a la gobernaci\u00f3n, no vienen a la municipalidad, debieran ponerle un ba\u00f1o qu\u00edmico para darle facilidades a ellos.<br \/>\nMientras nuestro medio terminaba de conversar con Ricardo, pasaban por el lugar dos mujeres, Laura y Margarita, quienes con sus dedos se apretaban la nariz para no inhalar el mal olor.<br \/>\nAl ser consultada por esta situaci\u00f3n no titubearon ni un segundo en decir: \u201cEst\u00e1 demasiado hediondo, horrible, hasta dan ganas de vomitar\u201d, se\u00f1al\u00f3 Margarita.<br \/>\n\u201cLa gente que hace esto no tiene cultura, habiendo un ba\u00f1o p\u00fablico a unos pasos y por no pagar doscientos cincuenta pesos provocan una hediondez, estando tan linda la ciudad, qu\u00e9 verg\u00fcenza, las dos nos tapamos la nariz porque dan ganas de vomitar, muy hediondo, es una situaci\u00f3n muy lamentable, que pongan un poco m\u00e1s de cuidado, no s\u00e9 qu\u00e9 tipo de seguridad puedan dar ac\u00e1\u201d, coment\u00f3 Laura.<\/p>\n","protected":false},"excerpt":{"rendered":"<p>Molestia y hasta asco sienten algunas personas que les toca transitar por detr\u00e1s de una sucursal bancaria y los estacionamientos de la gobernaci\u00f3n, en el pasillo que da hacia la calle Merced,&#8230;<\/p>\n","protected":false},"author":1,"featured_media":85136,"comment_status":"open","ping_status":"open","sticky":false,"template":"","format":"standard","meta":{"advanced_seo_description":"","jetpack_seo_html_title":"","jetpack_seo_noindex":false,"_jetpack_memberships_contains_paid_content":false,"footnotes":""},"categories":[15],"tags":[],"class_list":["post-85135","post","type-post","status-publish","format-standard","has-post-thumbnail","hentry","category-comunidad"],"jetpack_featured_media_url":"https:\/\/i0.wp.com\/eltrabajo.cl\/portal\/wp-content\/uploads\/2018\/03\/olores.jpg?fit=578%2C347&ssl=1","jetpack_sharing_enabled":true,"jetpack_likes_enabled":true,"jetpack-related-posts":[],"_links":{"self":[{"href":"https:\/\/eltrabajo.cl\/portal\/wp-json\/wp\/v2\/posts\/85135","targetHints":{"allow":["GET"]}}],"collection":[{"href":"https:\/\/eltrabajo.cl\/portal\/wp-json\/wp\/v2\/posts"}],"about":[{"href":"https:\/\/eltrabajo.cl\/portal\/wp-json\/wp\/v2\/types\/post"}],"author":[{"embeddable":true,"href":"https:\/\/eltrabajo.cl\/portal\/wp-json\/wp\/v2\/users\/1"}],"replies":[{"embeddable":true,"href":"https:\/\/eltrabajo.cl\/portal\/wp-json\/wp\/v2\/comments?post=85135"}],"version-history":[{"count":0,"href":"https:\/\/eltrabajo.cl\/portal\/wp-json\/wp\/v2\/posts\/85135\/revisions"}],"wp:featuredmedia":[{"embeddable":true,"href":"https:\/\/eltrabajo.cl\/portal\/wp-json\/wp\/v2\/media\/85136"}],"wp:attachment":[{"href":"https:\/\/eltrabajo.cl\/portal\/wp-json\/wp\/v2\/media?parent=85135"}],"wp:term":[{"taxonomy":"category","embeddable":true,"href":"https:\/\/eltrabajo.cl\/portal\/wp-json\/wp\/v2\/categories?post=85135"},{"taxonomy":"post_tag","embeddable":true,"href":"https:\/\/eltrabajo.cl\/portal\/wp-json\/wp\/v2\/tags?post=85135"}],"curies":[{"name":"wp","href":"https:\/\/api.w.org\/{rel}","templated":true}]}}