{"id":85146,"date":"2018-03-08T05:00:28","date_gmt":"2018-03-08T09:00:28","guid":{"rendered":"http:\/\/www.eltrabajo.cl\/2017\/?p=85146"},"modified":"2018-03-08T05:00:28","modified_gmt":"2018-03-08T09:00:28","slug":"realizan-diversas-obras-de-mejoramiento-en-liceo-corina-urbina","status":"publish","type":"post","link":"https:\/\/eltrabajo.cl\/portal\/realizan-diversas-obras-de-mejoramiento-en-liceo-corina-urbina\/","title":{"rendered":"Realizan diversas obras de mejoramiento en Liceo Corina Urbina"},"content":{"rendered":"<figure id=\"attachment_85149\" aria-describedby=\"caption-attachment-85149\" style=\"width: 580px\" class=\"wp-caption alignnone\"><img data-recalc-dims=\"1\" loading=\"lazy\" decoding=\"async\" class=\"size-full wp-image-85149\" src=\"https:\/\/i0.wp.com\/www.eltrabajo.cl\/2017\/wp-content\/uploads\/2018\/03\/trabajos-mejoramiento-3.jpg?resize=580%2C400\" alt=\"Recambio de una parte del techo, adem\u00e1s de mejoramiento del sistema el\u00e9ctrico paral soportar los mayores consumos por el uso de equipos tecnol\u00f3gicos, son los trabajos que se est\u00e1n realizando en el Liceo de Ni\u00f1as.\" width=\"580\" height=\"400\" srcset=\"https:\/\/i0.wp.com\/eltrabajo.cl\/portal\/wp-content\/uploads\/2018\/03\/trabajos-mejoramiento-3.jpg?w=580&amp;ssl=1 580w, https:\/\/i0.wp.com\/eltrabajo.cl\/portal\/wp-content\/uploads\/2018\/03\/trabajos-mejoramiento-3.jpg?resize=200%2C138&amp;ssl=1 200w, https:\/\/i0.wp.com\/eltrabajo.cl\/portal\/wp-content\/uploads\/2018\/03\/trabajos-mejoramiento-3.jpg?resize=300%2C207&amp;ssl=1 300w, https:\/\/i0.wp.com\/eltrabajo.cl\/portal\/wp-content\/uploads\/2018\/03\/trabajos-mejoramiento-3.jpg?resize=218%2C150&amp;ssl=1 218w, https:\/\/i0.wp.com\/eltrabajo.cl\/portal\/wp-content\/uploads\/2018\/03\/trabajos-mejoramiento-3.jpg?resize=400%2C276&amp;ssl=1 400w\" sizes=\"auto, (max-width: 580px) 100vw, 580px\" \/><figcaption id=\"caption-attachment-85149\" class=\"wp-caption-text\">Recambio de una parte del techo, adem\u00e1s de mejoramiento del sistema el\u00e9ctrico paral soportar los mayores consumos por el uso de equipos tecnol\u00f3gicos, son los trabajos que se est\u00e1n realizando en el Liceo de Ni\u00f1as.<\/figcaption><\/figure>\n<ul>\n<li><strong><span style=\"color: #ff0000;\">Recambio parcial del techo y reparaciones sistema el\u00e9ctrico:\u00a0<\/span>Trabajos avanzan de acuerdo al cronograma y se espera sean entregados en los pr\u00f3ximos meses.<\/strong><\/li>\n<\/ul>\n<p>El cambio del techo de un sector del establecimiento y el mejoramiento del sistema el\u00e9ctrico son los trabajos que se contin\u00faan realizando en estos d\u00edas en el emblem\u00e1tico Liceo Corina Urbina de San Felipe, un proyecto que significa una inversi\u00f3n aproximadamente de 230 millones de pesos.<br \/>\nEste mi\u00e9rcoles el director de Educaci\u00f3n Municipal, Iv\u00e1n Silva Padilla, realiz\u00f3 un recorrido por el liceo, constatando el avance de las obras que llegan a un 30% y que avanzan de acuerdo al cronograma de trabajo.<br \/>\n\u00abSe est\u00e1 arreglando toda la parte el\u00e9ctrica de las salas de clases, que es tan necesario, por el aumento de equipos computacionales y algunas techumbres que est\u00e1n un poco deterioradas. Este trabajo esperamos tenerlo luego, es una inversi\u00f3n bastante grande, son fondos de Gobierno, aporte municipal y de la Daem y esperamos que esto quede construido en unos dos meses m\u00e1s\u00bb.<br \/>\nEl director de Educaci\u00f3n Municipal se\u00f1al\u00f3 adem\u00e1s que el mejoramiento del sistema el\u00e9ctrico se realizar\u00e1 tambi\u00e9n en otras escuelas, debido a la antig\u00fcedad que presentan las construcciones.<br \/>\nPara Wilta Berr\u00edos, la nueva directora del liceo, estos trabajos significan un mejoramiento significativo para el establecimiento y en las condiciones en que se encuentran las alumnas.<br \/>\n\u00abCon los arreglos que se est\u00e1n haciendo del sistema el\u00e9ctrico y de techumbres, que hab\u00eda unos problemas que se llov\u00edan o en algunas salas, eso va a ser absolutamente mejorado, entonces muy contenta de poder recibir estos trabajos y tenemos mucho trabajo por hacer\u00bb.<br \/>\nLa directora explic\u00f3 que por estos d\u00edas se est\u00e1n acomodando los cursos con clases en distintas salas, ya que un sector del establecimiento se encuentra cerrado por los trabajos de construcci\u00f3n, por lo que hizo un llamado a la comprensi\u00f3n, especialmente de los apoderados, ya que, a su juicio, el proyecto significa un beneficio directo para las m\u00e1s de 700 alumnas que asisten a este liceo municipal.<br \/>\nWilta Berr\u00edos tom\u00f3 la direcci\u00f3n del Liceo Corina Urbina luego de un concurso p\u00fablico de directores, y entre sus objetivos se contempla aumentar la matr\u00edcula a 800 alumnas para el pr\u00f3ximo a\u00f1o y posicionarlo acad\u00e9micamente.<br \/>\n\u00abMi desaf\u00edo es posicionar a este liceo con las caracter\u00edsticas que tiene, de educar a la mujer del Valle de Aconcagua, posicionarlo acad\u00e9micamente, pero tambi\u00e9n darle un lugar, como tiene ense\u00f1anza media, que las alumnas puedan marcar un precedente en las dos carreras que nosotros tenemos, que es gastronom\u00eda y cuidado del adulto mayor, los desaf\u00edos son que las ni\u00f1as puedan ser felices y en segundo lugar que salgan preparadas para el mundo laboral o puedan continuar sus estudios en la universidad\u00bb, sostuvo la directora.<\/p>\n<figure id=\"attachment_85148\" aria-describedby=\"caption-attachment-85148\" style=\"width: 580px\" class=\"wp-caption alignnone\"><img data-recalc-dims=\"1\" loading=\"lazy\" decoding=\"async\" class=\"size-full wp-image-85148\" src=\"https:\/\/i0.wp.com\/www.eltrabajo.cl\/2017\/wp-content\/uploads\/2018\/03\/trabajos-mejoramiento-2.jpg?resize=580%2C400\" alt=\"El director de la Daem, Iv\u00e1n Silva, recorri\u00f3 el establecimiento junto a la nueva directora, Wilta Berr\u00edos, para constatar el avance de los trabajos que llegan a un 30 por ciento.\" width=\"580\" height=\"400\" srcset=\"https:\/\/i0.wp.com\/eltrabajo.cl\/portal\/wp-content\/uploads\/2018\/03\/trabajos-mejoramiento-2.jpg?w=580&amp;ssl=1 580w, https:\/\/i0.wp.com\/eltrabajo.cl\/portal\/wp-content\/uploads\/2018\/03\/trabajos-mejoramiento-2.jpg?resize=200%2C138&amp;ssl=1 200w, https:\/\/i0.wp.com\/eltrabajo.cl\/portal\/wp-content\/uploads\/2018\/03\/trabajos-mejoramiento-2.jpg?resize=300%2C207&amp;ssl=1 300w, https:\/\/i0.wp.com\/eltrabajo.cl\/portal\/wp-content\/uploads\/2018\/03\/trabajos-mejoramiento-2.jpg?resize=218%2C150&amp;ssl=1 218w, https:\/\/i0.wp.com\/eltrabajo.cl\/portal\/wp-content\/uploads\/2018\/03\/trabajos-mejoramiento-2.jpg?resize=400%2C276&amp;ssl=1 400w\" sizes=\"auto, (max-width: 580px) 100vw, 580px\" \/><figcaption id=\"caption-attachment-85148\" class=\"wp-caption-text\">El director de la Daem, Iv\u00e1n Silva, recorri\u00f3 el establecimiento junto a la nueva directora, Wilta Berr\u00edos, para constatar el avance de los trabajos que llegan a un 30 por ciento.<\/figcaption><\/figure>\n","protected":false},"excerpt":{"rendered":"<p>Recambio parcial del techo y reparaciones sistema el\u00e9ctrico:\u00a0Trabajos avanzan de acuerdo al cronograma y se espera sean entregados en los pr\u00f3ximos meses. El cambio del techo de un sector del establecimiento y&#8230;<\/p>\n","protected":false},"author":1,"featured_media":85149,"comment_status":"open","ping_status":"open","sticky":false,"template":"","format":"standard","meta":{"advanced_seo_description":"","jetpack_seo_html_title":"","jetpack_seo_noindex":false,"_jetpack_memberships_contains_paid_content":false,"footnotes":""},"categories":[1],"tags":[],"class_list":["post-85146","post","type-post","status-publish","format-standard","has-post-thumbnail","hentry","category-cronica"],"jetpack_featured_media_url":"https:\/\/i0.wp.com\/eltrabajo.cl\/portal\/wp-content\/uploads\/2018\/03\/trabajos-mejoramiento-3.jpg?fit=580%2C400&ssl=1","jetpack_sharing_enabled":true,"jetpack_likes_enabled":true,"jetpack-related-posts":[],"_links":{"self":[{"href":"https:\/\/eltrabajo.cl\/portal\/wp-json\/wp\/v2\/posts\/85146","targetHints":{"allow":["GET"]}}],"collection":[{"href":"https:\/\/eltrabajo.cl\/portal\/wp-json\/wp\/v2\/posts"}],"about":[{"href":"https:\/\/eltrabajo.cl\/portal\/wp-json\/wp\/v2\/types\/post"}],"author":[{"embeddable":true,"href":"https:\/\/eltrabajo.cl\/portal\/wp-json\/wp\/v2\/users\/1"}],"replies":[{"embeddable":true,"href":"https:\/\/eltrabajo.cl\/portal\/wp-json\/wp\/v2\/comments?post=85146"}],"version-history":[{"count":0,"href":"https:\/\/eltrabajo.cl\/portal\/wp-json\/wp\/v2\/posts\/85146\/revisions"}],"wp:featuredmedia":[{"embeddable":true,"href":"https:\/\/eltrabajo.cl\/portal\/wp-json\/wp\/v2\/media\/85149"}],"wp:attachment":[{"href":"https:\/\/eltrabajo.cl\/portal\/wp-json\/wp\/v2\/media?parent=85146"}],"wp:term":[{"taxonomy":"category","embeddable":true,"href":"https:\/\/eltrabajo.cl\/portal\/wp-json\/wp\/v2\/categories?post=85146"},{"taxonomy":"post_tag","embeddable":true,"href":"https:\/\/eltrabajo.cl\/portal\/wp-json\/wp\/v2\/tags?post=85146"}],"curies":[{"name":"wp","href":"https:\/\/api.w.org\/{rel}","templated":true}]}}