{"id":85151,"date":"2018-03-08T05:01:23","date_gmt":"2018-03-08T09:01:23","guid":{"rendered":"http:\/\/www.eltrabajo.cl\/2017\/?p=85151"},"modified":"2018-03-08T05:01:23","modified_gmt":"2018-03-08T09:01:23","slug":"alumnos-de-la-escuela-carolina-ocampo-trabajaran-con-salas-tematicas","status":"publish","type":"post","link":"https:\/\/eltrabajo.cl\/portal\/alumnos-de-la-escuela-carolina-ocampo-trabajaran-con-salas-tematicas\/","title":{"rendered":"Alumnos de la Escuela Carolina Ocampo trabajar\u00e1n con Salas Tem\u00e1ticas"},"content":{"rendered":"<figure id=\"attachment_85153\" aria-describedby=\"caption-attachment-85153\" style=\"width: 580px\" class=\"wp-caption alignnone\"><img data-recalc-dims=\"1\" loading=\"lazy\" decoding=\"async\" class=\"size-full wp-image-85153\" src=\"https:\/\/i0.wp.com\/www.eltrabajo.cl\/2017\/wp-content\/uploads\/2018\/03\/sala-tem%C3%A1tica.jpg?resize=580%2C400\" alt=\"Las salas tem\u00e1ticas con parte de un nuevo m\u00e9todo de trabajo que busca desarrollar una mayor autonom\u00eda de los alumnos.\" width=\"580\" height=\"400\" srcset=\"https:\/\/i0.wp.com\/eltrabajo.cl\/portal\/wp-content\/uploads\/2018\/03\/sala-tem%C3%A1tica.jpg?w=580&amp;ssl=1 580w, https:\/\/i0.wp.com\/eltrabajo.cl\/portal\/wp-content\/uploads\/2018\/03\/sala-tem%C3%A1tica.jpg?resize=200%2C138&amp;ssl=1 200w, https:\/\/i0.wp.com\/eltrabajo.cl\/portal\/wp-content\/uploads\/2018\/03\/sala-tem%C3%A1tica.jpg?resize=300%2C207&amp;ssl=1 300w, https:\/\/i0.wp.com\/eltrabajo.cl\/portal\/wp-content\/uploads\/2018\/03\/sala-tem%C3%A1tica.jpg?resize=218%2C150&amp;ssl=1 218w, https:\/\/i0.wp.com\/eltrabajo.cl\/portal\/wp-content\/uploads\/2018\/03\/sala-tem%C3%A1tica.jpg?resize=400%2C276&amp;ssl=1 400w\" sizes=\"auto, (max-width: 580px) 100vw, 580px\" \/><figcaption id=\"caption-attachment-85153\" class=\"wp-caption-text\">Las salas tem\u00e1ticas con parte de un nuevo m\u00e9todo de trabajo que busca desarrollar una mayor autonom\u00eda de los alumnos.<\/figcaption><\/figure>\n<p>Asistir a la escuela para aprender y tambi\u00e9n ser felices, son dos conceptos fundamentales para el proyecto educativo impulsado por el equipo directivo y docente de la Escuela Carolina Ocampo.<br \/>\nAs\u00ed lo se\u00f1al\u00f3 su director Eduardo Gallardo, quien ha puesto en pr\u00e1ctica estos conceptos desde el 2015, sumando este a\u00f1o una interesante apuesta, como es trabajar con salas tem\u00e1ticas, un concepto nuevo para los alumnos de este establecimiento educacional.<br \/>\n\u201c\u00bfQu\u00e9 son salas tem\u00e1ticas?, es una sala donde el profesor es el due\u00f1o de la sala, sea lenguaje, matem\u00e1tica, historia, ciencias, artes visuales, m\u00fasica y as\u00ed todas las asignaturas, donde los ni\u00f1os van a la sala; \u00bfC\u00f3mo hacemos esto?, tenemos casilleros donde los ni\u00f1os dejan sus cosas en la ma\u00f1ana y luego los ni\u00f1os se dirigen a las salas de los profesores.<br \/>\nHoy (martes) es su primer d\u00eda, ayer (lunes) fue un d\u00eda inicial, hoy andan un poco perdidos, pero estamos ayud\u00e1ndolos a que busquen sus salas\u201d, explic\u00f3 el director.<br \/>\nSe trata de un nuevo m\u00e9todo de trabajo que busca desarrollar una mayor autonom\u00eda de los alumnos, ya que el equipo docente observ\u00f3 en a\u00f1os anteriores una gran dependencia de sus padres.<br \/>\n\u201cAntes hab\u00eda que hacerle todo a los ni\u00f1os, queremos que generen m\u00e1s independencia, por eso desde el a\u00f1o ante pasado los ni\u00f1os toman micro, sea Bellavista o San Felipe, y almuerzan solos, antes ten\u00eda que venir el apoderado a darle el almuerzo, y este es el tercer paso que estamos dando, salas tem\u00e1ticas, y adem\u00e1s de eso nos ayuda a consolidar nuestro proyecto educativo, que son aprendizajes de calidad, como esencial dentro de lo que nosotros estamos entregando\u201d, dijo Eduardo Gallardo.<br \/>\nLa escuela Carolina Ocampo cuenta con una matr\u00edcula de 138 ni\u00f1os este a\u00f1o 2018, un n\u00famero muy superior a los 62 alumnos que ten\u00eda el a\u00f1o 2014, lo que ha significado un respaldo al proyecto educativo llevado adelante por este equipo directivo y docente y liderado por el alcalde Patricio Freire, gesti\u00f3n que se ha planteado entregar una educaci\u00f3n de calidad en todos los establecimientos educacionales de la comuna.<\/p>\n<figure id=\"attachment_85152\" aria-describedby=\"caption-attachment-85152\" style=\"width: 580px\" class=\"wp-caption alignnone\"><img data-recalc-dims=\"1\" loading=\"lazy\" decoding=\"async\" class=\"size-full wp-image-85152\" src=\"https:\/\/i0.wp.com\/www.eltrabajo.cl\/2017\/wp-content\/uploads\/2018\/03\/Eduardo-Galla-Dir-Esc-Carolina-Ocampo.jpg?resize=580%2C399\" alt=\"Eduardo Gallardo, Director de la Escuela Carolina Ocampo de Bellavista.\" width=\"580\" height=\"399\" srcset=\"https:\/\/i0.wp.com\/eltrabajo.cl\/portal\/wp-content\/uploads\/2018\/03\/Eduardo-Galla-Dir-Esc-Carolina-Ocampo.jpg?w=580&amp;ssl=1 580w, https:\/\/i0.wp.com\/eltrabajo.cl\/portal\/wp-content\/uploads\/2018\/03\/Eduardo-Galla-Dir-Esc-Carolina-Ocampo.jpg?resize=200%2C138&amp;ssl=1 200w, https:\/\/i0.wp.com\/eltrabajo.cl\/portal\/wp-content\/uploads\/2018\/03\/Eduardo-Galla-Dir-Esc-Carolina-Ocampo.jpg?resize=300%2C206&amp;ssl=1 300w, https:\/\/i0.wp.com\/eltrabajo.cl\/portal\/wp-content\/uploads\/2018\/03\/Eduardo-Galla-Dir-Esc-Carolina-Ocampo.jpg?resize=218%2C150&amp;ssl=1 218w, https:\/\/i0.wp.com\/eltrabajo.cl\/portal\/wp-content\/uploads\/2018\/03\/Eduardo-Galla-Dir-Esc-Carolina-Ocampo.jpg?resize=400%2C275&amp;ssl=1 400w\" sizes=\"auto, (max-width: 580px) 100vw, 580px\" \/><figcaption id=\"caption-attachment-85152\" class=\"wp-caption-text\">Eduardo Gallardo, Director de la Escuela Carolina Ocampo de Bellavista.<\/figcaption><\/figure>\n","protected":false},"excerpt":{"rendered":"<p>Asistir a la escuela para aprender y tambi\u00e9n ser felices, son dos conceptos fundamentales para el proyecto educativo impulsado por el equipo directivo y docente de la Escuela Carolina Ocampo. As\u00ed lo&#8230;<\/p>\n","protected":false},"author":1,"featured_media":85153,"comment_status":"open","ping_status":"open","sticky":false,"template":"","format":"standard","meta":{"advanced_seo_description":"","jetpack_seo_html_title":"","jetpack_seo_noindex":false,"_jetpack_memberships_contains_paid_content":false,"footnotes":""},"categories":[1],"tags":[],"class_list":["post-85151","post","type-post","status-publish","format-standard","has-post-thumbnail","hentry","category-cronica"],"jetpack_featured_media_url":"https:\/\/i0.wp.com\/eltrabajo.cl\/portal\/wp-content\/uploads\/2018\/03\/sala-tem%C3%A1tica.jpg?fit=580%2C400&ssl=1","jetpack_sharing_enabled":true,"jetpack_likes_enabled":true,"jetpack-related-posts":[],"_links":{"self":[{"href":"https:\/\/eltrabajo.cl\/portal\/wp-json\/wp\/v2\/posts\/85151","targetHints":{"allow":["GET"]}}],"collection":[{"href":"https:\/\/eltrabajo.cl\/portal\/wp-json\/wp\/v2\/posts"}],"about":[{"href":"https:\/\/eltrabajo.cl\/portal\/wp-json\/wp\/v2\/types\/post"}],"author":[{"embeddable":true,"href":"https:\/\/eltrabajo.cl\/portal\/wp-json\/wp\/v2\/users\/1"}],"replies":[{"embeddable":true,"href":"https:\/\/eltrabajo.cl\/portal\/wp-json\/wp\/v2\/comments?post=85151"}],"version-history":[{"count":0,"href":"https:\/\/eltrabajo.cl\/portal\/wp-json\/wp\/v2\/posts\/85151\/revisions"}],"wp:featuredmedia":[{"embeddable":true,"href":"https:\/\/eltrabajo.cl\/portal\/wp-json\/wp\/v2\/media\/85153"}],"wp:attachment":[{"href":"https:\/\/eltrabajo.cl\/portal\/wp-json\/wp\/v2\/media?parent=85151"}],"wp:term":[{"taxonomy":"category","embeddable":true,"href":"https:\/\/eltrabajo.cl\/portal\/wp-json\/wp\/v2\/categories?post=85151"},{"taxonomy":"post_tag","embeddable":true,"href":"https:\/\/eltrabajo.cl\/portal\/wp-json\/wp\/v2\/tags?post=85151"}],"curies":[{"name":"wp","href":"https:\/\/api.w.org\/{rel}","templated":true}]}}