{"id":85155,"date":"2018-03-08T05:02:57","date_gmt":"2018-03-08T09:02:57","guid":{"rendered":"http:\/\/www.eltrabajo.cl\/2017\/?p=85155"},"modified":"2018-03-08T05:02:57","modified_gmt":"2018-03-08T09:02:57","slug":"talleres-de-teatro-ballet-y-musica-ya-disponibles-en-el-teatro-municipal","status":"publish","type":"post","link":"https:\/\/eltrabajo.cl\/portal\/talleres-de-teatro-ballet-y-musica-ya-disponibles-en-el-teatro-municipal\/","title":{"rendered":"Talleres de Teatro, Ballet y M\u00fasica ya disponibles en el Teatro Municipal"},"content":{"rendered":"<figure id=\"attachment_85158\" aria-describedby=\"caption-attachment-85158\" style=\"width: 580px\" class=\"wp-caption alignnone\"><img data-recalc-dims=\"1\" loading=\"lazy\" decoding=\"async\" class=\"size-full wp-image-85158\" src=\"https:\/\/i0.wp.com\/www.eltrabajo.cl\/2017\/wp-content\/uploads\/2018\/03\/Talleres2.jpg?resize=580%2C399\" alt=\"JUVENTUD Y TALENTO.- La Orquesta Juvenil de Santa Mar\u00eda este a\u00f1o tiene cupo para violines, violas y clarinetes.\" width=\"580\" height=\"399\" srcset=\"https:\/\/i0.wp.com\/eltrabajo.cl\/portal\/wp-content\/uploads\/2018\/03\/Talleres2.jpg?w=580&amp;ssl=1 580w, https:\/\/i0.wp.com\/eltrabajo.cl\/portal\/wp-content\/uploads\/2018\/03\/Talleres2.jpg?resize=200%2C138&amp;ssl=1 200w, https:\/\/i0.wp.com\/eltrabajo.cl\/portal\/wp-content\/uploads\/2018\/03\/Talleres2.jpg?resize=300%2C206&amp;ssl=1 300w, https:\/\/i0.wp.com\/eltrabajo.cl\/portal\/wp-content\/uploads\/2018\/03\/Talleres2.jpg?resize=218%2C150&amp;ssl=1 218w, https:\/\/i0.wp.com\/eltrabajo.cl\/portal\/wp-content\/uploads\/2018\/03\/Talleres2.jpg?resize=400%2C275&amp;ssl=1 400w\" sizes=\"auto, (max-width: 580px) 100vw, 580px\" \/><figcaption id=\"caption-attachment-85158\" class=\"wp-caption-text\">JUVENTUD Y TALENTO.- La Orquesta Juvenil de Santa Mar\u00eda este a\u00f1o tiene cupo para violines, violas y clarinetes.<\/figcaption><\/figure>\n<ul>\n<li><span style=\"color: #ff0000;\"><strong>Los tres son gratuitos y para todos los aconcag\u00fcinos:<\/strong><\/span><\/li>\n<\/ul>\n<p><strong>SANTA MAR\u00cdA.-<\/strong> Tres son los talleres que ya est\u00e1n disponibles para el disfrute de todos los aconcag\u00fcinos, se trata de actividades completamente gratuitas que se desarrollar\u00e1n en el teatro municipal de Santa Mar\u00eda. Diario El Trabajo habl\u00f3 con el encargado de esas dependencias, Sergio Rojas, quien nos detall\u00f3 las caracter\u00edsticas de los tres talleres.<\/p>\n<p><span style=\"color: #ff0000;\"><strong>TALLER DE TEATRO<\/strong><\/span><br \/>\n\u00abYa estamos matriculando a las personas que se quieran inscribir en el Taller de Teatro, las clases las estar\u00e1 impartiendo la profesora Ver\u00f3nica M\u00e1rquez, una profesional con mucha vocaci\u00f3n y profesionalismo, pueden inscribirse gratuitamente personas que ya sepan actuar, y tambi\u00e9n las que nunca lo han hecho. Este Taller se impartir\u00e1 todos los jueves de las 18:00 a las 20:00 horas, aqu\u00ed mismo en nuestro teatro municipal, la idea es que quienes participen pierdan la timidez y se suelten para actuar en p\u00fablico. Las personas que ya saben actuar y quieren perfeccionarse, tambi\u00e9n pueden postular para integrarse a nuestro elenco de actores del teatro\u00bb, dijo Rojas.<\/p>\n<p><span style=\"color: #ff0000;\"><strong>BALLET TAMBI\u00c9N<\/strong><\/span><br \/>\nPero no s\u00f3lo este taller est\u00e1 ya disponible para nuestros lectores, ya que los d\u00edas s\u00e1bados de las 15:00 a las 18:00 horas la profesora Patricia Castro estar\u00e1 impartiendo el taller de Ballet, al cual podr\u00e1n integrarse ni\u00f1as y ni\u00f1os desde los cuatro a\u00f1os de edad, sepan o no de ballet. \u00abEs un taller familiar del que pueden disfrutar personas de todas las edades\u00bb, agreg\u00f3 la profesional.<\/p>\n<p><strong><span style=\"color: #ff0000;\">SINF\u00d3NICA JUVENIL<\/span><\/strong><br \/>\nOtros ni\u00f1os y j\u00f3venes, en tanto, podr\u00e1n unirse a las filas art\u00edsticas de la Orquesta Juvenil de Santa Mar\u00eda, aunque vivan en otras comunas del valle, lo importante es que quieran aprender a tocar ciertos instrumentos musicales o perfeccionarse si ya conocen algunos de elos.<br \/>\n\u00abNos quedan cupos para violines, violas y clarinetes, pueden participar ni\u00f1os desde los 12 a\u00f1os de edad, las audiciones se realizar\u00e1n los mi\u00e9rcoles de las 16:30 a las 19:30 horas. Estos tres talleres estar\u00e1n presentando su trabajo final en unos meses, a fin de compartir lo aprendido durante el a\u00f1o\u00bb, dijo finalmente Sergio Rojas a Diario El Trabajo. Los interesados en aprovechar estos talleres pueden llamar en horario de oficina al 34 258 1224.<br \/>\n<strong>Roberto Gonz\u00e1lez Short<\/strong><\/p>\n<figure id=\"attachment_85156\" aria-describedby=\"caption-attachment-85156\" style=\"width: 580px\" class=\"wp-caption alignnone\"><img data-recalc-dims=\"1\" loading=\"lazy\" decoding=\"async\" class=\"size-full wp-image-85156\" src=\"https:\/\/i0.wp.com\/www.eltrabajo.cl\/2017\/wp-content\/uploads\/2018\/03\/Talleres_Sergio-Rojas.jpg?resize=580%2C533\" alt=\"Sergio Rojas, encargado del teatro municipal de Santa Mar\u00eda.\" width=\"580\" height=\"533\" srcset=\"https:\/\/i0.wp.com\/eltrabajo.cl\/portal\/wp-content\/uploads\/2018\/03\/Talleres_Sergio-Rojas.jpg?w=580&amp;ssl=1 580w, https:\/\/i0.wp.com\/eltrabajo.cl\/portal\/wp-content\/uploads\/2018\/03\/Talleres_Sergio-Rojas.jpg?resize=163%2C150&amp;ssl=1 163w, https:\/\/i0.wp.com\/eltrabajo.cl\/portal\/wp-content\/uploads\/2018\/03\/Talleres_Sergio-Rojas.jpg?resize=300%2C276&amp;ssl=1 300w, https:\/\/i0.wp.com\/eltrabajo.cl\/portal\/wp-content\/uploads\/2018\/03\/Talleres_Sergio-Rojas.jpg?resize=400%2C368&amp;ssl=1 400w\" sizes=\"auto, (max-width: 580px) 100vw, 580px\" \/><figcaption id=\"caption-attachment-85156\" class=\"wp-caption-text\">Sergio Rojas, encargado del teatro municipal de Santa Mar\u00eda.<\/figcaption><\/figure>\n<figure id=\"attachment_85157\" aria-describedby=\"caption-attachment-85157\" style=\"width: 580px\" class=\"wp-caption alignnone\"><img data-recalc-dims=\"1\" loading=\"lazy\" decoding=\"async\" class=\"size-full wp-image-85157\" src=\"https:\/\/i0.wp.com\/www.eltrabajo.cl\/2017\/wp-content\/uploads\/2018\/03\/Talleres1.jpg?resize=580%2C400\" alt=\"HACIENDO TEATRO.- Aqu\u00ed tenemos a estos j\u00f3venes estudiantes de teatro, ellos son alumnos de varias comunas del Valle de Aconcagua que el a\u00f1o pasado incursionaron en este taller de actuaci\u00f3n.\" width=\"580\" height=\"400\" srcset=\"https:\/\/i0.wp.com\/eltrabajo.cl\/portal\/wp-content\/uploads\/2018\/03\/Talleres1.jpg?w=580&amp;ssl=1 580w, https:\/\/i0.wp.com\/eltrabajo.cl\/portal\/wp-content\/uploads\/2018\/03\/Talleres1.jpg?resize=200%2C138&amp;ssl=1 200w, https:\/\/i0.wp.com\/eltrabajo.cl\/portal\/wp-content\/uploads\/2018\/03\/Talleres1.jpg?resize=300%2C207&amp;ssl=1 300w, https:\/\/i0.wp.com\/eltrabajo.cl\/portal\/wp-content\/uploads\/2018\/03\/Talleres1.jpg?resize=218%2C150&amp;ssl=1 218w, https:\/\/i0.wp.com\/eltrabajo.cl\/portal\/wp-content\/uploads\/2018\/03\/Talleres1.jpg?resize=400%2C276&amp;ssl=1 400w\" sizes=\"auto, (max-width: 580px) 100vw, 580px\" \/><figcaption id=\"caption-attachment-85157\" class=\"wp-caption-text\">HACIENDO TEATRO.- Aqu\u00ed tenemos a estos j\u00f3venes estudiantes de teatro, ellos son alumnos de varias comunas del Valle de Aconcagua que el a\u00f1o pasado incursionaron en este taller de actuaci\u00f3n.<\/figcaption><\/figure>\n<figure id=\"attachment_85159\" aria-describedby=\"caption-attachment-85159\" style=\"width: 580px\" class=\"wp-caption alignnone\"><img data-recalc-dims=\"1\" loading=\"lazy\" decoding=\"async\" class=\"size-full wp-image-85159\" src=\"https:\/\/i0.wp.com\/www.eltrabajo.cl\/2017\/wp-content\/uploads\/2018\/03\/Talleres3.jpg?resize=580%2C398\" alt=\"A\u00daN HAY CUPOS PARA ESTE TALLER.- Estas princesitas est\u00e1n en su jugo, les encanta el ballet y lo hacen muy bien.\" width=\"580\" height=\"398\" srcset=\"https:\/\/i0.wp.com\/eltrabajo.cl\/portal\/wp-content\/uploads\/2018\/03\/Talleres3.jpg?w=580&amp;ssl=1 580w, https:\/\/i0.wp.com\/eltrabajo.cl\/portal\/wp-content\/uploads\/2018\/03\/Talleres3.jpg?resize=200%2C137&amp;ssl=1 200w, https:\/\/i0.wp.com\/eltrabajo.cl\/portal\/wp-content\/uploads\/2018\/03\/Talleres3.jpg?resize=300%2C206&amp;ssl=1 300w, https:\/\/i0.wp.com\/eltrabajo.cl\/portal\/wp-content\/uploads\/2018\/03\/Talleres3.jpg?resize=219%2C150&amp;ssl=1 219w, https:\/\/i0.wp.com\/eltrabajo.cl\/portal\/wp-content\/uploads\/2018\/03\/Talleres3.jpg?resize=400%2C274&amp;ssl=1 400w\" sizes=\"auto, (max-width: 580px) 100vw, 580px\" \/><figcaption id=\"caption-attachment-85159\" class=\"wp-caption-text\">A\u00daN HAY CUPOS PARA ESTE TALLER.- Estas princesitas est\u00e1n en su jugo, les encanta el ballet y lo hacen muy bien.<\/figcaption><\/figure>\n","protected":false},"excerpt":{"rendered":"<p>Los tres son gratuitos y para todos los aconcag\u00fcinos: SANTA MAR\u00cdA.- Tres son los talleres que ya est\u00e1n disponibles para el disfrute de todos los aconcag\u00fcinos, se trata de actividades completamente gratuitas&#8230;<\/p>\n","protected":false},"author":1,"featured_media":85157,"comment_status":"open","ping_status":"open","sticky":false,"template":"","format":"standard","meta":{"advanced_seo_description":"","jetpack_seo_html_title":"","jetpack_seo_noindex":false,"_jetpack_memberships_contains_paid_content":false,"footnotes":""},"categories":[15],"tags":[],"class_list":["post-85155","post","type-post","status-publish","format-standard","has-post-thumbnail","hentry","category-comunidad"],"jetpack_featured_media_url":"https:\/\/i0.wp.com\/eltrabajo.cl\/portal\/wp-content\/uploads\/2018\/03\/Talleres1.jpg?fit=580%2C400&ssl=1","jetpack_sharing_enabled":true,"jetpack_likes_enabled":true,"jetpack-related-posts":[],"_links":{"self":[{"href":"https:\/\/eltrabajo.cl\/portal\/wp-json\/wp\/v2\/posts\/85155","targetHints":{"allow":["GET"]}}],"collection":[{"href":"https:\/\/eltrabajo.cl\/portal\/wp-json\/wp\/v2\/posts"}],"about":[{"href":"https:\/\/eltrabajo.cl\/portal\/wp-json\/wp\/v2\/types\/post"}],"author":[{"embeddable":true,"href":"https:\/\/eltrabajo.cl\/portal\/wp-json\/wp\/v2\/users\/1"}],"replies":[{"embeddable":true,"href":"https:\/\/eltrabajo.cl\/portal\/wp-json\/wp\/v2\/comments?post=85155"}],"version-history":[{"count":0,"href":"https:\/\/eltrabajo.cl\/portal\/wp-json\/wp\/v2\/posts\/85155\/revisions"}],"wp:featuredmedia":[{"embeddable":true,"href":"https:\/\/eltrabajo.cl\/portal\/wp-json\/wp\/v2\/media\/85157"}],"wp:attachment":[{"href":"https:\/\/eltrabajo.cl\/portal\/wp-json\/wp\/v2\/media?parent=85155"}],"wp:term":[{"taxonomy":"category","embeddable":true,"href":"https:\/\/eltrabajo.cl\/portal\/wp-json\/wp\/v2\/categories?post=85155"},{"taxonomy":"post_tag","embeddable":true,"href":"https:\/\/eltrabajo.cl\/portal\/wp-json\/wp\/v2\/tags?post=85155"}],"curies":[{"name":"wp","href":"https:\/\/api.w.org\/{rel}","templated":true}]}}