{"id":85164,"date":"2018-03-08T05:04:22","date_gmt":"2018-03-08T09:04:22","guid":{"rendered":"http:\/\/www.eltrabajo.cl\/2017\/?p=85164"},"modified":"2018-03-08T05:04:22","modified_gmt":"2018-03-08T09:04:22","slug":"el-martes-13-de-marzo-concluye-colecta-solidaria-para-paola-orellana-y-sus-hijos","status":"publish","type":"post","link":"https:\/\/eltrabajo.cl\/portal\/el-martes-13-de-marzo-concluye-colecta-solidaria-para-paola-orellana-y-sus-hijos\/","title":{"rendered":"El martes 13 de marzo concluye colecta solidaria para Paola Orellana y sus hijos"},"content":{"rendered":"<figure id=\"attachment_85168\" aria-describedby=\"caption-attachment-85168\" style=\"width: 580px\" class=\"wp-caption alignnone\"><img data-recalc-dims=\"1\" loading=\"lazy\" decoding=\"async\" class=\"size-full wp-image-85168\" src=\"https:\/\/i0.wp.com\/www.eltrabajo.cl\/2017\/wp-content\/uploads\/2018\/03\/Donativos2.jpg?resize=580%2C399\" alt=\"Estos son parte de los pocos pero valiosos donativos que ya han llegado a Carnes KAR, mismos que ser\u00e1n entregados a esta familia el pr\u00f3ximo mi\u00e9rcoles.\" width=\"580\" height=\"399\" srcset=\"https:\/\/i0.wp.com\/eltrabajo.cl\/portal\/wp-content\/uploads\/2018\/03\/Donativos2.jpg?w=580&amp;ssl=1 580w, https:\/\/i0.wp.com\/eltrabajo.cl\/portal\/wp-content\/uploads\/2018\/03\/Donativos2.jpg?resize=200%2C138&amp;ssl=1 200w, https:\/\/i0.wp.com\/eltrabajo.cl\/portal\/wp-content\/uploads\/2018\/03\/Donativos2.jpg?resize=300%2C206&amp;ssl=1 300w, https:\/\/i0.wp.com\/eltrabajo.cl\/portal\/wp-content\/uploads\/2018\/03\/Donativos2.jpg?resize=218%2C150&amp;ssl=1 218w, https:\/\/i0.wp.com\/eltrabajo.cl\/portal\/wp-content\/uploads\/2018\/03\/Donativos2.jpg?resize=400%2C275&amp;ssl=1 400w\" sizes=\"auto, (max-width: 580px) 100vw, 580px\" \/><figcaption id=\"caption-attachment-85168\" class=\"wp-caption-text\">Estos son parte de los pocos pero valiosos donativos que ya han llegado a Carnes KAR, mismos que ser\u00e1n entregados a esta familia el pr\u00f3ximo mi\u00e9rcoles.<\/figcaption><\/figure>\n<ul>\n<li><span style=\"color: #ff0000;\"><strong>El mi\u00e9rcoles ellos recibir\u00e1n los donativos en su casa:<\/strong><\/span><\/li>\n<\/ul>\n<p>Una madre con serios problemas en su cadera; tres ni\u00f1os en edad escolar y una casa que se cae a pedazos, es la realidad de esta madre llaylla\u00edna que nuestros lectores pueden ayudar a mejorar.<br \/>\nLuego de varias semanas de una campa\u00f1a impulsada por Diario El Trabajo y Carnes KAR dirigida a recaudar recursos escolares y para el hogar en beneficio de una madre y sus tres hijos, hoy podemos informar a nuestros lectores que si bien es cierto varias personas ya llevaron su donativo a Carnes KAR, lo cierto del caso es que la respuesta ha sido muy t\u00edmida por parte del comercio y vecinos de nuestra comuna.<\/p>\n<p><span style=\"color: #ff0000;\"><strong>HASTA EL MARTES<\/strong><\/span><br \/>\nPero m\u00e1s all\u00e1 de pretender ver el vaso \u2018medio vac\u00edo\u2019, hoy queremos seguirlo viendo \u2018medio lleno\u2019, es por eso que con m\u00e1s ganas queremos invitar a nuestros lectores a seguir acerc\u00e1ndose a nuestro punto de acopio para compartir un poquito con do\u00f1a Paola Orellana y sus hijos.<br \/>\n\u00abA decir verdad es poco lo que hemos recolectado, pero eso no nos desanima, ya tenemos cuadernos, l\u00e1pices de colores, una mochila y juegos de geometr\u00eda, tambi\u00e9n nos lleg\u00f3 una bolsa de ropa y una bolsa de arroz y una botella de aceite, quiero invitar a las personas que en otros a\u00f1os s\u00ed han donado cuando hubo incendios en Valpara\u00edso, ahora se trata de una vecina de Llay Llay, la historia ya es conocida y se trata de un caso cercano y muy real, pueden llamarme al +56 9 9310 1535, \u00f3 bien dejar aqu\u00ed en la carnicer\u00eda el donativo, esta campa\u00f1a termina el pr\u00f3ximo martes, cuando acopiemos todo lo donado y lo llevemos el mi\u00e9rcoles a Llay Llay\u00bb, dijo don Juan Gonz\u00e1lez, administrador de Carnes KAR. Tambi\u00e9n los interesados en apoyar pueden llamar directamente a do\u00f1a Paola al 9 9370 6559.<\/p>\n<p><span style=\"color: #ff0000;\"><strong>SUS HIJOS PRIMERO<\/strong><\/span><br \/>\nHoy queremos compartir con nuestros lectores algunos datos b\u00e1sicos de la situaci\u00f3n de do\u00f1a Paola, para as\u00ed orientarles y sepan con certeza qu\u00e9 pueden comprar para esta familia. Nuestro medio habl\u00f3 con Paola en su casa de habitaci\u00f3n, ella simplemente ha dejado de lado el temor al \u2018Qu\u00e9 dir\u00e1n\u2019, pues est\u00e1 consciente de que sus hijos son primero que las apariencias.<br \/>\n<strong>&#8211; \u00bfQu\u00e9 edad tienen sus hijos y c\u00f3mo pueden nuestros lectores ayudar?<\/strong><br \/>\n&#8211; La edad de mis hijos es de dos 2 la peque\u00f1ita; 8 a\u00f1os el que le sigue; 14 el m\u00e1s grande (calzado 41) y 17 a\u00f1os de edad mi hija mayor (calza 39), por ahora contamos con dos kilos de az\u00facar, arroz y poquitas cosas. Tambi\u00e9n, por tener mi invalidez de cadera, en el Cesfam me est\u00e1n pidiendo que instale un ba\u00f1o para persona discapacitada, el Municipio inici\u00f3 las obras para hacerlo, pero no se logr\u00f3 terminar, el ba\u00f1o que tenemos no funciona tampoco, tenemos que echar el agua con un balde.<br \/>\n<strong>Roberto Gonz\u00e1lez Short<\/strong><\/p>\n<figure id=\"attachment_85170\" aria-describedby=\"caption-attachment-85170\" style=\"width: 580px\" class=\"wp-caption alignnone\"><img data-recalc-dims=\"1\" loading=\"lazy\" decoding=\"async\" class=\"size-full wp-image-85170\" src=\"https:\/\/i0.wp.com\/www.eltrabajo.cl\/2017\/wp-content\/uploads\/2018\/03\/Donativos4.jpg?resize=580%2C563\" alt=\"T\u00cdMIDA RESPUESTA.- Don Juan Gonz\u00e1lez muestra los \u00fanicos donativos que han llegado a su carnicer\u00eda, por eso el llamado lo hacemos de nuevo.\" width=\"580\" height=\"563\" srcset=\"https:\/\/i0.wp.com\/eltrabajo.cl\/portal\/wp-content\/uploads\/2018\/03\/Donativos4.jpg?w=580&amp;ssl=1 580w, https:\/\/i0.wp.com\/eltrabajo.cl\/portal\/wp-content\/uploads\/2018\/03\/Donativos4.jpg?resize=155%2C150&amp;ssl=1 155w, https:\/\/i0.wp.com\/eltrabajo.cl\/portal\/wp-content\/uploads\/2018\/03\/Donativos4.jpg?resize=300%2C291&amp;ssl=1 300w, https:\/\/i0.wp.com\/eltrabajo.cl\/portal\/wp-content\/uploads\/2018\/03\/Donativos4.jpg?resize=400%2C388&amp;ssl=1 400w\" sizes=\"auto, (max-width: 580px) 100vw, 580px\" \/><figcaption id=\"caption-attachment-85170\" class=\"wp-caption-text\">T\u00cdMIDA RESPUESTA.- Don Juan Gonz\u00e1lez muestra los \u00fanicos donativos que han llegado a su carnicer\u00eda, por eso el llamado lo hacemos de nuevo.<\/figcaption><\/figure>\n<figure id=\"attachment_85169\" aria-describedby=\"caption-attachment-85169\" style=\"width: 580px\" class=\"wp-caption alignnone\"><img data-recalc-dims=\"1\" loading=\"lazy\" decoding=\"async\" class=\"size-full wp-image-85169\" src=\"https:\/\/i0.wp.com\/www.eltrabajo.cl\/2017\/wp-content\/uploads\/2018\/03\/Donativos3.jpg?resize=580%2C400\" alt=\"PARA CUATRO PERSONAS.- Esta era toda la mercader\u00eda que hab\u00eda en el caj\u00f3n de esta familia, cuando lo abrimos durante nuestra visita.\" width=\"580\" height=\"400\" srcset=\"https:\/\/i0.wp.com\/eltrabajo.cl\/portal\/wp-content\/uploads\/2018\/03\/Donativos3.jpg?w=580&amp;ssl=1 580w, https:\/\/i0.wp.com\/eltrabajo.cl\/portal\/wp-content\/uploads\/2018\/03\/Donativos3.jpg?resize=200%2C138&amp;ssl=1 200w, https:\/\/i0.wp.com\/eltrabajo.cl\/portal\/wp-content\/uploads\/2018\/03\/Donativos3.jpg?resize=300%2C207&amp;ssl=1 300w, https:\/\/i0.wp.com\/eltrabajo.cl\/portal\/wp-content\/uploads\/2018\/03\/Donativos3.jpg?resize=218%2C150&amp;ssl=1 218w, https:\/\/i0.wp.com\/eltrabajo.cl\/portal\/wp-content\/uploads\/2018\/03\/Donativos3.jpg?resize=400%2C276&amp;ssl=1 400w\" sizes=\"auto, (max-width: 580px) 100vw, 580px\" \/><figcaption id=\"caption-attachment-85169\" class=\"wp-caption-text\">PARA CUATRO PERSONAS.- Esta era toda la mercader\u00eda que hab\u00eda en el caj\u00f3n de esta familia, cuando lo abrimos durante nuestra visita.<\/figcaption><\/figure>\n<figure id=\"attachment_85167\" aria-describedby=\"caption-attachment-85167\" style=\"width: 580px\" class=\"wp-caption alignnone\"><img data-recalc-dims=\"1\" loading=\"lazy\" decoding=\"async\" class=\"size-full wp-image-85167\" src=\"https:\/\/i0.wp.com\/www.eltrabajo.cl\/2017\/wp-content\/uploads\/2018\/03\/Donativos1.jpg?resize=580%2C400\" alt=\"\u00daLTIMO LLAMADO.- La \u00faltima vez que visitamos la casa de do\u00f1a Paola apenas hab\u00edan recibido algunos pares de zapatos, una mochila escolar y dinero en efectivo.\" width=\"580\" height=\"400\" srcset=\"https:\/\/i0.wp.com\/eltrabajo.cl\/portal\/wp-content\/uploads\/2018\/03\/Donativos1.jpg?w=580&amp;ssl=1 580w, https:\/\/i0.wp.com\/eltrabajo.cl\/portal\/wp-content\/uploads\/2018\/03\/Donativos1.jpg?resize=200%2C138&amp;ssl=1 200w, https:\/\/i0.wp.com\/eltrabajo.cl\/portal\/wp-content\/uploads\/2018\/03\/Donativos1.jpg?resize=300%2C207&amp;ssl=1 300w, https:\/\/i0.wp.com\/eltrabajo.cl\/portal\/wp-content\/uploads\/2018\/03\/Donativos1.jpg?resize=218%2C150&amp;ssl=1 218w, https:\/\/i0.wp.com\/eltrabajo.cl\/portal\/wp-content\/uploads\/2018\/03\/Donativos1.jpg?resize=400%2C276&amp;ssl=1 400w\" sizes=\"auto, (max-width: 580px) 100vw, 580px\" \/><figcaption id=\"caption-attachment-85167\" class=\"wp-caption-text\">\u00daLTIMO LLAMADO.- La \u00faltima vez que visitamos la casa de do\u00f1a Paola apenas hab\u00edan recibido algunos pares de zapatos, una mochila escolar y dinero en efectivo.<\/figcaption><\/figure>\n<figure id=\"attachment_85166\" aria-describedby=\"caption-attachment-85166\" style=\"width: 580px\" class=\"wp-caption alignnone\"><img data-recalc-dims=\"1\" loading=\"lazy\" decoding=\"async\" class=\"size-full wp-image-85166\" src=\"https:\/\/i0.wp.com\/www.eltrabajo.cl\/2017\/wp-content\/uploads\/2018\/03\/Donativos_Marcelo-Castro.jpg?resize=580%2C707\" alt=\"NO IMPORTA LA CANTIDAD.- Marcelo Castro, empleado de los Corrales municipales, visit\u00f3 nuestra Sala de Redacci\u00f3n para entregar este valioso donativo.\" width=\"580\" height=\"707\" srcset=\"https:\/\/i0.wp.com\/eltrabajo.cl\/portal\/wp-content\/uploads\/2018\/03\/Donativos_Marcelo-Castro.jpg?w=580&amp;ssl=1 580w, https:\/\/i0.wp.com\/eltrabajo.cl\/portal\/wp-content\/uploads\/2018\/03\/Donativos_Marcelo-Castro.jpg?resize=123%2C150&amp;ssl=1 123w, https:\/\/i0.wp.com\/eltrabajo.cl\/portal\/wp-content\/uploads\/2018\/03\/Donativos_Marcelo-Castro.jpg?resize=246%2C300&amp;ssl=1 246w, https:\/\/i0.wp.com\/eltrabajo.cl\/portal\/wp-content\/uploads\/2018\/03\/Donativos_Marcelo-Castro.jpg?resize=400%2C488&amp;ssl=1 400w\" sizes=\"auto, (max-width: 580px) 100vw, 580px\" \/><figcaption id=\"caption-attachment-85166\" class=\"wp-caption-text\">NO IMPORTA LA CANTIDAD.- Marcelo Castro, empleado de los Corrales municipales, visit\u00f3 nuestra Sala de Redacci\u00f3n para entregar este valioso donativo.<\/figcaption><\/figure>\n<figure id=\"attachment_85165\" aria-describedby=\"caption-attachment-85165\" style=\"width: 580px\" class=\"wp-caption alignnone\"><img data-recalc-dims=\"1\" loading=\"lazy\" decoding=\"async\" class=\"size-full wp-image-85165\" src=\"https:\/\/i0.wp.com\/www.eltrabajo.cl\/2017\/wp-content\/uploads\/2018\/03\/Donativos_Juan-Gonzalez.jpg?resize=580%2C635\" alt=\"Juan Gonz\u00e1lez, administrador de Carnes KAR.\" width=\"580\" height=\"635\" srcset=\"https:\/\/i0.wp.com\/eltrabajo.cl\/portal\/wp-content\/uploads\/2018\/03\/Donativos_Juan-Gonzalez.jpg?w=580&amp;ssl=1 580w, https:\/\/i0.wp.com\/eltrabajo.cl\/portal\/wp-content\/uploads\/2018\/03\/Donativos_Juan-Gonzalez.jpg?resize=137%2C150&amp;ssl=1 137w, https:\/\/i0.wp.com\/eltrabajo.cl\/portal\/wp-content\/uploads\/2018\/03\/Donativos_Juan-Gonzalez.jpg?resize=274%2C300&amp;ssl=1 274w, https:\/\/i0.wp.com\/eltrabajo.cl\/portal\/wp-content\/uploads\/2018\/03\/Donativos_Juan-Gonzalez.jpg?resize=400%2C438&amp;ssl=1 400w\" sizes=\"auto, (max-width: 580px) 100vw, 580px\" \/><figcaption id=\"caption-attachment-85165\" class=\"wp-caption-text\">Juan Gonz\u00e1lez, administrador de Carnes KAR.<\/figcaption><\/figure>\n","protected":false},"excerpt":{"rendered":"<p>El mi\u00e9rcoles ellos recibir\u00e1n los donativos en su casa: Una madre con serios problemas en su cadera; tres ni\u00f1os en edad escolar y una casa que se cae a pedazos, es la&#8230;<\/p>\n","protected":false},"author":1,"featured_media":85167,"comment_status":"open","ping_status":"open","sticky":false,"template":"","format":"standard","meta":{"advanced_seo_description":"","jetpack_seo_html_title":"","jetpack_seo_noindex":false,"_jetpack_memberships_contains_paid_content":false,"footnotes":""},"categories":[15],"tags":[],"class_list":["post-85164","post","type-post","status-publish","format-standard","has-post-thumbnail","hentry","category-comunidad"],"jetpack_featured_media_url":"https:\/\/i0.wp.com\/eltrabajo.cl\/portal\/wp-content\/uploads\/2018\/03\/Donativos1.jpg?fit=580%2C400&ssl=1","jetpack_sharing_enabled":true,"jetpack_likes_enabled":true,"jetpack-related-posts":[],"_links":{"self":[{"href":"https:\/\/eltrabajo.cl\/portal\/wp-json\/wp\/v2\/posts\/85164","targetHints":{"allow":["GET"]}}],"collection":[{"href":"https:\/\/eltrabajo.cl\/portal\/wp-json\/wp\/v2\/posts"}],"about":[{"href":"https:\/\/eltrabajo.cl\/portal\/wp-json\/wp\/v2\/types\/post"}],"author":[{"embeddable":true,"href":"https:\/\/eltrabajo.cl\/portal\/wp-json\/wp\/v2\/users\/1"}],"replies":[{"embeddable":true,"href":"https:\/\/eltrabajo.cl\/portal\/wp-json\/wp\/v2\/comments?post=85164"}],"version-history":[{"count":0,"href":"https:\/\/eltrabajo.cl\/portal\/wp-json\/wp\/v2\/posts\/85164\/revisions"}],"wp:featuredmedia":[{"embeddable":true,"href":"https:\/\/eltrabajo.cl\/portal\/wp-json\/wp\/v2\/media\/85167"}],"wp:attachment":[{"href":"https:\/\/eltrabajo.cl\/portal\/wp-json\/wp\/v2\/media?parent=85164"}],"wp:term":[{"taxonomy":"category","embeddable":true,"href":"https:\/\/eltrabajo.cl\/portal\/wp-json\/wp\/v2\/categories?post=85164"},{"taxonomy":"post_tag","embeddable":true,"href":"https:\/\/eltrabajo.cl\/portal\/wp-json\/wp\/v2\/tags?post=85164"}],"curies":[{"name":"wp","href":"https:\/\/api.w.org\/{rel}","templated":true}]}}