{"id":85178,"date":"2018-03-09T05:00:21","date_gmt":"2018-03-09T09:00:21","guid":{"rendered":"http:\/\/www.eltrabajo.cl\/2017\/?p=85178"},"modified":"2018-03-09T05:00:21","modified_gmt":"2018-03-09T09:00:21","slug":"tecnico-y-jugador-de-san-felipe-basket-integran-la-seleccion-chilena-u16","status":"publish","type":"post","link":"https:\/\/eltrabajo.cl\/portal\/tecnico-y-jugador-de-san-felipe-basket-integran-la-seleccion-chilena-u16\/","title":{"rendered":"T\u00e9cnico y jugador de San Felipe Basket integran la selecci\u00f3n chilena U16"},"content":{"rendered":"<figure id=\"attachment_85180\" aria-describedby=\"caption-attachment-85180\" style=\"width: 580px\" class=\"wp-caption alignnone\"><img data-recalc-dims=\"1\" loading=\"lazy\" decoding=\"async\" class=\"size-full wp-image-85180\" src=\"https:\/\/i0.wp.com\/www.eltrabajo.cl\/2017\/wp-content\/uploads\/2018\/03\/seleccion-u16.jpg?resize=580%2C400\" alt=\"La selecci\u00f3n chilena U16 inici\u00f3 su proceso de preparaci\u00f3n para el Sudamericano de la categor\u00eda del pr\u00f3ximo a\u00f1o.\" width=\"580\" height=\"400\" srcset=\"https:\/\/i0.wp.com\/eltrabajo.cl\/portal\/wp-content\/uploads\/2018\/03\/seleccion-u16.jpg?w=580&amp;ssl=1 580w, https:\/\/i0.wp.com\/eltrabajo.cl\/portal\/wp-content\/uploads\/2018\/03\/seleccion-u16.jpg?resize=200%2C138&amp;ssl=1 200w, https:\/\/i0.wp.com\/eltrabajo.cl\/portal\/wp-content\/uploads\/2018\/03\/seleccion-u16.jpg?resize=300%2C207&amp;ssl=1 300w, https:\/\/i0.wp.com\/eltrabajo.cl\/portal\/wp-content\/uploads\/2018\/03\/seleccion-u16.jpg?resize=218%2C150&amp;ssl=1 218w, https:\/\/i0.wp.com\/eltrabajo.cl\/portal\/wp-content\/uploads\/2018\/03\/seleccion-u16.jpg?resize=400%2C276&amp;ssl=1 400w\" sizes=\"auto, (max-width: 580px) 100vw, 580px\" \/><figcaption id=\"caption-attachment-85180\" class=\"wp-caption-text\">La selecci\u00f3n chilena U16 inici\u00f3 su proceso de preparaci\u00f3n para el Sudamericano de la categor\u00eda del pr\u00f3ximo a\u00f1o.<\/figcaption><\/figure>\n<p>Con bastante anticipaci\u00f3n inici\u00f3 su proceso de preparaci\u00f3n para el Sudamericano de b\u00e1squetbol 2019 el combinado nacional U16, que dentro de sus filas cuenta con el jugador de San Felipe Basket, Jos\u00e9 Toledo, y el profesor Felipe Rodr\u00edguez quien cumple funciones de asistente t\u00e9cnico de Daniel Frola.<br \/>\nEl equipo nacional estuvo concentrado desde el martes 27 de febrero hasta el domingo 4 de marzo en el Centro de Entrenamiento Ol\u00edmpico (CEO), en lo que fue la primera de varias estaciones previas hasta llegar al torneo continental en el cual buscar\u00e1n los pasajes para poder llegar al Pre Mundial U17, el gran objetivo que quiere alcanzar este grupo que tiene a dos sanfelipe\u00f1os como soportes muy importantes.<\/p>\n<figure id=\"attachment_85179\" aria-describedby=\"caption-attachment-85179\" style=\"width: 580px\" class=\"wp-caption alignnone\"><img data-recalc-dims=\"1\" loading=\"lazy\" decoding=\"async\" class=\"size-full wp-image-85179\" src=\"https:\/\/i0.wp.com\/www.eltrabajo.cl\/2017\/wp-content\/uploads\/2018\/03\/felipe-y-jugador.jpg?resize=580%2C399\" alt=\"El t\u00e9cnico Felipe Rodr\u00edguez y el jugador Jos\u00e9 Toledo integran la selecci\u00f3n chilena U16. \" width=\"580\" height=\"399\" srcset=\"https:\/\/i0.wp.com\/eltrabajo.cl\/portal\/wp-content\/uploads\/2018\/03\/felipe-y-jugador.jpg?w=580&amp;ssl=1 580w, https:\/\/i0.wp.com\/eltrabajo.cl\/portal\/wp-content\/uploads\/2018\/03\/felipe-y-jugador.jpg?resize=200%2C138&amp;ssl=1 200w, https:\/\/i0.wp.com\/eltrabajo.cl\/portal\/wp-content\/uploads\/2018\/03\/felipe-y-jugador.jpg?resize=300%2C206&amp;ssl=1 300w, https:\/\/i0.wp.com\/eltrabajo.cl\/portal\/wp-content\/uploads\/2018\/03\/felipe-y-jugador.jpg?resize=218%2C150&amp;ssl=1 218w, https:\/\/i0.wp.com\/eltrabajo.cl\/portal\/wp-content\/uploads\/2018\/03\/felipe-y-jugador.jpg?resize=400%2C275&amp;ssl=1 400w\" sizes=\"auto, (max-width: 580px) 100vw, 580px\" \/><figcaption id=\"caption-attachment-85179\" class=\"wp-caption-text\">El t\u00e9cnico Felipe Rodr\u00edguez y el jugador Jos\u00e9 Toledo integran la selecci\u00f3n chilena U16.<\/figcaption><\/figure>\n","protected":false},"excerpt":{"rendered":"<p>Con bastante anticipaci\u00f3n inici\u00f3 su proceso de preparaci\u00f3n para el Sudamericano de b\u00e1squetbol 2019 el combinado nacional U16, que dentro de sus filas cuenta con el jugador de San Felipe Basket, Jos\u00e9&#8230;<\/p>\n","protected":false},"author":1,"featured_media":85179,"comment_status":"open","ping_status":"open","sticky":false,"template":"","format":"standard","meta":{"advanced_seo_description":"","jetpack_seo_html_title":"","jetpack_seo_noindex":false,"_jetpack_memberships_contains_paid_content":false,"footnotes":""},"categories":[19],"tags":[],"class_list":["post-85178","post","type-post","status-publish","format-standard","has-post-thumbnail","hentry","category-deportes"],"jetpack_featured_media_url":"https:\/\/i0.wp.com\/eltrabajo.cl\/portal\/wp-content\/uploads\/2018\/03\/felipe-y-jugador.jpg?fit=580%2C399&ssl=1","jetpack_sharing_enabled":true,"jetpack_likes_enabled":true,"jetpack-related-posts":[],"_links":{"self":[{"href":"https:\/\/eltrabajo.cl\/portal\/wp-json\/wp\/v2\/posts\/85178","targetHints":{"allow":["GET"]}}],"collection":[{"href":"https:\/\/eltrabajo.cl\/portal\/wp-json\/wp\/v2\/posts"}],"about":[{"href":"https:\/\/eltrabajo.cl\/portal\/wp-json\/wp\/v2\/types\/post"}],"author":[{"embeddable":true,"href":"https:\/\/eltrabajo.cl\/portal\/wp-json\/wp\/v2\/users\/1"}],"replies":[{"embeddable":true,"href":"https:\/\/eltrabajo.cl\/portal\/wp-json\/wp\/v2\/comments?post=85178"}],"version-history":[{"count":0,"href":"https:\/\/eltrabajo.cl\/portal\/wp-json\/wp\/v2\/posts\/85178\/revisions"}],"wp:featuredmedia":[{"embeddable":true,"href":"https:\/\/eltrabajo.cl\/portal\/wp-json\/wp\/v2\/media\/85179"}],"wp:attachment":[{"href":"https:\/\/eltrabajo.cl\/portal\/wp-json\/wp\/v2\/media?parent=85178"}],"wp:term":[{"taxonomy":"category","embeddable":true,"href":"https:\/\/eltrabajo.cl\/portal\/wp-json\/wp\/v2\/categories?post=85178"},{"taxonomy":"post_tag","embeddable":true,"href":"https:\/\/eltrabajo.cl\/portal\/wp-json\/wp\/v2\/tags?post=85178"}],"curies":[{"name":"wp","href":"https:\/\/api.w.org\/{rel}","templated":true}]}}