{"id":85190,"date":"2018-03-09T05:03:43","date_gmt":"2018-03-09T09:03:43","guid":{"rendered":"http:\/\/www.eltrabajo.cl\/2017\/?p=85190"},"modified":"2018-03-09T05:03:43","modified_gmt":"2018-03-09T09:03:43","slug":"el-basquetbol-de-prat-pierde-a-muchos-de-sus-jugadores-cadetes","status":"publish","type":"post","link":"https:\/\/eltrabajo.cl\/portal\/el-basquetbol-de-prat-pierde-a-muchos-de-sus-jugadores-cadetes\/","title":{"rendered":"El b\u00e1squetbol de Prat pierde a muchos de sus jugadores cadetes"},"content":{"rendered":"<figure id=\"attachment_85191\" aria-describedby=\"caption-attachment-85191\" style=\"width: 580px\" class=\"wp-caption alignnone\"><img data-recalc-dims=\"1\" loading=\"lazy\" decoding=\"async\" class=\"size-full wp-image-85191\" src=\"https:\/\/i0.wp.com\/www.eltrabajo.cl\/2017\/wp-content\/uploads\/2018\/03\/prat-ni%C3%B1os.jpg?resize=580%2C400\" alt=\"El club Arturo Prat perdi\u00f3 a gran parte de los jugadores de sus series menores.\" width=\"580\" height=\"400\" srcset=\"https:\/\/i0.wp.com\/eltrabajo.cl\/portal\/wp-content\/uploads\/2018\/03\/prat-ni%C3%B1os.jpg?w=580&amp;ssl=1 580w, https:\/\/i0.wp.com\/eltrabajo.cl\/portal\/wp-content\/uploads\/2018\/03\/prat-ni%C3%B1os.jpg?resize=200%2C138&amp;ssl=1 200w, https:\/\/i0.wp.com\/eltrabajo.cl\/portal\/wp-content\/uploads\/2018\/03\/prat-ni%C3%B1os.jpg?resize=300%2C207&amp;ssl=1 300w, https:\/\/i0.wp.com\/eltrabajo.cl\/portal\/wp-content\/uploads\/2018\/03\/prat-ni%C3%B1os.jpg?resize=218%2C150&amp;ssl=1 218w, https:\/\/i0.wp.com\/eltrabajo.cl\/portal\/wp-content\/uploads\/2018\/03\/prat-ni%C3%B1os.jpg?resize=400%2C276&amp;ssl=1 400w\" sizes=\"auto, (max-width: 580px) 100vw, 580px\" \/><figcaption id=\"caption-attachment-85191\" class=\"wp-caption-text\">El club Arturo Prat perdi\u00f3 a gran parte de los jugadores de sus series menores.<\/figcaption><\/figure>\n<p>Una situaci\u00f3n muy delicada y en extremo compleja atraviesa por estos d\u00edas la rama cestera del club Arturo Prat, debido a que cerca de una treintena de jugadores pertenecientes a sus series formativas abandonaron el club para partir a un nuevo proyecto de b\u00e1squetbol que tendr\u00e1 lugar en Los Andes y que ser\u00e1 encabezado t\u00e9cnicamente por Galo Lara.<br \/>\nFuentes altamente confiables informaron a nuestro medio que al interior de la dirigencia pratina existe mucha molestia y dolor por la forma en que se dieron las cosas, ya que pr\u00e1cticamente se quedaron sin series menores, cosa no menor ya que el Prat, si quiere competir en la competencia de la Liga Nacional, debe presentar tres equipos formativos (U13, U15 y U17) algo que ahora no tienen. \u201cSe fueron casi todos, por lo que el club est\u00e1 obligado a buscar ni\u00f1os que quieran integrarse a la rama de b\u00e1squetbol; de lo contrario las cosas se pondr\u00e1n muy dif\u00edciles para el funcionamiento econ\u00f3mico y deportivo de su rama cestera, ya que cada ni\u00f1o que la integra paga por su formaci\u00f3n, adem\u00e1s que junto a su respectiva familia participa de otro tipos de actividades para recaudar recursos\u201d, cont\u00f3 nuestro informante, que confirm\u00f3 que los pases de los jugadores fueron adquiridos por su nueva casa deportiva, algo que en el Prat ven como un \u2018golpe bajo\u2019 ya que entienden que esa instituci\u00f3n deber\u00eda formar sus propios jugadores y no sacarlos de otros clubes. \u201cEs una pena lo que pas\u00f3 porque formar un jugador cuesta mucho tiempo y dinero\u201d, finaliz\u00f3.<br \/>\nRespecto a si pod\u00eda revertirse la situaci\u00f3n, se nos inform\u00f3 que el Prat hizo llegar una carta a la Federaci\u00f3n de B\u00e1squetbol de Chile para que sea el ente rector de los cestos nacionales el que tome cartas en el asunto.<\/p>\n","protected":false},"excerpt":{"rendered":"<p>Una situaci\u00f3n muy delicada y en extremo compleja atraviesa por estos d\u00edas la rama cestera del club Arturo Prat, debido a que cerca de una treintena de jugadores pertenecientes a sus series&#8230;<\/p>\n","protected":false},"author":1,"featured_media":85191,"comment_status":"open","ping_status":"open","sticky":false,"template":"","format":"standard","meta":{"advanced_seo_description":"","jetpack_seo_html_title":"","jetpack_seo_noindex":false,"_jetpack_memberships_contains_paid_content":false,"footnotes":""},"categories":[19],"tags":[],"class_list":["post-85190","post","type-post","status-publish","format-standard","has-post-thumbnail","hentry","category-deportes"],"jetpack_featured_media_url":"https:\/\/i0.wp.com\/eltrabajo.cl\/portal\/wp-content\/uploads\/2018\/03\/prat-ni%C3%B1os.jpg?fit=580%2C400&ssl=1","jetpack_sharing_enabled":true,"jetpack_likes_enabled":true,"jetpack-related-posts":[],"_links":{"self":[{"href":"https:\/\/eltrabajo.cl\/portal\/wp-json\/wp\/v2\/posts\/85190","targetHints":{"allow":["GET"]}}],"collection":[{"href":"https:\/\/eltrabajo.cl\/portal\/wp-json\/wp\/v2\/posts"}],"about":[{"href":"https:\/\/eltrabajo.cl\/portal\/wp-json\/wp\/v2\/types\/post"}],"author":[{"embeddable":true,"href":"https:\/\/eltrabajo.cl\/portal\/wp-json\/wp\/v2\/users\/1"}],"replies":[{"embeddable":true,"href":"https:\/\/eltrabajo.cl\/portal\/wp-json\/wp\/v2\/comments?post=85190"}],"version-history":[{"count":0,"href":"https:\/\/eltrabajo.cl\/portal\/wp-json\/wp\/v2\/posts\/85190\/revisions"}],"wp:featuredmedia":[{"embeddable":true,"href":"https:\/\/eltrabajo.cl\/portal\/wp-json\/wp\/v2\/media\/85191"}],"wp:attachment":[{"href":"https:\/\/eltrabajo.cl\/portal\/wp-json\/wp\/v2\/media?parent=85190"}],"wp:term":[{"taxonomy":"category","embeddable":true,"href":"https:\/\/eltrabajo.cl\/portal\/wp-json\/wp\/v2\/categories?post=85190"},{"taxonomy":"post_tag","embeddable":true,"href":"https:\/\/eltrabajo.cl\/portal\/wp-json\/wp\/v2\/tags?post=85190"}],"curies":[{"name":"wp","href":"https:\/\/api.w.org\/{rel}","templated":true}]}}