{"id":85193,"date":"2018-03-09T05:04:30","date_gmt":"2018-03-09T09:04:30","guid":{"rendered":"http:\/\/www.eltrabajo.cl\/2017\/?p=85193"},"modified":"2018-03-09T05:04:30","modified_gmt":"2018-03-09T09:04:30","slug":"construirian-un-edificio-consistorial-para-aglutinar-varios-servicios-a-la-comunidad","status":"publish","type":"post","link":"https:\/\/eltrabajo.cl\/portal\/construirian-un-edificio-consistorial-para-aglutinar-varios-servicios-a-la-comunidad\/","title":{"rendered":"Construir\u00edan un edificio consistorial para aglutinar varios servicios a la comunidad"},"content":{"rendered":"<figure id=\"attachment_85194\" aria-describedby=\"caption-attachment-85194\" style=\"width: 580px\" class=\"wp-caption alignnone\"><img data-recalc-dims=\"1\" loading=\"lazy\" decoding=\"async\" class=\"size-full wp-image-85194\" src=\"https:\/\/i0.wp.com\/www.eltrabajo.cl\/2017\/wp-content\/uploads\/2018\/03\/edificio.jpg?resize=580%2C398\" alt=\"En este lugar donde se ubicaban las piscinas municipales, costado sur del estadio municipal, se pretende construir un edificio consistorial.\" width=\"580\" height=\"398\" srcset=\"https:\/\/i0.wp.com\/eltrabajo.cl\/portal\/wp-content\/uploads\/2018\/03\/edificio.jpg?w=580&amp;ssl=1 580w, https:\/\/i0.wp.com\/eltrabajo.cl\/portal\/wp-content\/uploads\/2018\/03\/edificio.jpg?resize=200%2C137&amp;ssl=1 200w, https:\/\/i0.wp.com\/eltrabajo.cl\/portal\/wp-content\/uploads\/2018\/03\/edificio.jpg?resize=300%2C206&amp;ssl=1 300w, https:\/\/i0.wp.com\/eltrabajo.cl\/portal\/wp-content\/uploads\/2018\/03\/edificio.jpg?resize=219%2C150&amp;ssl=1 219w, https:\/\/i0.wp.com\/eltrabajo.cl\/portal\/wp-content\/uploads\/2018\/03\/edificio.jpg?resize=400%2C274&amp;ssl=1 400w\" sizes=\"auto, (max-width: 580px) 100vw, 580px\" \/><figcaption id=\"caption-attachment-85194\" class=\"wp-caption-text\">En este lugar donde se ubicaban las piscinas municipales, costado sur del estadio municipal, se pretende construir un edificio consistorial.<\/figcaption><\/figure>\n<ul>\n<li><span style=\"color: #ff0000;\"><strong>Al costado sur del estadio Municipal<\/strong><\/span><\/li>\n<\/ul>\n<p>El secretario de planificaci\u00f3n (Secpla) de la municipalidad de San Felipe, Claudio Paredes, inform\u00f3 que est\u00e1n levantando un proyecto que permita reunir a todos los servicios municipales como son Dideco, Deporte y posiblemente la oficina de la discapacidad, en un solo edificio.<br \/>\nSeg\u00fan se\u00f1al\u00f3 el Secpla, el a\u00f1o pasado el concejo municipal y el alcalde Freire solicitaron su presencia con la inquietud de poder levantar un proyecto que pudiera aglutinar o juntar a todos los servicios comunales, dado que los espacios de estructura municipal estaban caducados.<br \/>\nReconoci\u00f3 que hoy en d\u00eda se paga una cantidad importante en arriendo; \u201cesto lleva a repensar, analizar la ubicaci\u00f3n de los servicios municipales. En ese contexto planteamos dos l\u00edneas de trabajo, para ello hicimos un estudio de cabida de pre factibilidad correspondiente al lugar donde estaba la antigua piscina frente al estadio municipal, en el sector sur, donde posteriormente se hizo una calle; all\u00ed nosotros proyectamos la posibilidad de presentar este a\u00f1o al Gobierno Regional un proyecto para financiamiento de dise\u00f1o de un edificio de servicios comunitarios. Qu\u00e9 significa esto, que se aglutinar\u00edan todos los servicios que hoy en d\u00eda se entregan a la comunidad como Dideco m\u00e1s el departamento de Deportes que hoy en d\u00eda administra el estadio municipal, y probablemente podamos incorporar la oficina de la Discapacidad ah\u00ed. Es posible de construir un edificio porque es municipal y no es distante del centro, ya est\u00e1 incorporado en la trama de servicio de San Felipe\u201d, indic\u00f3 Paredes.<br \/>\nEn ese contexto se\u00f1al\u00f3 que actualmente hay muchos programas, algunos son de gobierno, otros municipales; \u201centonces tienen que solucionarle ese problema para que el vecino no tenga que caminar de una dependencia a otra, porque eso tambi\u00e9n es molesto, sino que haga su tr\u00e1mite en un mismo lugar\u201d, finaliz\u00f3.<br \/>\nEl tipo de edificio que desean construir es superior a cinco pisos, que permita dar cabida con holgura a los servicios municipales.<\/p>\n","protected":false},"excerpt":{"rendered":"<p>Al costado sur del estadio Municipal El secretario de planificaci\u00f3n (Secpla) de la municipalidad de San Felipe, Claudio Paredes, inform\u00f3 que est\u00e1n levantando un proyecto que permita reunir a todos los servicios&#8230;<\/p>\n","protected":false},"author":1,"featured_media":85194,"comment_status":"open","ping_status":"open","sticky":false,"template":"","format":"standard","meta":{"advanced_seo_description":"","jetpack_seo_html_title":"","jetpack_seo_noindex":false,"_jetpack_memberships_contains_paid_content":false,"footnotes":""},"categories":[1],"tags":[],"class_list":["post-85193","post","type-post","status-publish","format-standard","has-post-thumbnail","hentry","category-cronica"],"jetpack_featured_media_url":"https:\/\/i0.wp.com\/eltrabajo.cl\/portal\/wp-content\/uploads\/2018\/03\/edificio.jpg?fit=580%2C398&ssl=1","jetpack_sharing_enabled":true,"jetpack_likes_enabled":true,"jetpack-related-posts":[],"_links":{"self":[{"href":"https:\/\/eltrabajo.cl\/portal\/wp-json\/wp\/v2\/posts\/85193","targetHints":{"allow":["GET"]}}],"collection":[{"href":"https:\/\/eltrabajo.cl\/portal\/wp-json\/wp\/v2\/posts"}],"about":[{"href":"https:\/\/eltrabajo.cl\/portal\/wp-json\/wp\/v2\/types\/post"}],"author":[{"embeddable":true,"href":"https:\/\/eltrabajo.cl\/portal\/wp-json\/wp\/v2\/users\/1"}],"replies":[{"embeddable":true,"href":"https:\/\/eltrabajo.cl\/portal\/wp-json\/wp\/v2\/comments?post=85193"}],"version-history":[{"count":0,"href":"https:\/\/eltrabajo.cl\/portal\/wp-json\/wp\/v2\/posts\/85193\/revisions"}],"wp:featuredmedia":[{"embeddable":true,"href":"https:\/\/eltrabajo.cl\/portal\/wp-json\/wp\/v2\/media\/85194"}],"wp:attachment":[{"href":"https:\/\/eltrabajo.cl\/portal\/wp-json\/wp\/v2\/media?parent=85193"}],"wp:term":[{"taxonomy":"category","embeddable":true,"href":"https:\/\/eltrabajo.cl\/portal\/wp-json\/wp\/v2\/categories?post=85193"},{"taxonomy":"post_tag","embeddable":true,"href":"https:\/\/eltrabajo.cl\/portal\/wp-json\/wp\/v2\/tags?post=85193"}],"curies":[{"name":"wp","href":"https:\/\/api.w.org\/{rel}","templated":true}]}}