{"id":85209,"date":"2018-03-12T05:01:33","date_gmt":"2018-03-12T09:01:33","guid":{"rendered":"http:\/\/www.eltrabajo.cl\/2017\/?p=85209"},"modified":"2018-03-12T05:01:33","modified_gmt":"2018-03-12T09:01:33","slug":"galo-lara-da-su-version-y-cierra-el-tema-con-el-club-arturo-prat","status":"publish","type":"post","link":"https:\/\/eltrabajo.cl\/portal\/galo-lara-da-su-version-y-cierra-el-tema-con-el-club-arturo-prat\/","title":{"rendered":"Galo Lara da su versi\u00f3n y cierra el tema con el Club Arturo Prat"},"content":{"rendered":"<figure id=\"attachment_85210\" aria-describedby=\"caption-attachment-85210\" style=\"width: 580px\" class=\"wp-caption alignnone\"><img data-recalc-dims=\"1\" loading=\"lazy\" decoding=\"async\" class=\"size-full wp-image-85210\" src=\"https:\/\/i0.wp.com\/www.eltrabajo.cl\/2017\/wp-content\/uploads\/2018\/03\/galo-lara.jpg?resize=580%2C400\" alt=\"Galo Lara dej\u00f3 en claro que fueron los padres y los propios jugadores lo que voluntariamente lo siguieron a su nuevo proyecto deportivo. \" width=\"580\" height=\"400\" srcset=\"https:\/\/i0.wp.com\/eltrabajo.cl\/portal\/wp-content\/uploads\/2018\/03\/galo-lara.jpg?w=580&amp;ssl=1 580w, https:\/\/i0.wp.com\/eltrabajo.cl\/portal\/wp-content\/uploads\/2018\/03\/galo-lara.jpg?resize=200%2C138&amp;ssl=1 200w, https:\/\/i0.wp.com\/eltrabajo.cl\/portal\/wp-content\/uploads\/2018\/03\/galo-lara.jpg?resize=300%2C207&amp;ssl=1 300w, https:\/\/i0.wp.com\/eltrabajo.cl\/portal\/wp-content\/uploads\/2018\/03\/galo-lara.jpg?resize=218%2C150&amp;ssl=1 218w, https:\/\/i0.wp.com\/eltrabajo.cl\/portal\/wp-content\/uploads\/2018\/03\/galo-lara.jpg?resize=400%2C276&amp;ssl=1 400w\" sizes=\"auto, (max-width: 580px) 100vw, 580px\" \/><figcaption id=\"caption-attachment-85210\" class=\"wp-caption-text\">Galo Lara dej\u00f3 en claro que fueron los padres y los propios jugadores lo que voluntariamente lo siguieron a su nuevo proyecto deportivo.<\/figcaption><\/figure>\n<p>No pas\u00f3 inadvertida la publicaci\u00f3n de nuestro medio en la que inform\u00e1bamos sobre la compleja situaci\u00f3n que por estos d\u00edas vive la rama cestera del Club Arturo Prat al sufrir la baja de una treintena de jugadores de sus series formativas.<br \/>\nDespu\u00e9s de la nota (indesmentible) de El Trabajo Deportivo, es de p\u00fablico conocimiento que los ni\u00f1os decidieron abandonar el club del marinero para seguir a Galo Lara, t\u00e9cnico que los form\u00f3 y que por estos d\u00edas goza de un gran prestigio no s\u00f3lo a nivel local, sino que nacional despu\u00e9s de ser el forjador del hist\u00f3rico t\u00edtulo Sudamericana U17.<br \/>\nToda historia tiene dos caras o versiones y Lara quiso entregar la suya: \u201cHay varios puntos que deben ser aclarados, para que el tema se pueda cerrar y as\u00ed todos podamos seguir trabajando por el b\u00e1squetbol\u201d, comenz\u00f3 se\u00f1alando el coach.<br \/>\n<strong>&#8211; \u00bfEstaba muy desgastada tu relaci\u00f3n con el Prat?<\/strong><br \/>\n&#8211; \u201cYo renunci\u00e9 al club (Prat) el 2 de febrero y fue de buena forma en una reuni\u00f3n en la cual estuvieron presente Exequiel Carvallo y Jos\u00e9 Bull (directivos) quienes entendieron mi decisi\u00f3n de irme ya que no se me hab\u00edan dado una serie de requisitos que hab\u00eda solicitado, como por ejemplo un contrato de trabajo o dar boletas de honorarios algo que nunca sucedi\u00f3 en los siete a\u00f1os que estuve en el club, porque nunca hubo una solidez que permitiera financiar una temporada completa, adem\u00e1s de otras situaciones que me desgastaron como por ejemplo, que a\u00f1o tras a\u00f1o siempre tuve que estar llamando para cobrar mi sueldo\u201d.<br \/>\n<strong>&#8211; \u00bfEn qu\u00e9 estas ahora?<\/strong><br \/>\n&#8211; \u201cEn un proyecto muy serio donde buscamos trabajar de la forma m\u00e1s profesional posible, que es lo que siempre he buscado, adem\u00e1s de generar una cantera y bases s\u00f3lidas; es la oportunidad que hoy tengo en Los Andes\u201d.<br \/>\n<strong>&#8211; \u00bfSe van ni\u00f1os contigo?<\/strong><br \/>\n&#8211; \u201cSon los padres los que tienen la libertad de decidir d\u00f3nde quieren que est\u00e9n sus hijos yo no puedo decidir por ellos, pero tambi\u00e9n hay otros que se fueron a San Felipe B\u00e1sket y nadie ha dicho nada. Son los padres los responsables y no me hago cargo de eso y quiero aclararlo adem\u00e1s ser\u00eda bueno que se sepa que varios de esos ni\u00f1os llegaron al Prat porque yo trabajo en un colegio y desde ah\u00ed formamos las series inferiores, entonces es l\u00f3gico lo que pas\u00f3 (que se fueran los ni\u00f1os con el)\u201d.<br \/>\n<strong>&#8211; \u00bfTendr\u00e1s mucho trabajo porque en Los Andes en la pr\u00e1ctica no existe el b\u00e1squetbol?<\/strong><br \/>\n&#8211; \u201cHay un completo plan de trabajo armado para formar jugadores, integrar m\u00e1s gente de la zona y llegar en el corto plazo a la Liga Nacional para que todas las series puedan jugar a un alto nivel competitivo; trataremos de hacer llegar este deporte a todos y volver a reactivar la \u00e9poca gloriosa que en alg\u00fan momento entreg\u00f3 Liceo Mixto\u201d.<br \/>\n<strong>&#8211; \u00bfEst\u00e1s dolido?<\/strong><br \/>\n&#8211; \u201cClaro y es que no me merezco que se hable mal de m\u00ed, porque siempre mostr\u00e9 mucho compromiso con el Prat, tanto que si hoy d\u00eda el Fort\u00edn ser\u00e1 remodelado es por una gesti\u00f3n personal m\u00eda tras una reuni\u00f3n que sostuve con el alcalde Patricio Freire y despu\u00e9s se hizo cargo el presidente de la rama\u201d.<br \/>\n<strong>&#8211; \u00bfLa salida de los chicos est\u00e1 dentro del reglamento?<\/strong><br \/>\n&#8211; \u201cTodas las situaciones se hacen de acuerdo a los reglamentos y disposiciones de la Federaci\u00f3n de B\u00e1squetbol de Chile, que autoriza que cualquier jugador se pueda cambiar de club siempre y cuando su nueva casa cancele los dineros que corresponden, si eso se hace, existe libertad para que puedan jugar donde ellos quieran\u201d.<\/p>\n","protected":false},"excerpt":{"rendered":"<p>No pas\u00f3 inadvertida la publicaci\u00f3n de nuestro medio en la que inform\u00e1bamos sobre la compleja situaci\u00f3n que por estos d\u00edas vive la rama cestera del Club Arturo Prat al sufrir la baja&#8230;<\/p>\n","protected":false},"author":1,"featured_media":85210,"comment_status":"open","ping_status":"open","sticky":false,"template":"","format":"standard","meta":{"advanced_seo_description":"","jetpack_seo_html_title":"","jetpack_seo_noindex":false,"_jetpack_memberships_contains_paid_content":false,"footnotes":""},"categories":[19],"tags":[],"class_list":["post-85209","post","type-post","status-publish","format-standard","has-post-thumbnail","hentry","category-deportes"],"jetpack_featured_media_url":"https:\/\/i0.wp.com\/eltrabajo.cl\/portal\/wp-content\/uploads\/2018\/03\/galo-lara.jpg?fit=580%2C400&ssl=1","jetpack_sharing_enabled":true,"jetpack_likes_enabled":true,"jetpack-related-posts":[],"_links":{"self":[{"href":"https:\/\/eltrabajo.cl\/portal\/wp-json\/wp\/v2\/posts\/85209","targetHints":{"allow":["GET"]}}],"collection":[{"href":"https:\/\/eltrabajo.cl\/portal\/wp-json\/wp\/v2\/posts"}],"about":[{"href":"https:\/\/eltrabajo.cl\/portal\/wp-json\/wp\/v2\/types\/post"}],"author":[{"embeddable":true,"href":"https:\/\/eltrabajo.cl\/portal\/wp-json\/wp\/v2\/users\/1"}],"replies":[{"embeddable":true,"href":"https:\/\/eltrabajo.cl\/portal\/wp-json\/wp\/v2\/comments?post=85209"}],"version-history":[{"count":0,"href":"https:\/\/eltrabajo.cl\/portal\/wp-json\/wp\/v2\/posts\/85209\/revisions"}],"wp:featuredmedia":[{"embeddable":true,"href":"https:\/\/eltrabajo.cl\/portal\/wp-json\/wp\/v2\/media\/85210"}],"wp:attachment":[{"href":"https:\/\/eltrabajo.cl\/portal\/wp-json\/wp\/v2\/media?parent=85209"}],"wp:term":[{"taxonomy":"category","embeddable":true,"href":"https:\/\/eltrabajo.cl\/portal\/wp-json\/wp\/v2\/categories?post=85209"},{"taxonomy":"post_tag","embeddable":true,"href":"https:\/\/eltrabajo.cl\/portal\/wp-json\/wp\/v2\/tags?post=85209"}],"curies":[{"name":"wp","href":"https:\/\/api.w.org\/{rel}","templated":true}]}}