{"id":85212,"date":"2018-03-12T05:02:25","date_gmt":"2018-03-12T09:02:25","guid":{"rendered":"http:\/\/www.eltrabajo.cl\/2017\/?p=85212"},"modified":"2018-03-12T05:02:25","modified_gmt":"2018-03-12T09:02:25","slug":"natalia-munoz-y-felipe-martinez-ganaron-en-provincial-de-cueca","status":"publish","type":"post","link":"https:\/\/eltrabajo.cl\/portal\/natalia-munoz-y-felipe-martinez-ganaron-en-provincial-de-cueca\/","title":{"rendered":"Natalia Mu\u00f1oz y Felipe Mart\u00ednez ganaron en Provincial de cueca"},"content":{"rendered":"<figure id=\"attachment_85213\" aria-describedby=\"caption-attachment-85213\" style=\"width: 580px\" class=\"wp-caption alignnone\"><img data-recalc-dims=\"1\" loading=\"lazy\" decoding=\"async\" class=\"size-full wp-image-85213\" src=\"https:\/\/i0.wp.com\/www.eltrabajo.cl\/2017\/wp-content\/uploads\/2018\/03\/Cueca1.jpg?resize=580%2C399\" alt=\"LOS MEJORES.- As\u00ed brillaron los campeones provinciales de cueca durante el campeonato, ellos son los llaylla\u00ednos Natalia Mu\u00f1oz y Felipe Mart\u00ednez.\" width=\"580\" height=\"399\" srcset=\"https:\/\/i0.wp.com\/eltrabajo.cl\/portal\/wp-content\/uploads\/2018\/03\/Cueca1.jpg?w=580&amp;ssl=1 580w, https:\/\/i0.wp.com\/eltrabajo.cl\/portal\/wp-content\/uploads\/2018\/03\/Cueca1.jpg?resize=200%2C138&amp;ssl=1 200w, https:\/\/i0.wp.com\/eltrabajo.cl\/portal\/wp-content\/uploads\/2018\/03\/Cueca1.jpg?resize=300%2C206&amp;ssl=1 300w, https:\/\/i0.wp.com\/eltrabajo.cl\/portal\/wp-content\/uploads\/2018\/03\/Cueca1.jpg?resize=218%2C150&amp;ssl=1 218w, https:\/\/i0.wp.com\/eltrabajo.cl\/portal\/wp-content\/uploads\/2018\/03\/Cueca1.jpg?resize=400%2C275&amp;ssl=1 400w\" sizes=\"auto, (max-width: 580px) 100vw, 580px\" \/><figcaption id=\"caption-attachment-85213\" class=\"wp-caption-text\">LOS MEJORES.- As\u00ed brillaron los campeones provinciales de cueca durante el campeonato, ellos son los llaylla\u00ednos Natalia Mu\u00f1oz y Felipe Mart\u00ednez.<\/figcaption><\/figure>\n<ul>\n<li><span style=\"color: #ff0000;\"><strong>En mayo ser\u00e1 el Regional en San Felipe por boleto al Nacional de Arica:<\/strong><\/span><\/li>\n<\/ul>\n<p>Una electrizante jornada folcl\u00f3rica es la que se vivi\u00f3 la tarde de este s\u00e1bado en la Plaza C\u00edvica de San Felipe durante el Campeonato provincial de Cueca que organiz\u00f3 el Municipio con miras a seleccionar a las tres parejas que nos representar\u00e1n como comuna en el 50\u00ba Campeonato Regional de Cueca, organizado por el Club de Huasos de Arica y que este a\u00f1o se desarrollar\u00e1 en nuestra ciudad.<br \/>\nAs\u00ed como lo lees amigo lector, San Felipe ya tiene pareja campeona y se trata de los j\u00f3venes llaylla\u00ednos Natalia Mu\u00f1oz y Felipe Mart\u00ednez, ellos conformaron la pareja N\u00ba4 del concurso, en total eran cuatro y este a\u00f1o San Felipe es la sede del Regional de cueca 2018.<\/p>\n<p><span style=\"color: #ff0000;\"><strong>VIENE EL REGIONAL<\/strong><\/span><br \/>\nLas parejas seleccionadas para el Regional est\u00e1n conformadas por Carolina Ochoa y Cristian Aguilera, Javiera Gonz\u00e1lez y Luis Astudillo, y la ganadora anteriormente citada. El Jurado lo conformaron Rosa Poblete, Pilar Silva y H\u00e9ctor Brizuela.<br \/>\n\u00abEn total para el Regional de cueca que desarrollaremos el 5 de mayo en San Felipe vienen dos parejas por provincia, la V Regi\u00f3n tiene ocho provincias, por lo tanto estamos hablando de 16 parejas, y a San Felipe por ser la sede del campeonato, participar\u00e1 con dos parejas de m\u00e1s, o sea, con tres parejas. Luego la pareja que gane este Regional deber\u00e1 representar a la V Regi\u00f3n en el Nacional de Arica, que se realizar\u00e1 del 2 al 10 de junio y en donde competir\u00e1 contra las otras 15 regiones del pa\u00eds. Para este campeonato regional estaremos entregando $1.000.000 a la pareja que gane el primer lugar, pues para el Nacional ellos deber\u00e1n llevar buena ropa, ir bien vestidos y llevar su dinero para sus gastos personales\u00bb, inform\u00f3 a Diario El Trabajo do\u00f1a Ruth Garc\u00eda, directora de Finanzas del Municipio de San Felipe, y delegada provincial del Club de Huasos del Club de Arica en nuestra comuna.<\/p>\n<p><span style=\"color: #ff0000;\"><strong>NUESTROS CAMPEONES<\/strong><\/span><br \/>\nNuestro medio habl\u00f3 con Natalia Mu\u00f1oz, campeona del Provincial de Cueca, \u00abestamos muy contentos, queremos seguir ensayando para dar lo mejor en el Regional\u00bb, tambi\u00e9n el campe\u00f3n del provincial de cueca, Felipe Mart\u00ednez, tuvo palabras para nuestros lectores, \u00abs\u00ed ten\u00edamos la fe de ganar este campeonato provincial, ya llevamos unos cinco meses ensayando, nos estamos preparando tambi\u00e9n con la condici\u00f3n f\u00edsica y r\u00e9gimen alimenticio, gracias a Dios y a nuestro esfuerzo logramos los resultados que esper\u00e1bamos\u00bb.<\/p>\n<p><span style=\"color: #ff0000;\"><strong>EL FINANCIAMIENTO<\/strong><\/span><br \/>\nEste campeonato provincial fue financiado gracias al 2% de la Cultura, lo que fue destacado por el Core Iv\u00e1n Reyes para nuestro medio, \u00abesto es parte de lo que desarrolla el Consejo Regional en s\u00ed, nosotros permanentemente estamos apoyando lo que es la cultura, el deporte y la seguridad ciudadana, este es un concurso por medio a nosotros nos interesa seguir destacando nuestro Baile Nacional, as\u00ed que por lo tanto es parte de las prioridades que nosotros tenemos como gobierno regional (\u2026) todas estas parejas son j\u00f3venes, por lo que por ello tenemos la fe de que estaremos muy bien representados en el Regional de cueca, en el que esperamos tener un triunfo\u00bb, dijo Reyes.<br \/>\nAs\u00ed tambi\u00e9n Patricio Freire Canto, alcalde de nuestra comuna, se mostr\u00f3 feliz tras la Final provincial de cueca, \u00abtenemos una espectacular calidad de bailarines de cueca, en nuestra comuna siempre en todos los colegios se baila nuestra danza nacional, como Municipio somos precursores de que en nuestros colegios se le d\u00e9 prioridad a los bailes t\u00edpicos, este a\u00f1o gan\u00f3 la pareja llaylla\u00edna, aunque el bailar\u00edn, Felipe Mart\u00ednez, fue formado en nuestro Ballet Folcl\u00f3rico municipal de San Felipe, lo que nos llena tambi\u00e9n de mucho orgullo\u00bb, dijo el edil.<br \/>\nEsa es la cita, el 5 de mayo en San Felipe, 19 parejas de cueca, las mejores de la V Regi\u00f3n se ver\u00e1n las caras en un \u2018Mano a mano\u2019 por ganar el cupo al Nacional de Chile. En Diario El Trabajo felicitamos a las tres parejas seleccionadas para representarnos, una oportunidad que no deben desaprovechar estos j\u00f3venes artistas provinciales quienes desde ya cuentan con todo el apoyo de nuestros lectores.<br \/>\nEn la parte representativa fue el Ballet Municipal de San Felipe el encargado de hipnotizar con sus bailes a los presentes, pues de gracia, juventud y belleza hizo derroche la agrupaci\u00f3n art\u00edstica de nuestra comuna, Diario El Trabajo hablo con Danilo Godoy, director del Ballet, \u00abpara participar en estos campeonatos los j\u00f3venes saben que hay reglas, se nota que hay un bagaje en esto, ellos son casi perfectos al ejecutar sus bailes, lo que es un punto muy positivos para nuestros bailarines, muchos de ellos han sido parte de mis talleres de cueca, raz\u00f3n extra para sentirme orgulloso\u00bb.<br \/>\n<strong>Roberto Gonz\u00e1lez Short<\/strong><\/p>\n<figure id=\"attachment_85214\" aria-describedby=\"caption-attachment-85214\" style=\"width: 580px\" class=\"wp-caption alignnone\"><img data-recalc-dims=\"1\" loading=\"lazy\" decoding=\"async\" class=\"size-full wp-image-85214\" src=\"https:\/\/i0.wp.com\/www.eltrabajo.cl\/2017\/wp-content\/uploads\/2018\/03\/Cueca2.jpg?resize=580%2C400\" alt=\"NUESTRO BALLET.- Estos j\u00f3venes son los integrantes del Ballet Folcl\u00f3rico Municipal de San Felipe, dirigidos por Danilo Godoy.\" width=\"580\" height=\"400\" srcset=\"https:\/\/i0.wp.com\/eltrabajo.cl\/portal\/wp-content\/uploads\/2018\/03\/Cueca2.jpg?w=580&amp;ssl=1 580w, https:\/\/i0.wp.com\/eltrabajo.cl\/portal\/wp-content\/uploads\/2018\/03\/Cueca2.jpg?resize=200%2C138&amp;ssl=1 200w, https:\/\/i0.wp.com\/eltrabajo.cl\/portal\/wp-content\/uploads\/2018\/03\/Cueca2.jpg?resize=300%2C207&amp;ssl=1 300w, https:\/\/i0.wp.com\/eltrabajo.cl\/portal\/wp-content\/uploads\/2018\/03\/Cueca2.jpg?resize=218%2C150&amp;ssl=1 218w, https:\/\/i0.wp.com\/eltrabajo.cl\/portal\/wp-content\/uploads\/2018\/03\/Cueca2.jpg?resize=400%2C276&amp;ssl=1 400w\" sizes=\"auto, (max-width: 580px) 100vw, 580px\" \/><figcaption id=\"caption-attachment-85214\" class=\"wp-caption-text\">NUESTRO BALLET.- Estos j\u00f3venes son los integrantes del Ballet Folcl\u00f3rico Municipal de San Felipe, dirigidos por Danilo Godoy.<\/figcaption><\/figure>\n<figure id=\"attachment_85215\" aria-describedby=\"caption-attachment-85215\" style=\"width: 580px\" class=\"wp-caption alignnone\"><img data-recalc-dims=\"1\" loading=\"lazy\" decoding=\"async\" class=\"size-full wp-image-85215\" src=\"https:\/\/i0.wp.com\/www.eltrabajo.cl\/2017\/wp-content\/uploads\/2018\/03\/Cueca3.jpg?resize=580%2C400\" alt=\"LOS PROTAGONISTAS.- Aqu\u00ed tenemos a las cuatro parejas participantes en este campeonato, de las que tres van al Regional que se realizar\u00e1 en nuestra comuna el pr\u00f3ximo 5 de mayo.\" width=\"580\" height=\"400\" srcset=\"https:\/\/i0.wp.com\/eltrabajo.cl\/portal\/wp-content\/uploads\/2018\/03\/Cueca3.jpg?w=580&amp;ssl=1 580w, https:\/\/i0.wp.com\/eltrabajo.cl\/portal\/wp-content\/uploads\/2018\/03\/Cueca3.jpg?resize=200%2C138&amp;ssl=1 200w, https:\/\/i0.wp.com\/eltrabajo.cl\/portal\/wp-content\/uploads\/2018\/03\/Cueca3.jpg?resize=300%2C207&amp;ssl=1 300w, https:\/\/i0.wp.com\/eltrabajo.cl\/portal\/wp-content\/uploads\/2018\/03\/Cueca3.jpg?resize=218%2C150&amp;ssl=1 218w, https:\/\/i0.wp.com\/eltrabajo.cl\/portal\/wp-content\/uploads\/2018\/03\/Cueca3.jpg?resize=400%2C276&amp;ssl=1 400w\" sizes=\"auto, (max-width: 580px) 100vw, 580px\" \/><figcaption id=\"caption-attachment-85215\" class=\"wp-caption-text\">LOS PROTAGONISTAS.- Aqu\u00ed tenemos a las cuatro parejas participantes en este campeonato, de las que tres van al Regional que se realizar\u00e1 en nuestra comuna el pr\u00f3ximo 5 de mayo.<\/figcaption><\/figure>\n<figure id=\"attachment_85216\" aria-describedby=\"caption-attachment-85216\" style=\"width: 580px\" class=\"wp-caption alignnone\"><img data-recalc-dims=\"1\" loading=\"lazy\" decoding=\"async\" class=\"size-full wp-image-85216\" src=\"https:\/\/i0.wp.com\/www.eltrabajo.cl\/2017\/wp-content\/uploads\/2018\/03\/Cueca4.jpg?resize=580%2C400\" alt=\"CUECA PARA TODOS.- El p\u00fablico tambi\u00e9n tuvo la oportunidad de disfrutar de nuestro Baile Nacional.\" width=\"580\" height=\"400\" srcset=\"https:\/\/i0.wp.com\/eltrabajo.cl\/portal\/wp-content\/uploads\/2018\/03\/Cueca4.jpg?w=580&amp;ssl=1 580w, https:\/\/i0.wp.com\/eltrabajo.cl\/portal\/wp-content\/uploads\/2018\/03\/Cueca4.jpg?resize=200%2C138&amp;ssl=1 200w, https:\/\/i0.wp.com\/eltrabajo.cl\/portal\/wp-content\/uploads\/2018\/03\/Cueca4.jpg?resize=300%2C207&amp;ssl=1 300w, https:\/\/i0.wp.com\/eltrabajo.cl\/portal\/wp-content\/uploads\/2018\/03\/Cueca4.jpg?resize=218%2C150&amp;ssl=1 218w, https:\/\/i0.wp.com\/eltrabajo.cl\/portal\/wp-content\/uploads\/2018\/03\/Cueca4.jpg?resize=400%2C276&amp;ssl=1 400w\" sizes=\"auto, (max-width: 580px) 100vw, 580px\" \/><figcaption id=\"caption-attachment-85216\" class=\"wp-caption-text\">CUECA PARA TODOS.- El p\u00fablico tambi\u00e9n tuvo la oportunidad de disfrutar de nuestro Baile Nacional.<\/figcaption><\/figure>\n","protected":false},"excerpt":{"rendered":"<p>En mayo ser\u00e1 el Regional en San Felipe por boleto al Nacional de Arica: Una electrizante jornada folcl\u00f3rica es la que se vivi\u00f3 la tarde de este s\u00e1bado en la Plaza C\u00edvica&#8230;<\/p>\n","protected":false},"author":1,"featured_media":85213,"comment_status":"open","ping_status":"open","sticky":false,"template":"","format":"standard","meta":{"advanced_seo_description":"","jetpack_seo_html_title":"","jetpack_seo_noindex":false,"_jetpack_memberships_contains_paid_content":false,"footnotes":""},"categories":[15],"tags":[],"class_list":["post-85212","post","type-post","status-publish","format-standard","has-post-thumbnail","hentry","category-comunidad"],"jetpack_featured_media_url":"https:\/\/i0.wp.com\/eltrabajo.cl\/portal\/wp-content\/uploads\/2018\/03\/Cueca1.jpg?fit=580%2C399&ssl=1","jetpack_sharing_enabled":true,"jetpack_likes_enabled":true,"jetpack-related-posts":[],"_links":{"self":[{"href":"https:\/\/eltrabajo.cl\/portal\/wp-json\/wp\/v2\/posts\/85212","targetHints":{"allow":["GET"]}}],"collection":[{"href":"https:\/\/eltrabajo.cl\/portal\/wp-json\/wp\/v2\/posts"}],"about":[{"href":"https:\/\/eltrabajo.cl\/portal\/wp-json\/wp\/v2\/types\/post"}],"author":[{"embeddable":true,"href":"https:\/\/eltrabajo.cl\/portal\/wp-json\/wp\/v2\/users\/1"}],"replies":[{"embeddable":true,"href":"https:\/\/eltrabajo.cl\/portal\/wp-json\/wp\/v2\/comments?post=85212"}],"version-history":[{"count":0,"href":"https:\/\/eltrabajo.cl\/portal\/wp-json\/wp\/v2\/posts\/85212\/revisions"}],"wp:featuredmedia":[{"embeddable":true,"href":"https:\/\/eltrabajo.cl\/portal\/wp-json\/wp\/v2\/media\/85213"}],"wp:attachment":[{"href":"https:\/\/eltrabajo.cl\/portal\/wp-json\/wp\/v2\/media?parent=85212"}],"wp:term":[{"taxonomy":"category","embeddable":true,"href":"https:\/\/eltrabajo.cl\/portal\/wp-json\/wp\/v2\/categories?post=85212"},{"taxonomy":"post_tag","embeddable":true,"href":"https:\/\/eltrabajo.cl\/portal\/wp-json\/wp\/v2\/tags?post=85212"}],"curies":[{"name":"wp","href":"https:\/\/api.w.org\/{rel}","templated":true}]}}