{"id":85227,"date":"2018-03-13T05:00:33","date_gmt":"2018-03-13T09:00:33","guid":{"rendered":"http:\/\/www.eltrabajo.cl\/2017\/?p=85227"},"modified":"2018-03-13T05:00:33","modified_gmt":"2018-03-13T09:00:33","slug":"concierto-de-rock-gratuito-este-sabado-en-avenida-chacabuco","status":"publish","type":"post","link":"https:\/\/eltrabajo.cl\/portal\/concierto-de-rock-gratuito-este-sabado-en-avenida-chacabuco\/","title":{"rendered":"Concierto de rock gratuito este s\u00e1bado en Avenida Chacabuco"},"content":{"rendered":"<figure id=\"attachment_85230\" aria-describedby=\"caption-attachment-85230\" style=\"width: 580px\" class=\"wp-caption alignnone\"><img data-recalc-dims=\"1\" loading=\"lazy\" decoding=\"async\" class=\"size-full wp-image-85230\" src=\"https:\/\/i0.wp.com\/www.eltrabajo.cl\/2017\/wp-content\/uploads\/2018\/03\/Concierto2.jpg?resize=580%2C399\" alt=\"COCODRILO.- Agrupaci\u00f3n musical de afilados dientes, ellos son la banda reptiliana que se las trae para este s\u00e1bado en Avenida Chacabuco.\" width=\"580\" height=\"399\" srcset=\"https:\/\/i0.wp.com\/eltrabajo.cl\/portal\/wp-content\/uploads\/2018\/03\/Concierto2.jpg?w=580&amp;ssl=1 580w, https:\/\/i0.wp.com\/eltrabajo.cl\/portal\/wp-content\/uploads\/2018\/03\/Concierto2.jpg?resize=200%2C138&amp;ssl=1 200w, https:\/\/i0.wp.com\/eltrabajo.cl\/portal\/wp-content\/uploads\/2018\/03\/Concierto2.jpg?resize=300%2C206&amp;ssl=1 300w, https:\/\/i0.wp.com\/eltrabajo.cl\/portal\/wp-content\/uploads\/2018\/03\/Concierto2.jpg?resize=218%2C150&amp;ssl=1 218w, https:\/\/i0.wp.com\/eltrabajo.cl\/portal\/wp-content\/uploads\/2018\/03\/Concierto2.jpg?resize=400%2C275&amp;ssl=1 400w\" sizes=\"auto, (max-width: 580px) 100vw, 580px\" \/><figcaption id=\"caption-attachment-85230\" class=\"wp-caption-text\">COCODRILO.- Agrupaci\u00f3n musical de afilados dientes, ellos son la banda reptiliana que se las trae para este s\u00e1bado en Avenida Chacabuco.<\/figcaption><\/figure>\n<ul>\n<li><span style=\"color: #ff0000;\"><strong>A las 17:00 horas inicia el primer A-Kunka Rock 2018:<\/strong><\/span><\/li>\n<\/ul>\n<p>Este s\u00e1bado 17 de marzo a las 17:00 horas en Avenida Chacabuco, entre Salinas y Coimas, se estar\u00e1 desarrollando el primer concierto rockero A-Kunka Rock 2018, presentaci\u00f3n de cinco espectaculares bandas musicales aconcag\u00fcinas que por primera vez estar\u00e1n juntas para el deleite de todos quienes gustan de esta corriente musical.<br \/>\n\u00abEsta es la primera versi\u00f3n rockera que de manera gratuita estaremos desarrollando para todos los amantes del rock, sin importar el orden de sus presentaciones, tendremos a Palmenius Bizarro, Droste, Ny\u00f1os de Nunca, Agresi\u00f3n S\u00f3nica y Cocodrilo, todos son m\u00fasicos ya experimentados, con muchas ganas de ofrecer el mejor espect\u00e1culo este pr\u00f3ximo fin de semana. Normalmente estas bandas tocan en bares y pubs, lugares a los que los menores de edad no pueden ingresar, pero ahora nos propusimos llevar el rock al aire libre, por eso es que estamos lanzando el A-Kunka Rock 2018\u00bb, dijo a Diario El Trabajo el m\u00fasico Diego Tapia, vocalista de Agresi\u00f3n s\u00f3nica y uno de los organizadores.<\/p>\n<p><span style=\"color: #ff0000;\"><strong>ROCKEROS SUELTOS<\/strong><\/span><br \/>\nRecordemos que en julio del a\u00f1o pasado la Banda Droste hizo de las suyas en el teatro municipal de San Felipe, en el marco del \u2018Ciclo Porque amamos lo nuestro 2017\u2019, en conjunto con la Agrupaci\u00f3n de M\u00fasicos de Aconcagua, departamento de Cultura y el sello local Experimentos Rurales, tambi\u00e9n podemos decir que entre las fieras que merodean en esta jungla urbana sanfelipe\u00f1a, hay una que desde hace cuatro a\u00f1os viene intimidando a muchos, se trata de un peligroso reptil rockero que ya se adue\u00f1\u00f3 del g\u00e9nero Rock-Blues en todo Aconcagua, la banda musical Cocodrilo, agrupaci\u00f3n 100% sanfelipe\u00f1a dirigida por el guitarrista Nicol\u00e1s Covarrubias (30), quien tambi\u00e9n es vocalista de la banda.<br \/>\nAs\u00ed que ya lo saben amigos lectores, este s\u00e1bado Rock, rock del bueno en Avenida Chacabuco desde las 17:00 horas y sin pagar un peso.<br \/>\n<strong>Roberto Gonz\u00e1lez Short<\/strong><\/p>\n<figure id=\"attachment_85228\" aria-describedby=\"caption-attachment-85228\" style=\"width: 580px\" class=\"wp-caption alignnone\"><img data-recalc-dims=\"1\" loading=\"lazy\" decoding=\"async\" class=\"size-full wp-image-85228\" src=\"https:\/\/i0.wp.com\/www.eltrabajo.cl\/2017\/wp-content\/uploads\/2018\/03\/Concierto_Diego-Tapia.jpg?resize=580%2C399\" alt=\"Diego Tapia, vocalista de Agresi\u00f3n s\u00f3nica y uno de los organizadores.\" width=\"580\" height=\"399\" srcset=\"https:\/\/i0.wp.com\/eltrabajo.cl\/portal\/wp-content\/uploads\/2018\/03\/Concierto_Diego-Tapia.jpg?w=580&amp;ssl=1 580w, https:\/\/i0.wp.com\/eltrabajo.cl\/portal\/wp-content\/uploads\/2018\/03\/Concierto_Diego-Tapia.jpg?resize=200%2C138&amp;ssl=1 200w, https:\/\/i0.wp.com\/eltrabajo.cl\/portal\/wp-content\/uploads\/2018\/03\/Concierto_Diego-Tapia.jpg?resize=300%2C206&amp;ssl=1 300w, https:\/\/i0.wp.com\/eltrabajo.cl\/portal\/wp-content\/uploads\/2018\/03\/Concierto_Diego-Tapia.jpg?resize=218%2C150&amp;ssl=1 218w, https:\/\/i0.wp.com\/eltrabajo.cl\/portal\/wp-content\/uploads\/2018\/03\/Concierto_Diego-Tapia.jpg?resize=400%2C275&amp;ssl=1 400w\" sizes=\"auto, (max-width: 580px) 100vw, 580px\" \/><figcaption id=\"caption-attachment-85228\" class=\"wp-caption-text\">Diego Tapia, vocalista de Agresi\u00f3n s\u00f3nica y uno de los organizadores.<\/figcaption><\/figure>\n<figure id=\"attachment_85229\" aria-describedby=\"caption-attachment-85229\" style=\"width: 580px\" class=\"wp-caption alignnone\"><img data-recalc-dims=\"1\" loading=\"lazy\" decoding=\"async\" class=\"size-full wp-image-85229\" src=\"https:\/\/i0.wp.com\/www.eltrabajo.cl\/2017\/wp-content\/uploads\/2018\/03\/Concierto1.jpg?resize=580%2C399\" alt=\"AGRESI\u00d3N S\u00d3NICA.- Aqu\u00ed tenemos a los referentes locales del Rock m\u00e1s conocidos de Aconcagua.\" width=\"580\" height=\"399\" srcset=\"https:\/\/i0.wp.com\/eltrabajo.cl\/portal\/wp-content\/uploads\/2018\/03\/Concierto1.jpg?w=580&amp;ssl=1 580w, https:\/\/i0.wp.com\/eltrabajo.cl\/portal\/wp-content\/uploads\/2018\/03\/Concierto1.jpg?resize=200%2C138&amp;ssl=1 200w, https:\/\/i0.wp.com\/eltrabajo.cl\/portal\/wp-content\/uploads\/2018\/03\/Concierto1.jpg?resize=300%2C206&amp;ssl=1 300w, https:\/\/i0.wp.com\/eltrabajo.cl\/portal\/wp-content\/uploads\/2018\/03\/Concierto1.jpg?resize=218%2C150&amp;ssl=1 218w, https:\/\/i0.wp.com\/eltrabajo.cl\/portal\/wp-content\/uploads\/2018\/03\/Concierto1.jpg?resize=400%2C275&amp;ssl=1 400w\" sizes=\"auto, (max-width: 580px) 100vw, 580px\" \/><figcaption id=\"caption-attachment-85229\" class=\"wp-caption-text\">AGRESI\u00d3N S\u00d3NICA.- Aqu\u00ed tenemos a los referentes locales del Rock m\u00e1s conocidos de Aconcagua.<\/figcaption><\/figure>\n","protected":false},"excerpt":{"rendered":"<p>A las 17:00 horas inicia el primer A-Kunka Rock 2018: Este s\u00e1bado 17 de marzo a las 17:00 horas en Avenida Chacabuco, entre Salinas y Coimas, se estar\u00e1 desarrollando el primer concierto&#8230;<\/p>\n","protected":false},"author":1,"featured_media":85229,"comment_status":"open","ping_status":"open","sticky":false,"template":"","format":"standard","meta":{"advanced_seo_description":"","jetpack_seo_html_title":"","jetpack_seo_noindex":false,"_jetpack_memberships_contains_paid_content":false,"footnotes":""},"categories":[15],"tags":[],"class_list":["post-85227","post","type-post","status-publish","format-standard","has-post-thumbnail","hentry","category-comunidad"],"jetpack_featured_media_url":"https:\/\/i0.wp.com\/eltrabajo.cl\/portal\/wp-content\/uploads\/2018\/03\/Concierto1.jpg?fit=580%2C399&ssl=1","jetpack_sharing_enabled":true,"jetpack_likes_enabled":true,"jetpack-related-posts":[],"_links":{"self":[{"href":"https:\/\/eltrabajo.cl\/portal\/wp-json\/wp\/v2\/posts\/85227","targetHints":{"allow":["GET"]}}],"collection":[{"href":"https:\/\/eltrabajo.cl\/portal\/wp-json\/wp\/v2\/posts"}],"about":[{"href":"https:\/\/eltrabajo.cl\/portal\/wp-json\/wp\/v2\/types\/post"}],"author":[{"embeddable":true,"href":"https:\/\/eltrabajo.cl\/portal\/wp-json\/wp\/v2\/users\/1"}],"replies":[{"embeddable":true,"href":"https:\/\/eltrabajo.cl\/portal\/wp-json\/wp\/v2\/comments?post=85227"}],"version-history":[{"count":0,"href":"https:\/\/eltrabajo.cl\/portal\/wp-json\/wp\/v2\/posts\/85227\/revisions"}],"wp:featuredmedia":[{"embeddable":true,"href":"https:\/\/eltrabajo.cl\/portal\/wp-json\/wp\/v2\/media\/85229"}],"wp:attachment":[{"href":"https:\/\/eltrabajo.cl\/portal\/wp-json\/wp\/v2\/media?parent=85227"}],"wp:term":[{"taxonomy":"category","embeddable":true,"href":"https:\/\/eltrabajo.cl\/portal\/wp-json\/wp\/v2\/categories?post=85227"},{"taxonomy":"post_tag","embeddable":true,"href":"https:\/\/eltrabajo.cl\/portal\/wp-json\/wp\/v2\/tags?post=85227"}],"curies":[{"name":"wp","href":"https:\/\/api.w.org\/{rel}","templated":true}]}}