{"id":85232,"date":"2018-03-13T05:01:24","date_gmt":"2018-03-13T09:01:24","guid":{"rendered":"http:\/\/www.eltrabajo.cl\/2017\/?p=85232"},"modified":"2018-03-13T05:01:24","modified_gmt":"2018-03-13T09:01:24","slug":"alumnos-de-3o-y-4o-medio-de-liceos-seran-beneficiados-con-programa-dental","status":"publish","type":"post","link":"https:\/\/eltrabajo.cl\/portal\/alumnos-de-3o-y-4o-medio-de-liceos-seran-beneficiados-con-programa-dental\/","title":{"rendered":"Alumnos de 3\u00ba y 4\u00ba medio de liceos ser\u00e1n beneficiados con programa dental"},"content":{"rendered":"<figure id=\"attachment_85233\" aria-describedby=\"caption-attachment-85233\" style=\"width: 580px\" class=\"wp-caption alignnone\"><img data-recalc-dims=\"1\" loading=\"lazy\" decoding=\"async\" class=\"size-full wp-image-85233\" src=\"https:\/\/i0.wp.com\/www.eltrabajo.cl\/2017\/wp-content\/uploads\/2018\/03\/reuni%C3%B3n-programa-dental-2.jpg?resize=580%2C400\" alt=\"Durante los \u00faltimos meses, los equipos de las direcciones de Educaci\u00f3n y Salud Municipal han sostenido varias reuniones de trabajo, con el objetivo de poner en marcha la iniciativa. \" width=\"580\" height=\"400\" srcset=\"https:\/\/i0.wp.com\/eltrabajo.cl\/portal\/wp-content\/uploads\/2018\/03\/reuni%C3%B3n-programa-dental-2.jpg?w=580&amp;ssl=1 580w, https:\/\/i0.wp.com\/eltrabajo.cl\/portal\/wp-content\/uploads\/2018\/03\/reuni%C3%B3n-programa-dental-2.jpg?resize=200%2C138&amp;ssl=1 200w, https:\/\/i0.wp.com\/eltrabajo.cl\/portal\/wp-content\/uploads\/2018\/03\/reuni%C3%B3n-programa-dental-2.jpg?resize=300%2C207&amp;ssl=1 300w, https:\/\/i0.wp.com\/eltrabajo.cl\/portal\/wp-content\/uploads\/2018\/03\/reuni%C3%B3n-programa-dental-2.jpg?resize=218%2C150&amp;ssl=1 218w, https:\/\/i0.wp.com\/eltrabajo.cl\/portal\/wp-content\/uploads\/2018\/03\/reuni%C3%B3n-programa-dental-2.jpg?resize=400%2C276&amp;ssl=1 400w\" sizes=\"auto, (max-width: 580px) 100vw, 580px\" \/><figcaption id=\"caption-attachment-85233\" class=\"wp-caption-text\">Durante los \u00faltimos meses, los equipos de las direcciones de Educaci\u00f3n y Salud Municipal han sostenido varias reuniones de trabajo, con el objetivo de poner en marcha la iniciativa.<\/figcaption><\/figure>\n<ul>\n<li><span style=\"color: #ff0000;\"><strong>Proyecto contempla la visita de una cl\u00ednica m\u00f3vil en estos establecimientos municipalizados para la atenci\u00f3n de los alumnos.<\/strong> <\/span><\/li>\n<\/ul>\n<p>Un importante programa dental est\u00e1n trabajando las direcciones de Educaci\u00f3n y Salud Municipal, que beneficiar\u00e1 a los alumnos de tercero y cuarto medio de los liceos Bicentenario Cordillera, Corina Urbina, Roberto Humeres y San Felipe, y que contempla la visita de una cl\u00ednica m\u00f3vil en estos establecimientos educacionales.<br \/>\nAs\u00ed lo dio a conocer el director de Educaci\u00f3n municipal, Iv\u00e1n Silva Padilla, quien se\u00f1al\u00f3 que, durante los \u00faltimos meses, los equipos de ambas direcciones han sostenido varias reuniones de trabajo, con el objetivo de poner en marcha la iniciativa.<br \/>\n\u201cEs un proyecto que hace mucho tiempo est\u00e1 pensando Marcela, junto con nosotros, donde vamos a tener una cl\u00ednica m\u00f3vil, es una inversi\u00f3n grande, de aproximadamente unos 40 millones de pesos, van a estar con los especialistas encargados, vamos a trabajar en los colegios y esperamos que el ministerio de Salud nos d\u00e9 todas las autorizaciones para comenzar a trabajar en un mes m\u00e1s\u201d.<br \/>\nSeg\u00fan explic\u00f3 el director de Educaci\u00f3n, durante los \u00faltimos meses se han realizado reuniones con los equipos directivos de los liceos, con el objetivo de organizar un cronograma de trabajo que permita la atenci\u00f3n de los alumnos y entregar las prestaciones dentales que ellos necesitan.<br \/>\n\u201cLa idea es que los ni\u00f1os permanezcan en el programa, porque est\u00e1 dirigido a ellos y que los pap\u00e1s entiendan que es un beneficio para ellos y no los saquen en la mitad de un tratamiento. Ese es un trabajo que vamos a realizar con las escuelas, de preparaci\u00f3n con las familias\u201d, dijo Silva Padilla.<br \/>\nEntre los tratamientos a ejecutar, en una primera etapa, se cuentan ex\u00e1menes, exodoncias, fluoraci\u00f3n, y algunas cirug\u00edas, para avanzar en atenciones de acuerdo a las necesidades que presenten los alumnos.<br \/>\nLa ejecuci\u00f3n de este tipo de iniciativas nace del trabajo en conjunto realizado por estas direcciones con el alcalde Patricio Freire, en beneficio de los vecinos de la comuna de San Felipe, y en este caso se comenzar\u00e1 a ejecutar desde el mes de abril.<\/p>\n","protected":false},"excerpt":{"rendered":"<p>Proyecto contempla la visita de una cl\u00ednica m\u00f3vil en estos establecimientos municipalizados para la atenci\u00f3n de los alumnos. Un importante programa dental est\u00e1n trabajando las direcciones de Educaci\u00f3n y Salud Municipal, que&#8230;<\/p>\n","protected":false},"author":1,"featured_media":85233,"comment_status":"open","ping_status":"open","sticky":false,"template":"","format":"standard","meta":{"advanced_seo_description":"","jetpack_seo_html_title":"","jetpack_seo_noindex":false,"_jetpack_memberships_contains_paid_content":false,"footnotes":""},"categories":[1],"tags":[],"class_list":["post-85232","post","type-post","status-publish","format-standard","has-post-thumbnail","hentry","category-cronica"],"jetpack_featured_media_url":"https:\/\/i0.wp.com\/eltrabajo.cl\/portal\/wp-content\/uploads\/2018\/03\/reuni%C3%B3n-programa-dental-2.jpg?fit=580%2C400&ssl=1","jetpack_sharing_enabled":true,"jetpack_likes_enabled":true,"jetpack-related-posts":[],"_links":{"self":[{"href":"https:\/\/eltrabajo.cl\/portal\/wp-json\/wp\/v2\/posts\/85232","targetHints":{"allow":["GET"]}}],"collection":[{"href":"https:\/\/eltrabajo.cl\/portal\/wp-json\/wp\/v2\/posts"}],"about":[{"href":"https:\/\/eltrabajo.cl\/portal\/wp-json\/wp\/v2\/types\/post"}],"author":[{"embeddable":true,"href":"https:\/\/eltrabajo.cl\/portal\/wp-json\/wp\/v2\/users\/1"}],"replies":[{"embeddable":true,"href":"https:\/\/eltrabajo.cl\/portal\/wp-json\/wp\/v2\/comments?post=85232"}],"version-history":[{"count":0,"href":"https:\/\/eltrabajo.cl\/portal\/wp-json\/wp\/v2\/posts\/85232\/revisions"}],"wp:featuredmedia":[{"embeddable":true,"href":"https:\/\/eltrabajo.cl\/portal\/wp-json\/wp\/v2\/media\/85233"}],"wp:attachment":[{"href":"https:\/\/eltrabajo.cl\/portal\/wp-json\/wp\/v2\/media?parent=85232"}],"wp:term":[{"taxonomy":"category","embeddable":true,"href":"https:\/\/eltrabajo.cl\/portal\/wp-json\/wp\/v2\/categories?post=85232"},{"taxonomy":"post_tag","embeddable":true,"href":"https:\/\/eltrabajo.cl\/portal\/wp-json\/wp\/v2\/tags?post=85232"}],"curies":[{"name":"wp","href":"https:\/\/api.w.org\/{rel}","templated":true}]}}