{"id":85251,"date":"2018-03-14T05:00:38","date_gmt":"2018-03-14T09:00:38","guid":{"rendered":"http:\/\/www.eltrabajo.cl\/2017\/?p=85251"},"modified":"2018-03-14T05:00:38","modified_gmt":"2018-03-14T09:00:38","slug":"ocho-establecimientos-municipales-de-san-felipe-con-excelencia-academica","status":"publish","type":"post","link":"https:\/\/eltrabajo.cl\/portal\/ocho-establecimientos-municipales-de-san-felipe-con-excelencia-academica\/","title":{"rendered":"Ocho establecimientos municipales de San Felipe con Excelencia Acad\u00e9mica"},"content":{"rendered":"<figure id=\"attachment_85252\" aria-describedby=\"caption-attachment-85252\" style=\"width: 580px\" class=\"wp-caption alignnone\"><img data-recalc-dims=\"1\" loading=\"lazy\" decoding=\"async\" class=\"size-full wp-image-85252\" src=\"https:\/\/i0.wp.com\/www.eltrabajo.cl\/2017\/wp-content\/uploads\/2018\/03\/alumnas-liceo-Corina-Urbina.jpg?resize=580%2C413\" alt=\"Los establecimientos con Excelencia Acad\u00e9mica son los Liceos Corina Urbina (foto) y Bicentenario Cordillera, y las Escuelas Carmela Carvajal, Jos\u00e9 de San Mart\u00edn, Almendral, Sagrado Coraz\u00f3n, Mateo Cokjlat y Carolina Ocampo.\" width=\"580\" height=\"413\" srcset=\"https:\/\/i0.wp.com\/eltrabajo.cl\/portal\/wp-content\/uploads\/2018\/03\/alumnas-liceo-Corina-Urbina.jpg?w=580&amp;ssl=1 580w, https:\/\/i0.wp.com\/eltrabajo.cl\/portal\/wp-content\/uploads\/2018\/03\/alumnas-liceo-Corina-Urbina.jpg?resize=200%2C142&amp;ssl=1 200w, https:\/\/i0.wp.com\/eltrabajo.cl\/portal\/wp-content\/uploads\/2018\/03\/alumnas-liceo-Corina-Urbina.jpg?resize=300%2C214&amp;ssl=1 300w, https:\/\/i0.wp.com\/eltrabajo.cl\/portal\/wp-content\/uploads\/2018\/03\/alumnas-liceo-Corina-Urbina.jpg?resize=211%2C150&amp;ssl=1 211w, https:\/\/i0.wp.com\/eltrabajo.cl\/portal\/wp-content\/uploads\/2018\/03\/alumnas-liceo-Corina-Urbina.jpg?resize=400%2C285&amp;ssl=1 400w\" sizes=\"auto, (max-width: 580px) 100vw, 580px\" \/><figcaption id=\"caption-attachment-85252\" class=\"wp-caption-text\">Los establecimientos con Excelencia Acad\u00e9mica son los Liceos Corina Urbina (foto) y Bicentenario Cordillera, y las Escuelas Carmela Carvajal, Jos\u00e9 de San Mart\u00edn, Almendral, Sagrado Coraz\u00f3n, Mateo Cokjlat y Carolina Ocampo.<\/figcaption><\/figure>\n<p>Fueron ocho los establecimientos educacionales del \u00e1rea municipal de San Felipe que lograron este a\u00f1o la Excelencia Acad\u00e9mica, lo que constituye un reconocimiento a la labor pedag\u00f3gica de las escuelas de esta comuna.<br \/>\nLa informaci\u00f3n la entreg\u00f3 Ver\u00f3nica Ossand\u00f3n Cartes, coordinadora de la unidad t\u00e9cnico-pedag\u00f3gica de la Daem de San Felipe, quien explic\u00f3 que \u201cson ocho establecimientos, dos m\u00e1s que el bienio anterior y significa una asignaci\u00f3n que se paga a lo menos tres veces al a\u00f1o a los docentes que trabajan en esos establecimientos, es un porcentaje que se carga al sueldo base de los profesores\u201d.<br \/>\nLa categor\u00eda de Excelencia Acad\u00e9mica tiene una duraci\u00f3n de dos a\u00f1os para cada establecimiento y cuando se logra adjudicar, seg\u00fan Ossandon, es una motivaci\u00f3n para el cuerpo docente, marcando una ruta para el trabajo futuro al interior de las escuelas y liceos.<br \/>\nLos establecimientos que lograron la Excelencia son los Liceos Corina Urbina y Bicentenario Cordillera y las Escuelas Carmela Carvajal, Jos\u00e9 de San Mart\u00edn, Almendral, Sagrado Coraz\u00f3n, Mateo Cokjlat y Carolina Ocampo.<br \/>\nY entre los requisitos para acceder a esta categor\u00eda se cuentan los logros educativos obtenidos en el tiempo por el establecimiento, innovaci\u00f3n educativa que se genere al interior de las salas de clases, mejoramiento de las condiciones de trabajo y adecuado funcionamiento del establecimiento, igualdad de oportunidades, la integraci\u00f3n de grupos con dificultades de aprendizaje y la participaci\u00f3n de profesores, padres y apoderados en el desarrollo del proyecto educativo del establecimiento, entre otros.<br \/>\nEl alcalde Patricio Freire destac\u00f3 este importante logro, que, a su juicio, es el resultado del trabajo comprometido de directivos, profesores y asistentes de la educaci\u00f3n y los inst\u00f3 a continuar trabajando en la misma senda, que permite entregar iguales oportunidades a todos los alumnos.<\/p>\n<figure id=\"attachment_85253\" aria-describedby=\"caption-attachment-85253\" style=\"width: 579px\" class=\"wp-caption alignnone\"><img data-recalc-dims=\"1\" loading=\"lazy\" decoding=\"async\" class=\"size-full wp-image-85253\" src=\"https:\/\/i0.wp.com\/www.eltrabajo.cl\/2017\/wp-content\/uploads\/2018\/03\/Ver%C3%B3nica-Ossandon.jpg?resize=579%2C414\" alt=\"Ver\u00f3nica Ossand\u00f3n Cartes, coordinadora UTP Daem San Felipe.\" width=\"579\" height=\"414\" srcset=\"https:\/\/i0.wp.com\/eltrabajo.cl\/portal\/wp-content\/uploads\/2018\/03\/Ver%C3%B3nica-Ossandon.jpg?w=579&amp;ssl=1 579w, https:\/\/i0.wp.com\/eltrabajo.cl\/portal\/wp-content\/uploads\/2018\/03\/Ver%C3%B3nica-Ossandon.jpg?resize=200%2C143&amp;ssl=1 200w, https:\/\/i0.wp.com\/eltrabajo.cl\/portal\/wp-content\/uploads\/2018\/03\/Ver%C3%B3nica-Ossandon.jpg?resize=300%2C215&amp;ssl=1 300w, https:\/\/i0.wp.com\/eltrabajo.cl\/portal\/wp-content\/uploads\/2018\/03\/Ver%C3%B3nica-Ossandon.jpg?resize=210%2C150&amp;ssl=1 210w, https:\/\/i0.wp.com\/eltrabajo.cl\/portal\/wp-content\/uploads\/2018\/03\/Ver%C3%B3nica-Ossandon.jpg?resize=400%2C286&amp;ssl=1 400w\" sizes=\"auto, (max-width: 579px) 100vw, 579px\" \/><figcaption id=\"caption-attachment-85253\" class=\"wp-caption-text\">Ver\u00f3nica Ossand\u00f3n Cartes, coordinadora UTP Daem San Felipe.<\/figcaption><\/figure>\n","protected":false},"excerpt":{"rendered":"<p>Fueron ocho los establecimientos educacionales del \u00e1rea municipal de San Felipe que lograron este a\u00f1o la Excelencia Acad\u00e9mica, lo que constituye un reconocimiento a la labor pedag\u00f3gica de las escuelas de esta&#8230;<\/p>\n","protected":false},"author":1,"featured_media":85252,"comment_status":"open","ping_status":"open","sticky":false,"template":"","format":"standard","meta":{"advanced_seo_description":"","jetpack_seo_html_title":"","jetpack_seo_noindex":false,"_jetpack_memberships_contains_paid_content":false,"footnotes":""},"categories":[1],"tags":[],"class_list":["post-85251","post","type-post","status-publish","format-standard","has-post-thumbnail","hentry","category-cronica"],"jetpack_featured_media_url":"https:\/\/i0.wp.com\/eltrabajo.cl\/portal\/wp-content\/uploads\/2018\/03\/alumnas-liceo-Corina-Urbina.jpg?fit=580%2C413&ssl=1","jetpack_sharing_enabled":true,"jetpack_likes_enabled":true,"jetpack-related-posts":[],"_links":{"self":[{"href":"https:\/\/eltrabajo.cl\/portal\/wp-json\/wp\/v2\/posts\/85251","targetHints":{"allow":["GET"]}}],"collection":[{"href":"https:\/\/eltrabajo.cl\/portal\/wp-json\/wp\/v2\/posts"}],"about":[{"href":"https:\/\/eltrabajo.cl\/portal\/wp-json\/wp\/v2\/types\/post"}],"author":[{"embeddable":true,"href":"https:\/\/eltrabajo.cl\/portal\/wp-json\/wp\/v2\/users\/1"}],"replies":[{"embeddable":true,"href":"https:\/\/eltrabajo.cl\/portal\/wp-json\/wp\/v2\/comments?post=85251"}],"version-history":[{"count":0,"href":"https:\/\/eltrabajo.cl\/portal\/wp-json\/wp\/v2\/posts\/85251\/revisions"}],"wp:featuredmedia":[{"embeddable":true,"href":"https:\/\/eltrabajo.cl\/portal\/wp-json\/wp\/v2\/media\/85252"}],"wp:attachment":[{"href":"https:\/\/eltrabajo.cl\/portal\/wp-json\/wp\/v2\/media?parent=85251"}],"wp:term":[{"taxonomy":"category","embeddable":true,"href":"https:\/\/eltrabajo.cl\/portal\/wp-json\/wp\/v2\/categories?post=85251"},{"taxonomy":"post_tag","embeddable":true,"href":"https:\/\/eltrabajo.cl\/portal\/wp-json\/wp\/v2\/tags?post=85251"}],"curies":[{"name":"wp","href":"https:\/\/api.w.org\/{rel}","templated":true}]}}