{"id":85255,"date":"2018-03-14T05:01:18","date_gmt":"2018-03-14T09:01:18","guid":{"rendered":"http:\/\/www.eltrabajo.cl\/2017\/?p=85255"},"modified":"2018-03-14T05:01:18","modified_gmt":"2018-03-14T09:01:18","slug":"duenos-de-carros-del-centro-deberan-presentar-ficha-de-proteccion-social","status":"publish","type":"post","link":"https:\/\/eltrabajo.cl\/portal\/duenos-de-carros-del-centro-deberan-presentar-ficha-de-proteccion-social\/","title":{"rendered":"Due\u00f1os de carros del centro deber\u00e1n presentar ficha de protecci\u00f3n social"},"content":{"rendered":"<figure id=\"attachment_85256\" aria-describedby=\"caption-attachment-85256\" style=\"width: 578px\" class=\"wp-caption alignnone\"><img data-recalc-dims=\"1\" loading=\"lazy\" decoding=\"async\" class=\"size-full wp-image-85256\" src=\"https:\/\/i0.wp.com\/www.eltrabajo.cl\/2017\/wp-content\/uploads\/2018\/03\/puestos.jpg?resize=578%2C347\" alt=\"Los comerciantes que cuentan con carros en el centro de la ciudad deber\u00e1n presentar ficha de protecci\u00f3n social para la renovaci\u00f3n de sus permisos, como una forma de demostrar que son de la ciudad de San Felipe.\" width=\"578\" height=\"347\" srcset=\"https:\/\/i0.wp.com\/eltrabajo.cl\/portal\/wp-content\/uploads\/2018\/03\/puestos.jpg?w=578&amp;ssl=1 578w, https:\/\/i0.wp.com\/eltrabajo.cl\/portal\/wp-content\/uploads\/2018\/03\/puestos.jpg?resize=200%2C120&amp;ssl=1 200w, https:\/\/i0.wp.com\/eltrabajo.cl\/portal\/wp-content\/uploads\/2018\/03\/puestos.jpg?resize=300%2C180&amp;ssl=1 300w, https:\/\/i0.wp.com\/eltrabajo.cl\/portal\/wp-content\/uploads\/2018\/03\/puestos.jpg?resize=250%2C150&amp;ssl=1 250w, https:\/\/i0.wp.com\/eltrabajo.cl\/portal\/wp-content\/uploads\/2018\/03\/puestos.jpg?resize=400%2C240&amp;ssl=1 400w\" sizes=\"auto, (max-width: 578px) 100vw, 578px\" \/><figcaption id=\"caption-attachment-85256\" class=\"wp-caption-text\">Los comerciantes que cuentan con carros en el centro de la ciudad deber\u00e1n presentar ficha de protecci\u00f3n social para la renovaci\u00f3n de sus permisos, como una forma de demostrar que son de la ciudad de San Felipe.<\/figcaption><\/figure>\n<ul>\n<li><span style=\"color: #ff0000;\"><strong>Nueva ordenanza municipal para renovaci\u00f3n de permisos:<\/strong><\/span><\/li>\n<\/ul>\n<p>Los due\u00f1os de puestos o kioscos en el centro de San Felipe o m\u00e1s bien dicho dentro del damero central de la ciudad, deber\u00e1n seguir esperando para poder renovar sus permisos, porque ha salido una nueva ordenanza donde se incluye la ficha de protecci\u00f3n social para renovarlo.<br \/>\nEl punto fue tratado durante la sesi\u00f3n de ayer martes 13 en el Concejo Municipal de San Felipe, porque hay mucha preocupaci\u00f3n entre los comerciantes sobre la disyuntiva si se va a renovar o no y cu\u00e1ndo pudiera suceder esto.<br \/>\nAl respecto el alcalde Patricio Freire Canto dijo que los permisos se van a renovar: \u201cDentro de la ordenanza se le pide a todos los que postulan a la patente de esos kioscos dentro del damero central y afuera, que tengan la ficha de protecci\u00f3n social de San Felipe; como tenemos una ordenanza nueva, estamos llevando de buena forma, por eso queremos tambi\u00e9n tener los procesos m\u00e1s transparentes\u201d, indic\u00f3.<br \/>\nEsa ficha garantizar\u00eda que las personas que postulan a la renovaci\u00f3n sean de la ciudad, en este caso San Felipe.<br \/>\nEl alcalde aprovech\u00f3 nuestro medio para llamar a los comerciantes a la tranquilidad: \u201cLes digo a los comerciantes que est\u00e9n tranquilos porque se van a renovar esos permisos, pero como sali\u00f3 hace poco esa ordenanza se est\u00e1n haciendo los nuevos contratos\u201d, finaliz\u00f3.<\/p>\n","protected":false},"excerpt":{"rendered":"<p>Nueva ordenanza municipal para renovaci\u00f3n de permisos: Los due\u00f1os de puestos o kioscos en el centro de San Felipe o m\u00e1s bien dicho dentro del damero central de la ciudad, deber\u00e1n seguir&#8230;<\/p>\n","protected":false},"author":1,"featured_media":85256,"comment_status":"open","ping_status":"open","sticky":false,"template":"","format":"standard","meta":{"advanced_seo_description":"","jetpack_seo_html_title":"","jetpack_seo_noindex":false,"_jetpack_memberships_contains_paid_content":false,"footnotes":""},"categories":[1],"tags":[],"class_list":["post-85255","post","type-post","status-publish","format-standard","has-post-thumbnail","hentry","category-cronica"],"jetpack_featured_media_url":"https:\/\/i0.wp.com\/eltrabajo.cl\/portal\/wp-content\/uploads\/2018\/03\/puestos.jpg?fit=578%2C347&ssl=1","jetpack_sharing_enabled":true,"jetpack_likes_enabled":true,"jetpack-related-posts":[],"_links":{"self":[{"href":"https:\/\/eltrabajo.cl\/portal\/wp-json\/wp\/v2\/posts\/85255","targetHints":{"allow":["GET"]}}],"collection":[{"href":"https:\/\/eltrabajo.cl\/portal\/wp-json\/wp\/v2\/posts"}],"about":[{"href":"https:\/\/eltrabajo.cl\/portal\/wp-json\/wp\/v2\/types\/post"}],"author":[{"embeddable":true,"href":"https:\/\/eltrabajo.cl\/portal\/wp-json\/wp\/v2\/users\/1"}],"replies":[{"embeddable":true,"href":"https:\/\/eltrabajo.cl\/portal\/wp-json\/wp\/v2\/comments?post=85255"}],"version-history":[{"count":0,"href":"https:\/\/eltrabajo.cl\/portal\/wp-json\/wp\/v2\/posts\/85255\/revisions"}],"wp:featuredmedia":[{"embeddable":true,"href":"https:\/\/eltrabajo.cl\/portal\/wp-json\/wp\/v2\/media\/85256"}],"wp:attachment":[{"href":"https:\/\/eltrabajo.cl\/portal\/wp-json\/wp\/v2\/media?parent=85255"}],"wp:term":[{"taxonomy":"category","embeddable":true,"href":"https:\/\/eltrabajo.cl\/portal\/wp-json\/wp\/v2\/categories?post=85255"},{"taxonomy":"post_tag","embeddable":true,"href":"https:\/\/eltrabajo.cl\/portal\/wp-json\/wp\/v2\/tags?post=85255"}],"curies":[{"name":"wp","href":"https:\/\/api.w.org\/{rel}","templated":true}]}}