{"id":85258,"date":"2018-03-14T05:02:12","date_gmt":"2018-03-14T09:02:12","guid":{"rendered":"http:\/\/www.eltrabajo.cl\/2017\/?p=85258"},"modified":"2018-03-14T05:02:12","modified_gmt":"2018-03-14T09:02:12","slug":"vecinos-de-avenida-riquelme-denuncian-ola-de-robos-en-su-parroquia","status":"publish","type":"post","link":"https:\/\/eltrabajo.cl\/portal\/vecinos-de-avenida-riquelme-denuncian-ola-de-robos-en-su-parroquia\/","title":{"rendered":"Vecinos de Avenida Riquelme denuncian ola de robos en su parroquia"},"content":{"rendered":"<figure id=\"attachment_85262\" aria-describedby=\"caption-attachment-85262\" style=\"width: 580px\" class=\"wp-caption alignnone\"><img data-recalc-dims=\"1\" loading=\"lazy\" decoding=\"async\" class=\"size-full wp-image-85262\" src=\"https:\/\/i0.wp.com\/www.eltrabajo.cl\/2017\/wp-content\/uploads\/2018\/03\/Parroquia1.jpg?resize=580%2C304\" alt=\"PIDEN SEGURIDAD.- Estos son s\u00f3lo una parte de los vecinos de Avenida Riquelme, afectados por esta ola de robos en su parroquia y viviendas aleda\u00f1as.\" width=\"580\" height=\"304\" srcset=\"https:\/\/i0.wp.com\/eltrabajo.cl\/portal\/wp-content\/uploads\/2018\/03\/Parroquia1.jpg?w=580&amp;ssl=1 580w, https:\/\/i0.wp.com\/eltrabajo.cl\/portal\/wp-content\/uploads\/2018\/03\/Parroquia1.jpg?resize=200%2C105&amp;ssl=1 200w, https:\/\/i0.wp.com\/eltrabajo.cl\/portal\/wp-content\/uploads\/2018\/03\/Parroquia1.jpg?resize=300%2C157&amp;ssl=1 300w, https:\/\/i0.wp.com\/eltrabajo.cl\/portal\/wp-content\/uploads\/2018\/03\/Parroquia1.jpg?resize=286%2C150&amp;ssl=1 286w, https:\/\/i0.wp.com\/eltrabajo.cl\/portal\/wp-content\/uploads\/2018\/03\/Parroquia1.jpg?resize=400%2C210&amp;ssl=1 400w\" sizes=\"auto, (max-width: 580px) 100vw, 580px\" \/><figcaption id=\"caption-attachment-85262\" class=\"wp-caption-text\">PIDEN SEGURIDAD.- Estos son s\u00f3lo una parte de los vecinos de Avenida Riquelme, afectados por esta ola de robos en su parroquia y viviendas aleda\u00f1as.<\/figcaption><\/figure>\n<ul>\n<li><span style=\"color: #ff0000;\"><strong>Aseguran que \u2018El Palmera\u2019 les est\u00e1 robando todo:<\/strong><\/span><\/li>\n<\/ul>\n<p>Una ola de robos en el sector de Calle Riquelme es el que han reportado los vecinos a Diario El Trabajo, los hurtos no s\u00f3lo est\u00e1n afectando a los moradores, sino tambi\u00e9n se est\u00e1n haciendo en la parroquia del lugar, ayer se desarroll\u00f3 una reuni\u00f3n para poder explicar a nuestros lectores esta situaci\u00f3n.<\/p>\n<p><span style=\"color: #ff0000;\"><strong>MUY PREOCUPADOS<\/strong><\/span><br \/>\nAntonio Pozo N\u00fa\u00f1ez, vocero de la comunidad religiosa de la Parroquia Esp\u00edritu Santo, se tom\u00f3 la palabra para informar que \u00absomos una comunidad de vecinos de Avenida Riquelme, entre todos hemos comprado enseres para el funcionamiento de nuestras actividades religiosas y sociales, el problema que estamos sufriendo es una ola de robos en la propiedad de la parroquia, nos han robado el cop\u00f3n de la iglesia, enseres como lozas y electrodom\u00e9sticos, han destruido tambi\u00e9n las puertas y paredes, m\u00e1s de $200.000 en utensilios de cocina nos han robado en las \u00faltimas semanas, entran por la cocina, yo me hago responsable de lo que voy a decir, el responsable de estos robos en la parroquia y en algunos comercios de esta comuna es el famoso \u2018Palmera\u2019, por todas partes se anda metiendo, la semana pasada se meti\u00f3 en una licorera, lo pillaron adentro, creemos que por su Modus Operandi \u00e9l es el responsable, en Carabineros dicen que ellos, los polic\u00edas, siempre van a los procedimientos, pero que en la Fiscal\u00eda lo sueltan al otro d\u00eda, por m\u00e1s que lo detengan lo dejan libre\u00bb, dijo Pozo.<\/p>\n<p><span style=\"color: #ff0000;\"><strong>SITIO ERIAZO<\/strong><\/span><br \/>\nDiario El Trabajo tambi\u00e9n habl\u00f3 con don Jos\u00e9 Cornejo, vecino de Avenida Riquelme, quien asegur\u00f3 que \u00abnosotros como vecinos hemos detectado que todas las veces que han ingresado a robar, lo han hecho por un sitio eriazo que pertenece a Banco Estado a los pies de nuestras casas, no hay sistemas de seguridad y el Banco lo tiene totalmente abandonado, la muralla es baja, a su vez ese sitio eriazo est\u00e1 lleno de mugre, han robado en tres casas colindantes de los vecinos, el problema est\u00e1 tambi\u00e9n con el peligro de un incendio, necesitamos que las autoridades nos atiendan con este problema\u00bb, explic\u00f3 Cornejo.<br \/>\n<strong>Roberto Gonz\u00e1lez Short<\/strong><\/p>\n<figure id=\"attachment_85259\" aria-describedby=\"caption-attachment-85259\" style=\"width: 580px\" class=\"wp-caption alignnone\"><img data-recalc-dims=\"1\" loading=\"lazy\" decoding=\"async\" class=\"size-full wp-image-85259\" src=\"https:\/\/i0.wp.com\/www.eltrabajo.cl\/2017\/wp-content\/uploads\/2018\/03\/Parroquia_Antonio-Pozo.jpg?resize=580%2C520\" alt=\"Antonio Pozo N\u00fa\u00f1ez, vocero de la comunidad religiosa de la Parroquia Esp\u00edritu Santo.\" width=\"580\" height=\"520\" srcset=\"https:\/\/i0.wp.com\/eltrabajo.cl\/portal\/wp-content\/uploads\/2018\/03\/Parroquia_Antonio-Pozo.jpg?w=580&amp;ssl=1 580w, https:\/\/i0.wp.com\/eltrabajo.cl\/portal\/wp-content\/uploads\/2018\/03\/Parroquia_Antonio-Pozo.jpg?resize=167%2C150&amp;ssl=1 167w, https:\/\/i0.wp.com\/eltrabajo.cl\/portal\/wp-content\/uploads\/2018\/03\/Parroquia_Antonio-Pozo.jpg?resize=300%2C269&amp;ssl=1 300w, https:\/\/i0.wp.com\/eltrabajo.cl\/portal\/wp-content\/uploads\/2018\/03\/Parroquia_Antonio-Pozo.jpg?resize=400%2C359&amp;ssl=1 400w\" sizes=\"auto, (max-width: 580px) 100vw, 580px\" \/><figcaption id=\"caption-attachment-85259\" class=\"wp-caption-text\">Antonio Pozo N\u00fa\u00f1ez, vocero de la comunidad religiosa de la Parroquia Esp\u00edritu Santo.<\/figcaption><\/figure>\n<figure id=\"attachment_85260\" aria-describedby=\"caption-attachment-85260\" style=\"width: 578px\" class=\"wp-caption alignnone\"><img data-recalc-dims=\"1\" loading=\"lazy\" decoding=\"async\" class=\"size-full wp-image-85260\" src=\"https:\/\/i0.wp.com\/www.eltrabajo.cl\/2017\/wp-content\/uploads\/2018\/03\/Parroquia_Belisario-Segura.jpg?resize=578%2C386\" alt=\"SITIO ERIAZO.- Don Belisario Segura, otro de los vecinos afectados, muestra a Diario El Trabajo el sitio eriazo de Banco Estado, mismo por el que los antisociales est\u00e1n ingresando a la parroquia y casas vecinas, aseguran.\" width=\"578\" height=\"386\" srcset=\"https:\/\/i0.wp.com\/eltrabajo.cl\/portal\/wp-content\/uploads\/2018\/03\/Parroquia_Belisario-Segura.jpg?w=578&amp;ssl=1 578w, https:\/\/i0.wp.com\/eltrabajo.cl\/portal\/wp-content\/uploads\/2018\/03\/Parroquia_Belisario-Segura.jpg?resize=200%2C134&amp;ssl=1 200w, https:\/\/i0.wp.com\/eltrabajo.cl\/portal\/wp-content\/uploads\/2018\/03\/Parroquia_Belisario-Segura.jpg?resize=300%2C200&amp;ssl=1 300w, https:\/\/i0.wp.com\/eltrabajo.cl\/portal\/wp-content\/uploads\/2018\/03\/Parroquia_Belisario-Segura.jpg?resize=225%2C150&amp;ssl=1 225w, https:\/\/i0.wp.com\/eltrabajo.cl\/portal\/wp-content\/uploads\/2018\/03\/Parroquia_Belisario-Segura.jpg?resize=400%2C267&amp;ssl=1 400w\" sizes=\"auto, (max-width: 578px) 100vw, 578px\" \/><figcaption id=\"caption-attachment-85260\" class=\"wp-caption-text\">SITIO ERIAZO.- Don Belisario Segura, otro de los vecinos afectados, muestra a Diario El Trabajo el sitio eriazo de Banco Estado, mismo por el que los antisociales est\u00e1n ingresando a la parroquia y casas vecinas, aseguran.<\/figcaption><\/figure>\n<figure id=\"attachment_85261\" aria-describedby=\"caption-attachment-85261\" style=\"width: 580px\" class=\"wp-caption alignnone\"><img data-recalc-dims=\"1\" loading=\"lazy\" decoding=\"async\" class=\"size-full wp-image-85261\" src=\"https:\/\/i0.wp.com\/www.eltrabajo.cl\/2017\/wp-content\/uploads\/2018\/03\/Parroquia_Jose-Cornejo.jpg?resize=580%2C531\" alt=\"Jos\u00e9 Cornejo, vecino de Avenida Riquelme.\" width=\"580\" height=\"531\" srcset=\"https:\/\/i0.wp.com\/eltrabajo.cl\/portal\/wp-content\/uploads\/2018\/03\/Parroquia_Jose-Cornejo.jpg?w=580&amp;ssl=1 580w, https:\/\/i0.wp.com\/eltrabajo.cl\/portal\/wp-content\/uploads\/2018\/03\/Parroquia_Jose-Cornejo.jpg?resize=164%2C150&amp;ssl=1 164w, https:\/\/i0.wp.com\/eltrabajo.cl\/portal\/wp-content\/uploads\/2018\/03\/Parroquia_Jose-Cornejo.jpg?resize=300%2C275&amp;ssl=1 300w, https:\/\/i0.wp.com\/eltrabajo.cl\/portal\/wp-content\/uploads\/2018\/03\/Parroquia_Jose-Cornejo.jpg?resize=400%2C366&amp;ssl=1 400w\" sizes=\"auto, (max-width: 580px) 100vw, 580px\" \/><figcaption id=\"caption-attachment-85261\" class=\"wp-caption-text\">Jos\u00e9 Cornejo, vecino de Avenida Riquelme.<\/figcaption><\/figure>\n<figure id=\"attachment_85263\" aria-describedby=\"caption-attachment-85263\" style=\"width: 580px\" class=\"wp-caption alignnone\"><img data-recalc-dims=\"1\" loading=\"lazy\" decoding=\"async\" class=\"size-full wp-image-85263\" src=\"https:\/\/i0.wp.com\/www.eltrabajo.cl\/2017\/wp-content\/uploads\/2018\/03\/Parroquia2.jpg?resize=580%2C358\" alt=\"\u00bfY AHORA QUI\u00c9N PODR\u00c1 AYUDARLES?.- Por esta bodega ingresa el ladr\u00f3n que tiene intimidados a estos pac\u00edficos vecinos de Riquelme.\" width=\"580\" height=\"358\" srcset=\"https:\/\/i0.wp.com\/eltrabajo.cl\/portal\/wp-content\/uploads\/2018\/03\/Parroquia2.jpg?w=580&amp;ssl=1 580w, https:\/\/i0.wp.com\/eltrabajo.cl\/portal\/wp-content\/uploads\/2018\/03\/Parroquia2.jpg?resize=200%2C123&amp;ssl=1 200w, https:\/\/i0.wp.com\/eltrabajo.cl\/portal\/wp-content\/uploads\/2018\/03\/Parroquia2.jpg?resize=300%2C185&amp;ssl=1 300w, https:\/\/i0.wp.com\/eltrabajo.cl\/portal\/wp-content\/uploads\/2018\/03\/Parroquia2.jpg?resize=243%2C150&amp;ssl=1 243w, https:\/\/i0.wp.com\/eltrabajo.cl\/portal\/wp-content\/uploads\/2018\/03\/Parroquia2.jpg?resize=400%2C247&amp;ssl=1 400w\" sizes=\"auto, (max-width: 580px) 100vw, 580px\" \/><figcaption id=\"caption-attachment-85263\" class=\"wp-caption-text\">\u00bfY AHORA QUI\u00c9N PODR\u00c1 AYUDARLES?.- Por esta bodega ingresa el ladr\u00f3n que tiene intimidados a estos pac\u00edficos vecinos de Riquelme.<\/figcaption><\/figure>\n","protected":false},"excerpt":{"rendered":"<p>Aseguran que \u2018El Palmera\u2019 les est\u00e1 robando todo: Una ola de robos en el sector de Calle Riquelme es el que han reportado los vecinos a Diario El Trabajo, los hurtos no&#8230;<\/p>\n","protected":false},"author":1,"featured_media":85263,"comment_status":"open","ping_status":"open","sticky":false,"template":"","format":"standard","meta":{"advanced_seo_description":"","jetpack_seo_html_title":"","jetpack_seo_noindex":false,"_jetpack_memberships_contains_paid_content":false,"footnotes":""},"categories":[15],"tags":[],"class_list":["post-85258","post","type-post","status-publish","format-standard","has-post-thumbnail","hentry","category-comunidad"],"jetpack_featured_media_url":"https:\/\/i0.wp.com\/eltrabajo.cl\/portal\/wp-content\/uploads\/2018\/03\/Parroquia2.jpg?fit=580%2C358&ssl=1","jetpack_sharing_enabled":true,"jetpack_likes_enabled":true,"jetpack-related-posts":[],"_links":{"self":[{"href":"https:\/\/eltrabajo.cl\/portal\/wp-json\/wp\/v2\/posts\/85258","targetHints":{"allow":["GET"]}}],"collection":[{"href":"https:\/\/eltrabajo.cl\/portal\/wp-json\/wp\/v2\/posts"}],"about":[{"href":"https:\/\/eltrabajo.cl\/portal\/wp-json\/wp\/v2\/types\/post"}],"author":[{"embeddable":true,"href":"https:\/\/eltrabajo.cl\/portal\/wp-json\/wp\/v2\/users\/1"}],"replies":[{"embeddable":true,"href":"https:\/\/eltrabajo.cl\/portal\/wp-json\/wp\/v2\/comments?post=85258"}],"version-history":[{"count":0,"href":"https:\/\/eltrabajo.cl\/portal\/wp-json\/wp\/v2\/posts\/85258\/revisions"}],"wp:featuredmedia":[{"embeddable":true,"href":"https:\/\/eltrabajo.cl\/portal\/wp-json\/wp\/v2\/media\/85263"}],"wp:attachment":[{"href":"https:\/\/eltrabajo.cl\/portal\/wp-json\/wp\/v2\/media?parent=85258"}],"wp:term":[{"taxonomy":"category","embeddable":true,"href":"https:\/\/eltrabajo.cl\/portal\/wp-json\/wp\/v2\/categories?post=85258"},{"taxonomy":"post_tag","embeddable":true,"href":"https:\/\/eltrabajo.cl\/portal\/wp-json\/wp\/v2\/tags?post=85258"}],"curies":[{"name":"wp","href":"https:\/\/api.w.org\/{rel}","templated":true}]}}