{"id":85265,"date":"2018-03-14T05:03:49","date_gmt":"2018-03-14T09:03:49","guid":{"rendered":"http:\/\/www.eltrabajo.cl\/2017\/?p=85265"},"modified":"2018-03-14T05:03:49","modified_gmt":"2018-03-14T09:03:49","slug":"donaciones-de-sanfelipenos-se-entregan-hoy-a-paola-orellana-y-sus-hijos","status":"publish","type":"post","link":"https:\/\/eltrabajo.cl\/portal\/donaciones-de-sanfelipenos-se-entregan-hoy-a-paola-orellana-y-sus-hijos\/","title":{"rendered":"Donaciones de sanfelipe\u00f1os se entregan hoy a Paola Orellana y sus hijos"},"content":{"rendered":"<figure id=\"attachment_85272\" aria-describedby=\"caption-attachment-85272\" style=\"width: 578px\" class=\"wp-caption alignnone\"><img data-recalc-dims=\"1\" loading=\"lazy\" decoding=\"async\" class=\"size-full wp-image-85272\" src=\"https:\/\/i0.wp.com\/www.eltrabajo.cl\/2017\/wp-content\/uploads\/2018\/03\/Pobreza4.jpg?resize=578%2C386\" alt=\"DE INFARTO.- Ni hablar del inodoro y la tina de ba\u00f1o, inservibles pero funcionando por necesidad, una situaci\u00f3n m\u00e1s que indigna para cualquier ser humano.\" width=\"578\" height=\"386\" srcset=\"https:\/\/i0.wp.com\/eltrabajo.cl\/portal\/wp-content\/uploads\/2018\/03\/Pobreza4.jpg?w=578&amp;ssl=1 578w, https:\/\/i0.wp.com\/eltrabajo.cl\/portal\/wp-content\/uploads\/2018\/03\/Pobreza4.jpg?resize=200%2C134&amp;ssl=1 200w, https:\/\/i0.wp.com\/eltrabajo.cl\/portal\/wp-content\/uploads\/2018\/03\/Pobreza4.jpg?resize=300%2C200&amp;ssl=1 300w, https:\/\/i0.wp.com\/eltrabajo.cl\/portal\/wp-content\/uploads\/2018\/03\/Pobreza4.jpg?resize=225%2C150&amp;ssl=1 225w, https:\/\/i0.wp.com\/eltrabajo.cl\/portal\/wp-content\/uploads\/2018\/03\/Pobreza4.jpg?resize=400%2C267&amp;ssl=1 400w\" sizes=\"auto, (max-width: 578px) 100vw, 578px\" \/><figcaption id=\"caption-attachment-85272\" class=\"wp-caption-text\">DE INFARTO.- Ni hablar del inodoro y la tina de ba\u00f1o, inservibles pero funcionando por necesidad, una situaci\u00f3n m\u00e1s que indigna para cualquier ser humano.<\/figcaption><\/figure>\n<ul>\n<li><span style=\"color: #ff0000;\"><strong>Municipio llaylla\u00edno terminar\u00e1 campa\u00f1a de Diario El Trabajo y Carnes KAR:<\/strong><\/span><\/li>\n<\/ul>\n<p>Como recordar\u00e1n nuestros lectores, hoy mi\u00e9rcoles en horas de la ma\u00f1ana una brigada de voluntarios encabezados por Diario El Trabajo y personal de Carnes KAR, de San Felipe, estaremos haciendo entrega de las donaciones que nuestros lectores y p\u00fablico en general han decidido donar a do\u00f1a Paola Orellana y sus tres hijos, vecinos de Llay Llay, luego que en nuestro medio public\u00e1ramos su penosa historia de pobreza y necesidad.<\/p>\n<p><span style=\"color: #ff0000;\"><strong>GENTE SOLIDARIA<\/strong><\/span><br \/>\nLa respuesta de los sanfelipe\u00f1os no se hizo esperar, pues llegaron hasta Carnes KAR decenas de cuadernos y dem\u00e1s \u00fatiles escolares, as\u00ed como ropa, zapatos y much\u00edsima mercader\u00eda para aliviar las necesidades b\u00e1sicas de esta humilde familia aconcag\u00fcina.<br \/>\n\u00abUna vecina por ejemplo, se acerc\u00f3 a nuestra carnicer\u00eda y nos hizo entrega de un carrito de supermercado completamente lleno, cajas de leche, bolsas de arroz, un saco de papas, otros llegaron con mochilas, ropita usada y hasta la Segunda Compa\u00f1\u00eda de Bomberos La Internacional de nuestra comuna recaud\u00f3 m\u00e1s de $60.000 y con ese dinero compraron mercader\u00eda para do\u00f1a Paola y sus tres hijos, esta ha sido una experiencia muy gratificante para todos quienes anhelamos que do\u00f1a Paola supere sus problemas\u00bb, coment\u00f3 a Diario El Trabajo don Juan Gonz\u00e1lez, administrador de Carnes KAR.<\/p>\n<p><span style=\"color: #ff0000;\"><strong>LA INTERNACIONAL<\/strong><\/span><br \/>\nTambi\u00e9n pudimos contactar al comandante de Bomba La Internacional, David Guajardo, quien claramente emocionado nos explic\u00f3 la din\u00e1mica de trabajo que sus bomberos desarrollan en estos casos de apremio cuando les es posible ayudar: \u00abNosotros como bomberos sanfelipe\u00f1os no nos limitamos a rescatar gatitos de los \u00e1rboles, tambi\u00e9n apagamos incendios, rescatamos a personas de autos volcados y tambi\u00e9n nos ponemos la camiseta para auxiliar a personas como do\u00f1a Paola y sus hijos, no lo hacemos para salir en los medios, lo hacemos porque esa es nuestra vocaci\u00f3n, pero hoy lo compartimos con los lectores de Diario El Trabajo para invitar con nuestro ejemplo a todos los vecinos del Valle de Aconcagua, personalmente visit\u00e9 la casa de do\u00f1a Paola, los ni\u00f1os estaban muy ansiosos por abrir las bolsas con mercader\u00eda, do\u00f1a Paola no pudo aguantar sus ganas de llorar, vimos a una familia sola, con muchas necesidades y a nosotros nos impact\u00f3 mucho esta experiencia, de hecho pensamos en seguir apoy\u00e1ndoles mensualmente hasta que se pueda, los bomberos estamos insertos en una comunidad, nos interesa lo que pase en ella y siempre que se nos necesite de la manera que sea, ah\u00ed estaremos, donde sea y a la hora que sea\u00bb, coment\u00f3 el director de la 2\u00aa C\u00eda. de Bomberos La Internacional, David Guajardo.<\/p>\n<p><span style=\"color: #ff0000;\"><strong>ALCALDESA (S) RESPONDE<\/strong><\/span><br \/>\nHace unas semanas, cuando en Diario El Trabajo hicimos una inspecci\u00f3n en el hogar donde vive Paola, nos encontramos con una t\u00e9trica vivienda apenas funcional, tuber\u00edas podridas; inodoro inservible; un cuarto de ba\u00f1o para la familia a medio terminar; sillones podridos y una pila de deudas de los servicios b\u00e1sicos de agua y luz. Seg\u00fan Paola, el Municipio llaylla\u00edno le viene ayudando desde hace tiempo, y en cuanto al tema del cuarto de ba\u00f1o que no est\u00e1 terminado, Diario El Trabajo busc\u00f3 respuesta en la Municipalidad de Llay Llay.<br \/>\nAyer martes cuando llegamos a ese municipio, fuimos atendidos por la alcaldesa (S) Karina Espinoza Fern\u00e1ndez, quien nos explic\u00f3 que el caso de do\u00f1a Paola y sus hijos es bastante complejo, pues aunque la han impulsado para que ella aproveche varios programas del gobierno, aparte de sus problemas personales (confidenciales), pareciera que s\u00ed hay una cuota de \u2018Mala Suerte\u2019 que le impide salir adelante, por lo que ofreci\u00f3 tambi\u00e9n reanudar los esfuerzos para sacarla adelante, pues do\u00f1a Paola est\u00e1 pr\u00f3xima a ser operada de sus caderas, lo que la dejar\u00e1 en cama y necesitar\u00e1 doblemente de alguien que le atienda a ella y a sus hijos.<br \/>\n\u00abNuestro municipio no abandona la situaci\u00f3n de do\u00f1a Paola, nos seguiremos haciendo cargo como lo hacemos hasta ahora, a Paola Orellana le hemos brindado bastante apoyo, finalmente nos queda ahora un compromiso que nosotros estamos asumiendo con ella, que es poder hacerle un ba\u00f1o, el Departamento de Operaciones ser\u00e1 el que se har\u00e1 cargo con una cuadrilla y el material faltante para poder terminar con esta construcci\u00f3n del ba\u00f1o, adem\u00e1s de las entregas constantes, ya realizamos de mercader\u00eda, leche, pa\u00f1ales y otros insumos que ella pueda necesitar para sus hijos\u00bb, dijo Espinoza a Diario El Trabajo.<br \/>\nSobre las condiciones en que do\u00f1a Paola quedar\u00e1 luego de la operaci\u00f3n de sus caderas, la alcaldesa (S) Karina Espinoza, dijo esperanzadoras palabras que nos permiten suponer que ella no quedar\u00e1 abandonada a su suerte.<br \/>\n\u00abNosotros vamos a coordinarnos con los Codelos para poder ver una soluci\u00f3n m\u00e1s estable, pues las ayudas sociales en determinado momento se terminan y la mercader\u00eda tambi\u00e9n se acaba, le arreglaremos este ba\u00f1o para que su situaci\u00f3n sea m\u00e1s estable, pero todo lo que ella necesita por ahora se lo estaremos entregando mensualmente, vamos a empezar a coordinar con nuestra Dideco y con otros organismos para poder facilitarle alguna soluci\u00f3n m\u00e1s integral a do\u00f1a Paola\u00bb, dijo la autoridad.<br \/>\nHoy personal de Carnes KAR, Diario El Trabajo y personeros del municipio llaylla\u00edno, estaremos visitando a do\u00f1a Paola y sus hijos, para hacer entrega de los donativos y tambi\u00e9n para conocer el compromiso de ayuda social que este Municipio hizo p\u00fablico.<br \/>\n<strong>Roberto Gonz\u00e1lez Short<\/strong><br \/>\n<strong>ENVIADO ESPECIAL<\/strong><\/p>\n<figure id=\"attachment_85266\" aria-describedby=\"caption-attachment-85266\" style=\"width: 580px\" class=\"wp-caption alignnone\"><img data-recalc-dims=\"1\" loading=\"lazy\" decoding=\"async\" class=\"size-full wp-image-85266\" src=\"https:\/\/i0.wp.com\/www.eltrabajo.cl\/2017\/wp-content\/uploads\/2018\/03\/Pobreza_David-Guajardo.jpg?resize=580%2C490\" alt=\"Comandante de Bomba La Internacional, David Guajardo.\" width=\"580\" height=\"490\" srcset=\"https:\/\/i0.wp.com\/eltrabajo.cl\/portal\/wp-content\/uploads\/2018\/03\/Pobreza_David-Guajardo.jpg?w=580&amp;ssl=1 580w, https:\/\/i0.wp.com\/eltrabajo.cl\/portal\/wp-content\/uploads\/2018\/03\/Pobreza_David-Guajardo.jpg?resize=178%2C150&amp;ssl=1 178w, https:\/\/i0.wp.com\/eltrabajo.cl\/portal\/wp-content\/uploads\/2018\/03\/Pobreza_David-Guajardo.jpg?resize=300%2C253&amp;ssl=1 300w, https:\/\/i0.wp.com\/eltrabajo.cl\/portal\/wp-content\/uploads\/2018\/03\/Pobreza_David-Guajardo.jpg?resize=400%2C338&amp;ssl=1 400w\" sizes=\"auto, (max-width: 580px) 100vw, 580px\" \/><figcaption id=\"caption-attachment-85266\" class=\"wp-caption-text\">Comandante de Bomba La Internacional, David Guajardo.<\/figcaption><\/figure>\n<figure id=\"attachment_85267\" aria-describedby=\"caption-attachment-85267\" style=\"width: 580px\" class=\"wp-caption alignnone\"><img data-recalc-dims=\"1\" loading=\"lazy\" decoding=\"async\" class=\"size-full wp-image-85267\" src=\"https:\/\/i0.wp.com\/www.eltrabajo.cl\/2017\/wp-content\/uploads\/2018\/03\/Pobreza_Juan-Gonzalez.jpg?resize=580%2C564\" alt=\"Juan Gonz\u00e1lez, de Carnes KAR, encargado de esta campa\u00f1a solidaria en la parte operativa.\" width=\"580\" height=\"564\" srcset=\"https:\/\/i0.wp.com\/eltrabajo.cl\/portal\/wp-content\/uploads\/2018\/03\/Pobreza_Juan-Gonzalez.jpg?w=580&amp;ssl=1 580w, https:\/\/i0.wp.com\/eltrabajo.cl\/portal\/wp-content\/uploads\/2018\/03\/Pobreza_Juan-Gonzalez.jpg?resize=154%2C150&amp;ssl=1 154w, https:\/\/i0.wp.com\/eltrabajo.cl\/portal\/wp-content\/uploads\/2018\/03\/Pobreza_Juan-Gonzalez.jpg?resize=300%2C292&amp;ssl=1 300w, https:\/\/i0.wp.com\/eltrabajo.cl\/portal\/wp-content\/uploads\/2018\/03\/Pobreza_Juan-Gonzalez.jpg?resize=400%2C389&amp;ssl=1 400w\" sizes=\"auto, (max-width: 580px) 100vw, 580px\" \/><figcaption id=\"caption-attachment-85267\" class=\"wp-caption-text\">Juan Gonz\u00e1lez, de Carnes KAR, encargado de esta campa\u00f1a solidaria en la parte operativa.<\/figcaption><\/figure>\n<figure id=\"attachment_85268\" aria-describedby=\"caption-attachment-85268\" style=\"width: 580px\" class=\"wp-caption alignnone\"><img data-recalc-dims=\"1\" loading=\"lazy\" decoding=\"async\" class=\"size-full wp-image-85268\" src=\"https:\/\/i0.wp.com\/www.eltrabajo.cl\/2017\/wp-content\/uploads\/2018\/03\/Pobreza_Karina-Espinoza.jpg?resize=580%2C557\" alt=\"Alcaldesa (S) de Llay Llay, Karina Espinoza Fern\u00e1ndez.\" width=\"580\" height=\"557\" srcset=\"https:\/\/i0.wp.com\/eltrabajo.cl\/portal\/wp-content\/uploads\/2018\/03\/Pobreza_Karina-Espinoza.jpg?w=580&amp;ssl=1 580w, https:\/\/i0.wp.com\/eltrabajo.cl\/portal\/wp-content\/uploads\/2018\/03\/Pobreza_Karina-Espinoza.jpg?resize=156%2C150&amp;ssl=1 156w, https:\/\/i0.wp.com\/eltrabajo.cl\/portal\/wp-content\/uploads\/2018\/03\/Pobreza_Karina-Espinoza.jpg?resize=300%2C288&amp;ssl=1 300w, https:\/\/i0.wp.com\/eltrabajo.cl\/portal\/wp-content\/uploads\/2018\/03\/Pobreza_Karina-Espinoza.jpg?resize=400%2C384&amp;ssl=1 400w\" sizes=\"auto, (max-width: 580px) 100vw, 580px\" \/><figcaption id=\"caption-attachment-85268\" class=\"wp-caption-text\">Alcaldesa (S) de Llay Llay, Karina Espinoza Fern\u00e1ndez.<\/figcaption><\/figure>\n<figure id=\"attachment_85269\" aria-describedby=\"caption-attachment-85269\" style=\"width: 579px\" class=\"wp-caption alignnone\"><img data-recalc-dims=\"1\" loading=\"lazy\" decoding=\"async\" class=\"size-full wp-image-85269\" src=\"https:\/\/i0.wp.com\/www.eltrabajo.cl\/2017\/wp-content\/uploads\/2018\/03\/Pobreza1.jpg?resize=579%2C378\" alt=\"SIEMPRE BOMBEROS.- Voluntarios de la 2\u00aa C\u00eda. de Bomberos La Internacional, de San Felipe, hicieron entrega de mercader\u00eda a do\u00f1a Paola en su casa de habitaci\u00f3n.\" width=\"579\" height=\"378\" srcset=\"https:\/\/i0.wp.com\/eltrabajo.cl\/portal\/wp-content\/uploads\/2018\/03\/Pobreza1.jpg?w=579&amp;ssl=1 579w, https:\/\/i0.wp.com\/eltrabajo.cl\/portal\/wp-content\/uploads\/2018\/03\/Pobreza1.jpg?resize=200%2C131&amp;ssl=1 200w, https:\/\/i0.wp.com\/eltrabajo.cl\/portal\/wp-content\/uploads\/2018\/03\/Pobreza1.jpg?resize=300%2C196&amp;ssl=1 300w, https:\/\/i0.wp.com\/eltrabajo.cl\/portal\/wp-content\/uploads\/2018\/03\/Pobreza1.jpg?resize=230%2C150&amp;ssl=1 230w, https:\/\/i0.wp.com\/eltrabajo.cl\/portal\/wp-content\/uploads\/2018\/03\/Pobreza1.jpg?resize=400%2C261&amp;ssl=1 400w\" sizes=\"auto, (max-width: 579px) 100vw, 579px\" \/><figcaption id=\"caption-attachment-85269\" class=\"wp-caption-text\">SIEMPRE BOMBEROS.- Voluntarios de la 2\u00aa C\u00eda. de Bomberos La Internacional, de San Felipe, hicieron entrega de mercader\u00eda a do\u00f1a Paola en su casa de habitaci\u00f3n.<\/figcaption><\/figure>\n<figure id=\"attachment_85270\" aria-describedby=\"caption-attachment-85270\" style=\"width: 578px\" class=\"wp-caption alignnone\"><img data-recalc-dims=\"1\" loading=\"lazy\" decoding=\"async\" class=\"size-full wp-image-85270\" src=\"https:\/\/i0.wp.com\/www.eltrabajo.cl\/2017\/wp-content\/uploads\/2018\/03\/Pobreza2.jpg?resize=578%2C386\" alt=\"MUNICIPIO LO TERMINAR\u00c1.- Este es el cuarto de ba\u00f1o a medio terminar, Paola y sus hijos lo necesitan funcionando.\" width=\"578\" height=\"386\" srcset=\"https:\/\/i0.wp.com\/eltrabajo.cl\/portal\/wp-content\/uploads\/2018\/03\/Pobreza2.jpg?w=578&amp;ssl=1 578w, https:\/\/i0.wp.com\/eltrabajo.cl\/portal\/wp-content\/uploads\/2018\/03\/Pobreza2.jpg?resize=200%2C134&amp;ssl=1 200w, https:\/\/i0.wp.com\/eltrabajo.cl\/portal\/wp-content\/uploads\/2018\/03\/Pobreza2.jpg?resize=300%2C200&amp;ssl=1 300w, https:\/\/i0.wp.com\/eltrabajo.cl\/portal\/wp-content\/uploads\/2018\/03\/Pobreza2.jpg?resize=225%2C150&amp;ssl=1 225w, https:\/\/i0.wp.com\/eltrabajo.cl\/portal\/wp-content\/uploads\/2018\/03\/Pobreza2.jpg?resize=400%2C267&amp;ssl=1 400w\" sizes=\"auto, (max-width: 578px) 100vw, 578px\" \/><figcaption id=\"caption-attachment-85270\" class=\"wp-caption-text\">MUNICIPIO LO TERMINAR\u00c1.- Este es el cuarto de ba\u00f1o a medio terminar, Paola y sus hijos lo necesitan funcionando.<\/figcaption><\/figure>\n<figure id=\"attachment_85271\" aria-describedby=\"caption-attachment-85271\" style=\"width: 579px\" class=\"wp-caption alignnone\"><img data-recalc-dims=\"1\" loading=\"lazy\" decoding=\"async\" class=\"size-full wp-image-85271\" src=\"https:\/\/i0.wp.com\/www.eltrabajo.cl\/2017\/wp-content\/uploads\/2018\/03\/Pobreza3.jpg?resize=579%2C869\" alt=\"\u00d3XIDO Y HUMEDAD.- As\u00ed est\u00e1n los implementos en el ba\u00f1o que actualmente usa esta familia llaylla\u00edna.\" width=\"579\" height=\"869\" srcset=\"https:\/\/i0.wp.com\/eltrabajo.cl\/portal\/wp-content\/uploads\/2018\/03\/Pobreza3.jpg?w=579&amp;ssl=1 579w, https:\/\/i0.wp.com\/eltrabajo.cl\/portal\/wp-content\/uploads\/2018\/03\/Pobreza3.jpg?resize=100%2C150&amp;ssl=1 100w, https:\/\/i0.wp.com\/eltrabajo.cl\/portal\/wp-content\/uploads\/2018\/03\/Pobreza3.jpg?resize=200%2C300&amp;ssl=1 200w, https:\/\/i0.wp.com\/eltrabajo.cl\/portal\/wp-content\/uploads\/2018\/03\/Pobreza3.jpg?resize=400%2C600&amp;ssl=1 400w\" sizes=\"auto, (max-width: 579px) 100vw, 579px\" \/><figcaption id=\"caption-attachment-85271\" class=\"wp-caption-text\">\u00d3XIDO Y HUMEDAD.- As\u00ed est\u00e1n los implementos en el ba\u00f1o que actualmente usa esta familia llaylla\u00edna.<\/figcaption><\/figure>\n","protected":false},"excerpt":{"rendered":"<p>Municipio llaylla\u00edno terminar\u00e1 campa\u00f1a de Diario El Trabajo y Carnes KAR: Como recordar\u00e1n nuestros lectores, hoy mi\u00e9rcoles en horas de la ma\u00f1ana una brigada de voluntarios encabezados por Diario El Trabajo y&#8230;<\/p>\n","protected":false},"author":1,"featured_media":85270,"comment_status":"open","ping_status":"open","sticky":false,"template":"","format":"standard","meta":{"advanced_seo_description":"","jetpack_seo_html_title":"","jetpack_seo_noindex":false,"_jetpack_memberships_contains_paid_content":false,"footnotes":""},"categories":[15],"tags":[],"class_list":["post-85265","post","type-post","status-publish","format-standard","has-post-thumbnail","hentry","category-comunidad"],"jetpack_featured_media_url":"https:\/\/i0.wp.com\/eltrabajo.cl\/portal\/wp-content\/uploads\/2018\/03\/Pobreza2.jpg?fit=578%2C386&ssl=1","jetpack_sharing_enabled":true,"jetpack_likes_enabled":true,"jetpack-related-posts":[],"_links":{"self":[{"href":"https:\/\/eltrabajo.cl\/portal\/wp-json\/wp\/v2\/posts\/85265","targetHints":{"allow":["GET"]}}],"collection":[{"href":"https:\/\/eltrabajo.cl\/portal\/wp-json\/wp\/v2\/posts"}],"about":[{"href":"https:\/\/eltrabajo.cl\/portal\/wp-json\/wp\/v2\/types\/post"}],"author":[{"embeddable":true,"href":"https:\/\/eltrabajo.cl\/portal\/wp-json\/wp\/v2\/users\/1"}],"replies":[{"embeddable":true,"href":"https:\/\/eltrabajo.cl\/portal\/wp-json\/wp\/v2\/comments?post=85265"}],"version-history":[{"count":0,"href":"https:\/\/eltrabajo.cl\/portal\/wp-json\/wp\/v2\/posts\/85265\/revisions"}],"wp:featuredmedia":[{"embeddable":true,"href":"https:\/\/eltrabajo.cl\/portal\/wp-json\/wp\/v2\/media\/85270"}],"wp:attachment":[{"href":"https:\/\/eltrabajo.cl\/portal\/wp-json\/wp\/v2\/media?parent=85265"}],"wp:term":[{"taxonomy":"category","embeddable":true,"href":"https:\/\/eltrabajo.cl\/portal\/wp-json\/wp\/v2\/categories?post=85265"},{"taxonomy":"post_tag","embeddable":true,"href":"https:\/\/eltrabajo.cl\/portal\/wp-json\/wp\/v2\/tags?post=85265"}],"curies":[{"name":"wp","href":"https:\/\/api.w.org\/{rel}","templated":true}]}}