{"id":85292,"date":"2018-03-15T05:00:07","date_gmt":"2018-03-15T09:00:07","guid":{"rendered":"http:\/\/www.eltrabajo.cl\/2017\/?p=85292"},"modified":"2018-03-15T05:00:07","modified_gmt":"2018-03-15T09:00:07","slug":"condenan-al-fisco-a-pagar-315-millones-a-familiares-de-fusilados-en-putaendo","status":"publish","type":"post","link":"https:\/\/eltrabajo.cl\/portal\/condenan-al-fisco-a-pagar-315-millones-a-familiares-de-fusilados-en-putaendo\/","title":{"rendered":"Condenan al fisco a pagar $315 millones a familiares de fusilados en Putaendo"},"content":{"rendered":"<figure id=\"attachment_85296\" aria-describedby=\"caption-attachment-85296\" style=\"width: 580px\" class=\"wp-caption alignnone\"><img data-recalc-dims=\"1\" loading=\"lazy\" decoding=\"async\" class=\"size-full wp-image-85296\" src=\"https:\/\/i0.wp.com\/www.eltrabajo.cl\/2017\/wp-content\/uploads\/2018\/03\/lugar-fusilamiento.jpg?resize=580%2C400\" alt=\"En este preciso lugar habr\u00eda ocurrido el fusilamiento de los militantes comunistas en el sector Las Coimas.\" width=\"580\" height=\"400\" srcset=\"https:\/\/i0.wp.com\/eltrabajo.cl\/portal\/wp-content\/uploads\/2018\/03\/lugar-fusilamiento.jpg?w=580&amp;ssl=1 580w, https:\/\/i0.wp.com\/eltrabajo.cl\/portal\/wp-content\/uploads\/2018\/03\/lugar-fusilamiento.jpg?resize=200%2C138&amp;ssl=1 200w, https:\/\/i0.wp.com\/eltrabajo.cl\/portal\/wp-content\/uploads\/2018\/03\/lugar-fusilamiento.jpg?resize=300%2C207&amp;ssl=1 300w, https:\/\/i0.wp.com\/eltrabajo.cl\/portal\/wp-content\/uploads\/2018\/03\/lugar-fusilamiento.jpg?resize=218%2C150&amp;ssl=1 218w, https:\/\/i0.wp.com\/eltrabajo.cl\/portal\/wp-content\/uploads\/2018\/03\/lugar-fusilamiento.jpg?resize=400%2C276&amp;ssl=1 400w\" sizes=\"auto, (max-width: 580px) 100vw, 580px\" \/><figcaption id=\"caption-attachment-85296\" class=\"wp-caption-text\">En este preciso lugar habr\u00eda ocurrido el fusilamiento de los militantes comunistas en el sector Las Coimas.<\/figcaption><\/figure>\n<ul>\n<li><span style=\"color: #ff0000;\"><strong>Quinto Juzgado Civil de Santiago:<\/strong><\/span><\/li>\n<\/ul>\n<p><strong>SANTIAGO.-<\/strong> El Quinto Juzgado Civil de Santiago conden\u00f3 al Estado de Chile a pagar una indemnizaci\u00f3n total de $315.000.000 (trescientos quince millones de pesos) a familiares de Mario Alvarado Araya, Artemio Pizarro Aranda, Pedro Araya Araya y Jos\u00e9 Fierro Fierro, fusilados el 11 de octubre de 1973, en la localidad de Las Coimas, comuna de Putaendo.<br \/>\nEn el fallo (causa rol 15.516-2015), la magistrada Soledad Jorquera Binner acogi\u00f3 la acci\u00f3n reparatoria deducida, tras establecer que los homicidios de las v\u00edctimas constituyen cr\u00edmenes de lesa humanidad, que se rige por preceptos del derecho internacional que consagran la imprescriptibilidad, tanto en el \u00e1mbito penal como en el civil.<br \/>\n\u201cQue, de acuerdo a lo se\u00f1alado precedentemente, se tiene por acreditado que don Mario Alvarado Araya, don Artemio Pizarro Aranda, don Pedro Abel Araya Araya y don Jos\u00e9 Armando Fierro Fierro fueron ejecutados por agentes del Estado de Chile, siendo todos, en consecuencia, v\u00edctimas de la violaci\u00f3n de sus derechos humanos, de acuerdo a los hechos y circunstancias establecidos en el informe citado. Sin perjuicio de lo establecido precedentemente, huelga se\u00f1alar que el demandado Fisco de Chile no controvirti\u00f3 expresamente la participaci\u00f3n de sus agentes en el homicidio de las v\u00edctimas de que se trata en estos autos\u201d, sostiene el fallo.<br \/>\nLa resoluci\u00f3n agrega: \u201cCabe mencionar, como se se\u00f1al\u00f3 en considerandos anteriores, que la presente acci\u00f3n es de car\u00e1cter reparatoria por derivar de la violaci\u00f3n a los derechos humanos en cr\u00edmenes de lesa humanidad, la que se rige por preceptos del derecho internacional que consagran la imprescriptibilidad, la que debe regir tanto en el \u00e1mbito penal como en el civil. De seguir la tesis del demandado, esto es, aplicar a este caso la prescripci\u00f3n del derecho privado, implicar\u00eda permitir que el Estado evitara cumplir su deber y se negaran derechos fundamentales, como el derecho a la vida y a la integridad f\u00edsica y ps\u00edquica de las personas, por quien, como se se\u00f1al\u00f3 precedentemente, es el constitucionalmente obligado a resguardarlos, lo que lleva a rechazar la excepci\u00f3n de prescripci\u00f3n\u00bb.<br \/>\nEn la parte resolutiva, el fallo acogi\u00f3, parcialmente, la demanda interpuesta y conden\u00f3 al fisco a pagar, a t\u00edtulo de da\u00f1o moral, los siguientes montos: $45.000.000 a Mar\u00eda Ver\u00f3nica Pizarro P\u00e9rez; $45.000.000 a Mario Segundo Alvarado Osorio; $60.000.000 a Herminda Magali Brice\u00f1o Valero; $45.000.000 a Pedro Wladimir Araya Brice\u00f1o; $45.000.000 a Gloriet Carol Araya Brice\u00f1o; $45.000.000 a Maritza Magali Araya Brice\u00f1o; $15.000.000 a Domingo Armando Fierro Fierro, y $15.000.000 a Rosa del Carmen Fierro Fierro.<\/p>\n<figure id=\"attachment_85293\" aria-describedby=\"caption-attachment-85293\" style=\"width: 580px\" class=\"wp-caption alignnone\"><img data-recalc-dims=\"1\" loading=\"lazy\" decoding=\"async\" class=\"size-full wp-image-85293\" src=\"https:\/\/i0.wp.com\/www.eltrabajo.cl\/2017\/wp-content\/uploads\/2018\/03\/artemio-pizarro.jpg?resize=580%2C580\" alt=\"Artemio Pizarro Aranda (37).\" width=\"580\" height=\"580\" srcset=\"https:\/\/i0.wp.com\/eltrabajo.cl\/portal\/wp-content\/uploads\/2018\/03\/artemio-pizarro.jpg?w=580&amp;ssl=1 580w, https:\/\/i0.wp.com\/eltrabajo.cl\/portal\/wp-content\/uploads\/2018\/03\/artemio-pizarro.jpg?resize=150%2C150&amp;ssl=1 150w, https:\/\/i0.wp.com\/eltrabajo.cl\/portal\/wp-content\/uploads\/2018\/03\/artemio-pizarro.jpg?resize=300%2C300&amp;ssl=1 300w, https:\/\/i0.wp.com\/eltrabajo.cl\/portal\/wp-content\/uploads\/2018\/03\/artemio-pizarro.jpg?resize=400%2C400&amp;ssl=1 400w\" sizes=\"auto, (max-width: 580px) 100vw, 580px\" \/><figcaption id=\"caption-attachment-85293\" class=\"wp-caption-text\">Artemio Pizarro Aranda (37).<\/figcaption><\/figure>\n<figure id=\"attachment_85294\" aria-describedby=\"caption-attachment-85294\" style=\"width: 580px\" class=\"wp-caption alignnone\"><img data-recalc-dims=\"1\" loading=\"lazy\" decoding=\"async\" class=\"size-full wp-image-85294\" src=\"https:\/\/i0.wp.com\/www.eltrabajo.cl\/2017\/wp-content\/uploads\/2018\/03\/faruc-aguad.jpg?resize=580%2C580\" alt=\"Faruc Jimmi Aguad P\u00e9rez (26).\" width=\"580\" height=\"580\" srcset=\"https:\/\/i0.wp.com\/eltrabajo.cl\/portal\/wp-content\/uploads\/2018\/03\/faruc-aguad.jpg?w=580&amp;ssl=1 580w, https:\/\/i0.wp.com\/eltrabajo.cl\/portal\/wp-content\/uploads\/2018\/03\/faruc-aguad.jpg?resize=150%2C150&amp;ssl=1 150w, https:\/\/i0.wp.com\/eltrabajo.cl\/portal\/wp-content\/uploads\/2018\/03\/faruc-aguad.jpg?resize=300%2C300&amp;ssl=1 300w, https:\/\/i0.wp.com\/eltrabajo.cl\/portal\/wp-content\/uploads\/2018\/03\/faruc-aguad.jpg?resize=400%2C400&amp;ssl=1 400w\" sizes=\"auto, (max-width: 580px) 100vw, 580px\" \/><figcaption id=\"caption-attachment-85294\" class=\"wp-caption-text\">Faruc Jimmi Aguad P\u00e9rez (26).<\/figcaption><\/figure>\n<figure id=\"attachment_85295\" aria-describedby=\"caption-attachment-85295\" style=\"width: 580px\" class=\"wp-caption alignnone\"><img data-recalc-dims=\"1\" loading=\"lazy\" decoding=\"async\" class=\"size-full wp-image-85295\" src=\"https:\/\/i0.wp.com\/www.eltrabajo.cl\/2017\/wp-content\/uploads\/2018\/03\/josearmandofierro.jpg?resize=580%2C564\" alt=\"Jos\u00e9 Armando Fierro Fierro (24).\" width=\"580\" height=\"564\" srcset=\"https:\/\/i0.wp.com\/eltrabajo.cl\/portal\/wp-content\/uploads\/2018\/03\/josearmandofierro.jpg?w=580&amp;ssl=1 580w, https:\/\/i0.wp.com\/eltrabajo.cl\/portal\/wp-content\/uploads\/2018\/03\/josearmandofierro.jpg?resize=154%2C150&amp;ssl=1 154w, https:\/\/i0.wp.com\/eltrabajo.cl\/portal\/wp-content\/uploads\/2018\/03\/josearmandofierro.jpg?resize=300%2C292&amp;ssl=1 300w, https:\/\/i0.wp.com\/eltrabajo.cl\/portal\/wp-content\/uploads\/2018\/03\/josearmandofierro.jpg?resize=400%2C389&amp;ssl=1 400w\" sizes=\"auto, (max-width: 580px) 100vw, 580px\" \/><figcaption id=\"caption-attachment-85295\" class=\"wp-caption-text\">Jos\u00e9 Armando Fierro Fierro (24).<\/figcaption><\/figure>\n<figure id=\"attachment_85297\" aria-describedby=\"caption-attachment-85297\" style=\"width: 580px\" class=\"wp-caption alignnone\"><img data-recalc-dims=\"1\" loading=\"lazy\" decoding=\"async\" class=\"size-full wp-image-85297\" src=\"https:\/\/i0.wp.com\/www.eltrabajo.cl\/2017\/wp-content\/uploads\/2018\/03\/wilfredosanchez.jpg?resize=580%2C580\" alt=\"Wilfredo Ram\u00f3n S\u00e1nchez Silva (28).\" width=\"580\" height=\"580\" srcset=\"https:\/\/i0.wp.com\/eltrabajo.cl\/portal\/wp-content\/uploads\/2018\/03\/wilfredosanchez.jpg?w=580&amp;ssl=1 580w, https:\/\/i0.wp.com\/eltrabajo.cl\/portal\/wp-content\/uploads\/2018\/03\/wilfredosanchez.jpg?resize=150%2C150&amp;ssl=1 150w, https:\/\/i0.wp.com\/eltrabajo.cl\/portal\/wp-content\/uploads\/2018\/03\/wilfredosanchez.jpg?resize=300%2C300&amp;ssl=1 300w, https:\/\/i0.wp.com\/eltrabajo.cl\/portal\/wp-content\/uploads\/2018\/03\/wilfredosanchez.jpg?resize=400%2C400&amp;ssl=1 400w\" sizes=\"auto, (max-width: 580px) 100vw, 580px\" \/><figcaption id=\"caption-attachment-85297\" class=\"wp-caption-text\">Wilfredo Ram\u00f3n S\u00e1nchez Silva (28).<\/figcaption><\/figure>\n","protected":false},"excerpt":{"rendered":"<p>Quinto Juzgado Civil de Santiago: SANTIAGO.- El Quinto Juzgado Civil de Santiago conden\u00f3 al Estado de Chile a pagar una indemnizaci\u00f3n total de $315.000.000 (trescientos quince millones de pesos) a familiares de&#8230;<\/p>\n","protected":false},"author":1,"featured_media":85296,"comment_status":"open","ping_status":"open","sticky":false,"template":"","format":"standard","meta":{"advanced_seo_description":"","jetpack_seo_html_title":"","jetpack_seo_noindex":false,"_jetpack_memberships_contains_paid_content":false,"footnotes":""},"categories":[1],"tags":[],"class_list":["post-85292","post","type-post","status-publish","format-standard","has-post-thumbnail","hentry","category-cronica"],"jetpack_featured_media_url":"https:\/\/i0.wp.com\/eltrabajo.cl\/portal\/wp-content\/uploads\/2018\/03\/lugar-fusilamiento.jpg?fit=580%2C400&ssl=1","jetpack_sharing_enabled":true,"jetpack_likes_enabled":true,"jetpack-related-posts":[],"_links":{"self":[{"href":"https:\/\/eltrabajo.cl\/portal\/wp-json\/wp\/v2\/posts\/85292","targetHints":{"allow":["GET"]}}],"collection":[{"href":"https:\/\/eltrabajo.cl\/portal\/wp-json\/wp\/v2\/posts"}],"about":[{"href":"https:\/\/eltrabajo.cl\/portal\/wp-json\/wp\/v2\/types\/post"}],"author":[{"embeddable":true,"href":"https:\/\/eltrabajo.cl\/portal\/wp-json\/wp\/v2\/users\/1"}],"replies":[{"embeddable":true,"href":"https:\/\/eltrabajo.cl\/portal\/wp-json\/wp\/v2\/comments?post=85292"}],"version-history":[{"count":0,"href":"https:\/\/eltrabajo.cl\/portal\/wp-json\/wp\/v2\/posts\/85292\/revisions"}],"wp:featuredmedia":[{"embeddable":true,"href":"https:\/\/eltrabajo.cl\/portal\/wp-json\/wp\/v2\/media\/85296"}],"wp:attachment":[{"href":"https:\/\/eltrabajo.cl\/portal\/wp-json\/wp\/v2\/media?parent=85292"}],"wp:term":[{"taxonomy":"category","embeddable":true,"href":"https:\/\/eltrabajo.cl\/portal\/wp-json\/wp\/v2\/categories?post=85292"},{"taxonomy":"post_tag","embeddable":true,"href":"https:\/\/eltrabajo.cl\/portal\/wp-json\/wp\/v2\/tags?post=85292"}],"curies":[{"name":"wp","href":"https:\/\/api.w.org\/{rel}","templated":true}]}}