{"id":85299,"date":"2018-03-15T05:01:31","date_gmt":"2018-03-15T09:01:31","guid":{"rendered":"http:\/\/www.eltrabajo.cl\/2017\/?p=85299"},"modified":"2018-03-15T05:01:31","modified_gmt":"2018-03-15T09:01:31","slug":"sanfelipeno-hermes-soto-nombrado-nuevo-general-director-de-carabineros","status":"publish","type":"post","link":"https:\/\/eltrabajo.cl\/portal\/sanfelipeno-hermes-soto-nombrado-nuevo-general-director-de-carabineros\/","title":{"rendered":"Sanfelipe\u00f1o Hermes Soto nombrado nuevo General Director de Carabineros"},"content":{"rendered":"<figure id=\"attachment_85300\" aria-describedby=\"caption-attachment-85300\" style=\"width: 580px\" class=\"wp-caption alignnone\"><img data-recalc-dims=\"1\" loading=\"lazy\" decoding=\"async\" class=\"size-full wp-image-85300\" src=\"https:\/\/i0.wp.com\/www.eltrabajo.cl\/2017\/wp-content\/uploads\/2018\/03\/hermes-soto.jpg?resize=580%2C399\" alt=\"El sanfelipe\u00f1o Hermes Soto Isla, hijo de un suboficial y ex alumno del Liceo de Hombres, es la nueva autoridad m\u00e1xima de Carabineros de Chile.\" width=\"580\" height=\"399\" srcset=\"https:\/\/i0.wp.com\/eltrabajo.cl\/portal\/wp-content\/uploads\/2018\/03\/hermes-soto.jpg?w=580&amp;ssl=1 580w, https:\/\/i0.wp.com\/eltrabajo.cl\/portal\/wp-content\/uploads\/2018\/03\/hermes-soto.jpg?resize=200%2C138&amp;ssl=1 200w, https:\/\/i0.wp.com\/eltrabajo.cl\/portal\/wp-content\/uploads\/2018\/03\/hermes-soto.jpg?resize=300%2C206&amp;ssl=1 300w, https:\/\/i0.wp.com\/eltrabajo.cl\/portal\/wp-content\/uploads\/2018\/03\/hermes-soto.jpg?resize=218%2C150&amp;ssl=1 218w, https:\/\/i0.wp.com\/eltrabajo.cl\/portal\/wp-content\/uploads\/2018\/03\/hermes-soto.jpg?resize=400%2C275&amp;ssl=1 400w\" sizes=\"auto, (max-width: 580px) 100vw, 580px\" \/><figcaption id=\"caption-attachment-85300\" class=\"wp-caption-text\">El sanfelipe\u00f1o Hermes Soto Isla, hijo de un suboficial y ex alumno del Liceo de Hombres, es la nueva autoridad m\u00e1xima de Carabineros de Chile.<\/figcaption><\/figure>\n<p>En horas de la tarde de ayer el presidente Sebasti\u00e1n Pi\u00f1era nombr\u00f3 al sanfelipe\u00f1o Hermes Soto Isla como el nuevo General Director de Carabineros, en reemplazo de Bruno Villalobos Krum.<br \/>\nSoto Isla estaba dentro de los tres posibles reemplazantes del renunciado Villalobos.<br \/>\nSeg\u00fan los expertos, este nombramiento significa en la pr\u00e1ctica un descabezamiento del alto mando de la polic\u00eda uniformada, debido a que Soto, al ser la quinta antig\u00fcedad, obliga al resto de la c\u00fapula de Carabineros -4 generales- a pasar a retiro.<br \/>\nHermes Soto hasta diciembre pasado se desempe\u00f1\u00f3 como general de la Octava Zona de Carabineros en la regi\u00f3n del B\u00edo-B\u00edo, para posteriormente ascender a General Inspector y desempe\u00f1arse como Jefe Policial de la Zona Metropolitana, algo que ya hac\u00eda presagiar que ser\u00eda un serio candidato a ser nombrado General Director.<br \/>\nHermes Soto es hijo de un suboficial mayor de Carabineros, su ni\u00f1ez la vivi\u00f3 en la Poblaci\u00f3n San Felipe, en la calle Regalado Hern\u00e1ndez. Estudi\u00f3 en el emblem\u00e1tico Liceo de Hombres Doctor Roberto Humeres de San Felipe.<br \/>\nSu padre es reconocido al interior de la polic\u00eda uniformada por su historia de esfuerzo, que incluy\u00f3 el trabajar como soldador en su tiempo libre para sacar adelante los estudios de sus seis hijos.<br \/>\nNo obstante, el propio Hermes Soto tambi\u00e9n es admirado dentro del personal por su cercan\u00eda con el PNI (Personal de Nombramiento Institucional) como se denomina al Carabinero de la calle.<br \/>\nAunque su mayor logro fue la construcci\u00f3n de la primera Escuela de Suboficiales en regiones, en 2016, logrando en 6 meses levantar el edificio con ayuda de mano de obra de carabineros que se ofrec\u00edan para colaborar en sus tiempos libres. Esta escuela permiti\u00f3 abrir 540 cupos para los cabos y sargentos, dicen en radio B\u00edo-B\u00edo.<\/p>\n","protected":false},"excerpt":{"rendered":"<p>En horas de la tarde de ayer el presidente Sebasti\u00e1n Pi\u00f1era nombr\u00f3 al sanfelipe\u00f1o Hermes Soto Isla como el nuevo General Director de Carabineros, en reemplazo de Bruno Villalobos Krum. Soto Isla&#8230;<\/p>\n","protected":false},"author":1,"featured_media":85300,"comment_status":"open","ping_status":"open","sticky":false,"template":"","format":"standard","meta":{"advanced_seo_description":"","jetpack_seo_html_title":"","jetpack_seo_noindex":false,"_jetpack_memberships_contains_paid_content":false,"footnotes":""},"categories":[1],"tags":[],"class_list":["post-85299","post","type-post","status-publish","format-standard","has-post-thumbnail","hentry","category-cronica"],"jetpack_featured_media_url":"https:\/\/i0.wp.com\/eltrabajo.cl\/portal\/wp-content\/uploads\/2018\/03\/hermes-soto.jpg?fit=580%2C399&ssl=1","jetpack_sharing_enabled":true,"jetpack_likes_enabled":true,"jetpack-related-posts":[],"_links":{"self":[{"href":"https:\/\/eltrabajo.cl\/portal\/wp-json\/wp\/v2\/posts\/85299","targetHints":{"allow":["GET"]}}],"collection":[{"href":"https:\/\/eltrabajo.cl\/portal\/wp-json\/wp\/v2\/posts"}],"about":[{"href":"https:\/\/eltrabajo.cl\/portal\/wp-json\/wp\/v2\/types\/post"}],"author":[{"embeddable":true,"href":"https:\/\/eltrabajo.cl\/portal\/wp-json\/wp\/v2\/users\/1"}],"replies":[{"embeddable":true,"href":"https:\/\/eltrabajo.cl\/portal\/wp-json\/wp\/v2\/comments?post=85299"}],"version-history":[{"count":0,"href":"https:\/\/eltrabajo.cl\/portal\/wp-json\/wp\/v2\/posts\/85299\/revisions"}],"wp:featuredmedia":[{"embeddable":true,"href":"https:\/\/eltrabajo.cl\/portal\/wp-json\/wp\/v2\/media\/85300"}],"wp:attachment":[{"href":"https:\/\/eltrabajo.cl\/portal\/wp-json\/wp\/v2\/media?parent=85299"}],"wp:term":[{"taxonomy":"category","embeddable":true,"href":"https:\/\/eltrabajo.cl\/portal\/wp-json\/wp\/v2\/categories?post=85299"},{"taxonomy":"post_tag","embeddable":true,"href":"https:\/\/eltrabajo.cl\/portal\/wp-json\/wp\/v2\/tags?post=85299"}],"curies":[{"name":"wp","href":"https:\/\/api.w.org\/{rel}","templated":true}]}}