{"id":85306,"date":"2018-03-15T05:03:47","date_gmt":"2018-03-15T09:03:47","guid":{"rendered":"http:\/\/www.eltrabajo.cl\/2017\/?p=85306"},"modified":"2018-03-15T05:03:47","modified_gmt":"2018-03-15T09:03:47","slug":"paola-orellana-y-sus-hijos-reciben-con-alegria-donativos-de-nuestros-lectores","status":"publish","type":"post","link":"https:\/\/eltrabajo.cl\/portal\/paola-orellana-y-sus-hijos-reciben-con-alegria-donativos-de-nuestros-lectores\/","title":{"rendered":"Paola Orellana y sus hijos reciben con alegr\u00eda donativos de nuestros lectores"},"content":{"rendered":"<figure id=\"attachment_85307\" aria-describedby=\"caption-attachment-85307\" style=\"width: 580px\" class=\"wp-caption alignnone\"><img data-recalc-dims=\"1\" loading=\"lazy\" decoding=\"async\" class=\"size-full wp-image-85307\" src=\"https:\/\/i0.wp.com\/www.eltrabajo.cl\/2017\/wp-content\/uploads\/2018\/03\/Pobreza1-1.jpg?resize=580%2C400\" alt=\"S\u00cd SE PUDO.- Ayer mi\u00e9rcoles en horas de la ma\u00f1ana do\u00f1a Paola Orellana recibi\u00f3 en su humilde vivienda casi $300.000 en mercader\u00eda y \u00fatiles escolares para sus hijos, un respiro en momentos de angustia que nuestros lectores y amigos de Carnes KAR han dado a esta familia llaylla\u00edna, autoridades municipales de esa comuna continuar\u00e1n este trabajo social.\" width=\"580\" height=\"400\" srcset=\"https:\/\/i0.wp.com\/eltrabajo.cl\/portal\/wp-content\/uploads\/2018\/03\/Pobreza1-1.jpg?w=580&amp;ssl=1 580w, https:\/\/i0.wp.com\/eltrabajo.cl\/portal\/wp-content\/uploads\/2018\/03\/Pobreza1-1.jpg?resize=200%2C138&amp;ssl=1 200w, https:\/\/i0.wp.com\/eltrabajo.cl\/portal\/wp-content\/uploads\/2018\/03\/Pobreza1-1.jpg?resize=300%2C207&amp;ssl=1 300w, https:\/\/i0.wp.com\/eltrabajo.cl\/portal\/wp-content\/uploads\/2018\/03\/Pobreza1-1.jpg?resize=218%2C150&amp;ssl=1 218w, https:\/\/i0.wp.com\/eltrabajo.cl\/portal\/wp-content\/uploads\/2018\/03\/Pobreza1-1.jpg?resize=400%2C276&amp;ssl=1 400w\" sizes=\"auto, (max-width: 580px) 100vw, 580px\" \/><figcaption id=\"caption-attachment-85307\" class=\"wp-caption-text\">S\u00cd SE PUDO.- Ayer mi\u00e9rcoles en horas de la ma\u00f1ana do\u00f1a Paola Orellana recibi\u00f3 en su humilde vivienda casi $300.000 en mercader\u00eda y \u00fatiles escolares para sus hijos, un respiro en momentos de angustia que nuestros lectores y amigos de Carnes KAR han dado a esta familia llaylla\u00edna, autoridades municipales de esa comuna continuar\u00e1n este trabajo social.<\/figcaption><\/figure>\n<ul>\n<li><span style=\"color: #ff0000;\"><strong>Municipio llaylla\u00edno se comprometi\u00f3 a terminar este trabajo social:<\/strong><\/span><\/li>\n<\/ul>\n<p><strong>LLAY LLAY.-<\/strong> Por fin pareciera estar saliendo el sol en la vida de do\u00f1a Paola Orellana y sus cuatro hijos, as\u00ed pareciera tras la culminaci\u00f3n de la campa\u00f1a solidaria desarrollada durante varias semanas por Diario El Trabajo y Carnes KAR, luego que se diera a conocer la angustiante situaci\u00f3n que esta vecina de Llay Llay viene enfrentando desde hace tiempo.<br \/>\nR\u00e1pidamente nuestros lectores en todo el Valle de Aconcagua tomaron la iniciativa de llegar hasta Carnes KAR e inclusive hasta la casa de do\u00f1a Paola para entregar personalmente ropa, \u00fatiles escolares, cajas de leche, galletas, atunes, jugos, zapatos, dinero en efectivo, mercader\u00eda en general y el cari\u00f1o de la gente.<\/p>\n<p><span style=\"color: #ff0000;\"><strong>FIN DE CAMPA\u00d1A<\/strong><\/span><br \/>\nDiario El Trabajo se moviliz\u00f3 ayer mi\u00e9rcoles hasta Llay Llay con personeros de Carnes KAR y del municipio de esa comuna. Juan Gonz\u00e1lez, administrador de Carnes KAR, visiblemente afectado por las condiciones en las que vive Paola y sus hijos, expres\u00f3 a nuestro medio que \u00abmuy fuerte la impresi\u00f3n que nos deja esta experiencia, quiero agradecer a muchas personas que siguen creyendo en nosotros y nos siguen apoyando, como Marcial Cortez, \u00e9l nos ha facilitado tambi\u00e9n su camioneta para venir a entregar esta mercader\u00eda a la se\u00f1ora Paola Orellana, tambi\u00e9n agradezco a los voluntarios de la 2\u00aa C\u00eda. de Bomberos de San Felipe, a muchas personas que de manera an\u00f3nima llegaron a Carnes KAR para dejar sus contribuciones\u00bb, dijo don Juan.<\/p>\n<p><span style=\"color: #ff0000;\"><strong>LICENCIAS DE HULE<\/strong><\/span><br \/>\nDo\u00f1a Paola tiene un serio problema en sus caderas, el martes visit\u00f3 al m\u00e9dico que la atiende en Los Andes, y \u00e9ste le dio dos semanas de tiempo para que pueda pasar los meses post-operatorios en una casa con las condiciones de movilidad e higiene que corresponden.<br \/>\nSobre este tema, el de sus caderas y las licencias que el Compin de San Felipe se niega a validarle, don Juan Gonz\u00e1lez fue enf\u00e1tico al se\u00f1alar que \u00abpor otra parte quiero referirme al Compin de San Felipe, yo me pregunto c\u00f3mo es posible que este organismo pueda estar objetando y rechazando por m\u00e1s de un a\u00f1o las licencias de esta vecina, \u00bfestar\u00e1n esperando a que sus caderas ya est\u00e9n totalmente desgastadas para validarle sus licencias? Es humillante, que en vez de sacarla adelante, lo que el Compin est\u00e1 haciendo es hundirla, ojala que el gobierno de una vez por todas solucione este problema\u00bb, dijo Gonz\u00e1lez.<\/p>\n<p><span style=\"color: #ff0000;\"><strong>MUNICIPIO PRESENTE<\/strong><\/span><br \/>\nPero no se crea tampoco que do\u00f1a Paola ha estado sola en todos estos a\u00f1os, la Municipalidad de Llay Llay ha hecho grandes esfuerzos para evitar que ella pierda sus hijos o quede en el abandono absoluto, es por eso que don Juan Gonz\u00e1lez tambi\u00e9n destac\u00f3 el inter\u00e9s que ese municipio ha puesto durante meses en el caso de Paola, inter\u00e9s que qued\u00f3 de manifiesto con la presencia de una comitiva de municipales en la casa de la afectada: \u00abYo en lo personal tengo una buena impresi\u00f3n del municipio de Llay Llay, son gente joven y entusiasta la que est\u00e1 ahora en el municipio, est\u00e1n motivados en hacer las cosas bien hechas y lo est\u00e1n demostrando en la pr\u00e1ctica, pues se comprometieron a terminar el ba\u00f1o para esta familia y a continuar ayud\u00e1ndola, eso habla muy bien del Municipio y sus funcionarios, gracias a Carnes KAR y a Diario El Trabajo, por invitarnos a trabajar en esta campa\u00f1a solidaria\u00bb, dijo Juan Gonz\u00e1lez.<br \/>\nConjuntamente con nuestro equipo period\u00edstico y personal de Carnes KAR, al lugar llegaron funcionarios municipales para asumir el compromiso p\u00fablico de retomar la campa\u00f1a solidaria para do\u00f1a Paola, as\u00ed lo confirm\u00f3 a Diario El Trabajo la se\u00f1orita Daniela Vargas, directora de Obras del municipio llaylla\u00edno: \u00abLa verdad es que este tema no est\u00e1 complicado, lo m\u00e1s cr\u00edtico podr\u00eda ser la obtenci\u00f3n de las barras para discapacitados, as\u00ed que vamos a partir con eso para no tener problemas con los tiempos una vez que ella sea operada, nosotros vamos a proceder hoy mismo (ayer) con la compra de los materiales que faltan y con la asesor\u00eda por parte de la Direcci\u00f3n de Obras para que todo quede en \u00f3ptimas condiciones. Creo que en un plazo no mayor a 7 d\u00edas debiese estar ya todo listo\u00bb.<br \/>\nEste compromiso fue ratificado tambi\u00e9n por Karina Espinoza, administradora municipal y alcaldesa (S) de la Municipalidad de Llay Llay, quien se\u00f1al\u00f3 que es necesario \u00abrecordar que nuestro Municipio siempre ha estado presente en el caso de Paola Orellana, nuestra asistencia ha sido constante y as\u00ed seguir\u00e1 siendo, sabemos que es un caso bien complejo, pero vamos a estar siempre presente porque as\u00ed lo dispone nuestro alcalde Edgardo Gonz\u00e1lez, por eso mismo estamos ac\u00e1 hoy, para entregarle soluciones m\u00e1s definitivas a do\u00f1a Paola\u00bb, dijo Espinoza.<\/p>\n<p><span style=\"color: #ff0000;\"><strong>\u00a1MUCHAS GRACIAS!<\/strong><\/span><br \/>\nTodos quienes laboramos en Diario El Trabajo agradecemos profundamente el apoyo entregado por nuestros lectores y voluntarios de Bomberos 2\u00aa C\u00eda. de San Felipe, empresarios y an\u00f3nimos para sostener y desarrollar esta campa\u00f1a solidaria. Nuestro medio seguir\u00e1 monitoreando esta historia, misma de la que esperamos poder escribir un final feliz para la alegr\u00eda de sus protagonistas.<br \/>\n<strong>Roberto Gonz\u00e1lez Short<\/strong><br \/>\n<strong>ENVIADO ESPECIAL<\/strong><\/p>\n<figure id=\"attachment_85308\" aria-describedby=\"caption-attachment-85308\" style=\"width: 580px\" class=\"wp-caption alignnone\"><img data-recalc-dims=\"1\" loading=\"lazy\" decoding=\"async\" class=\"size-full wp-image-85308\" src=\"https:\/\/i0.wp.com\/www.eltrabajo.cl\/2017\/wp-content\/uploads\/2018\/03\/Pobreza3-1.jpg?resize=580%2C399\" alt=\"GRACIAS CHIQUILLOS.- Don Marcial Cortez y Juan Gonz\u00e1lez descargaron las donaciones para esta familia.\" width=\"580\" height=\"399\" srcset=\"https:\/\/i0.wp.com\/eltrabajo.cl\/portal\/wp-content\/uploads\/2018\/03\/Pobreza3-1.jpg?w=580&amp;ssl=1 580w, https:\/\/i0.wp.com\/eltrabajo.cl\/portal\/wp-content\/uploads\/2018\/03\/Pobreza3-1.jpg?resize=200%2C138&amp;ssl=1 200w, https:\/\/i0.wp.com\/eltrabajo.cl\/portal\/wp-content\/uploads\/2018\/03\/Pobreza3-1.jpg?resize=300%2C206&amp;ssl=1 300w, https:\/\/i0.wp.com\/eltrabajo.cl\/portal\/wp-content\/uploads\/2018\/03\/Pobreza3-1.jpg?resize=218%2C150&amp;ssl=1 218w, https:\/\/i0.wp.com\/eltrabajo.cl\/portal\/wp-content\/uploads\/2018\/03\/Pobreza3-1.jpg?resize=400%2C275&amp;ssl=1 400w\" sizes=\"auto, (max-width: 580px) 100vw, 580px\" \/><figcaption id=\"caption-attachment-85308\" class=\"wp-caption-text\">GRACIAS CHIQUILLOS.- Don Marcial Cortez y Juan Gonz\u00e1lez descargaron las donaciones para esta familia.<\/figcaption><\/figure>\n<figure id=\"attachment_85309\" aria-describedby=\"caption-attachment-85309\" style=\"width: 580px\" class=\"wp-caption alignnone\"><img data-recalc-dims=\"1\" loading=\"lazy\" decoding=\"async\" class=\"size-full wp-image-85309\" src=\"https:\/\/i0.wp.com\/www.eltrabajo.cl\/2017\/wp-content\/uploads\/2018\/03\/Pobreza4-1.jpg?resize=580%2C399\" alt=\"PRENSA SOLIDARIA.- Tambi\u00e9n personal de Diario El Trabajo fue enviado a brindar apoyo y cobertura en esta campa\u00f1a solidaria de nuestro medio.\" width=\"580\" height=\"399\" srcset=\"https:\/\/i0.wp.com\/eltrabajo.cl\/portal\/wp-content\/uploads\/2018\/03\/Pobreza4-1.jpg?w=580&amp;ssl=1 580w, https:\/\/i0.wp.com\/eltrabajo.cl\/portal\/wp-content\/uploads\/2018\/03\/Pobreza4-1.jpg?resize=200%2C138&amp;ssl=1 200w, https:\/\/i0.wp.com\/eltrabajo.cl\/portal\/wp-content\/uploads\/2018\/03\/Pobreza4-1.jpg?resize=300%2C206&amp;ssl=1 300w, https:\/\/i0.wp.com\/eltrabajo.cl\/portal\/wp-content\/uploads\/2018\/03\/Pobreza4-1.jpg?resize=218%2C150&amp;ssl=1 218w, https:\/\/i0.wp.com\/eltrabajo.cl\/portal\/wp-content\/uploads\/2018\/03\/Pobreza4-1.jpg?resize=400%2C275&amp;ssl=1 400w\" sizes=\"auto, (max-width: 580px) 100vw, 580px\" \/><figcaption id=\"caption-attachment-85309\" class=\"wp-caption-text\">PRENSA SOLIDARIA.- Tambi\u00e9n personal de Diario El Trabajo fue enviado a brindar apoyo y cobertura en esta campa\u00f1a solidaria de nuestro medio.<\/figcaption><\/figure>\n<figure id=\"attachment_85310\" aria-describedby=\"caption-attachment-85310\" style=\"width: 580px\" class=\"wp-caption alignnone\"><img data-recalc-dims=\"1\" loading=\"lazy\" decoding=\"async\" class=\"size-full wp-image-85310\" src=\"https:\/\/i0.wp.com\/www.eltrabajo.cl\/2017\/wp-content\/uploads\/2018\/03\/Pobreza5.jpg?resize=580%2C400\" alt=\"ASOMBRADO.- El peque\u00f1o Crist\u00f3bal no lo pod\u00eda creer, tantos regalos para \u00e9l y sus hermanos, ahora s\u00ed, a estudiar amiguito.\" width=\"580\" height=\"400\" srcset=\"https:\/\/i0.wp.com\/eltrabajo.cl\/portal\/wp-content\/uploads\/2018\/03\/Pobreza5.jpg?w=580&amp;ssl=1 580w, https:\/\/i0.wp.com\/eltrabajo.cl\/portal\/wp-content\/uploads\/2018\/03\/Pobreza5.jpg?resize=200%2C138&amp;ssl=1 200w, https:\/\/i0.wp.com\/eltrabajo.cl\/portal\/wp-content\/uploads\/2018\/03\/Pobreza5.jpg?resize=300%2C207&amp;ssl=1 300w, https:\/\/i0.wp.com\/eltrabajo.cl\/portal\/wp-content\/uploads\/2018\/03\/Pobreza5.jpg?resize=218%2C150&amp;ssl=1 218w, https:\/\/i0.wp.com\/eltrabajo.cl\/portal\/wp-content\/uploads\/2018\/03\/Pobreza5.jpg?resize=400%2C276&amp;ssl=1 400w\" sizes=\"auto, (max-width: 580px) 100vw, 580px\" \/><figcaption id=\"caption-attachment-85310\" class=\"wp-caption-text\">ASOMBRADO.- El peque\u00f1o Crist\u00f3bal no lo pod\u00eda creer, tantos regalos para \u00e9l y sus hermanos, ahora s\u00ed, a estudiar amiguito.<\/figcaption><\/figure>\n","protected":false},"excerpt":{"rendered":"<p>Municipio llaylla\u00edno se comprometi\u00f3 a terminar este trabajo social: LLAY LLAY.- Por fin pareciera estar saliendo el sol en la vida de do\u00f1a Paola Orellana y sus cuatro hijos, as\u00ed pareciera tras&#8230;<\/p>\n","protected":false},"author":1,"featured_media":85307,"comment_status":"open","ping_status":"open","sticky":false,"template":"","format":"standard","meta":{"advanced_seo_description":"","jetpack_seo_html_title":"","jetpack_seo_noindex":false,"_jetpack_memberships_contains_paid_content":false,"footnotes":""},"categories":[15],"tags":[],"class_list":["post-85306","post","type-post","status-publish","format-standard","has-post-thumbnail","hentry","category-comunidad"],"jetpack_featured_media_url":"https:\/\/i0.wp.com\/eltrabajo.cl\/portal\/wp-content\/uploads\/2018\/03\/Pobreza1-1.jpg?fit=580%2C400&ssl=1","jetpack_sharing_enabled":true,"jetpack_likes_enabled":true,"jetpack-related-posts":[],"_links":{"self":[{"href":"https:\/\/eltrabajo.cl\/portal\/wp-json\/wp\/v2\/posts\/85306","targetHints":{"allow":["GET"]}}],"collection":[{"href":"https:\/\/eltrabajo.cl\/portal\/wp-json\/wp\/v2\/posts"}],"about":[{"href":"https:\/\/eltrabajo.cl\/portal\/wp-json\/wp\/v2\/types\/post"}],"author":[{"embeddable":true,"href":"https:\/\/eltrabajo.cl\/portal\/wp-json\/wp\/v2\/users\/1"}],"replies":[{"embeddable":true,"href":"https:\/\/eltrabajo.cl\/portal\/wp-json\/wp\/v2\/comments?post=85306"}],"version-history":[{"count":0,"href":"https:\/\/eltrabajo.cl\/portal\/wp-json\/wp\/v2\/posts\/85306\/revisions"}],"wp:featuredmedia":[{"embeddable":true,"href":"https:\/\/eltrabajo.cl\/portal\/wp-json\/wp\/v2\/media\/85307"}],"wp:attachment":[{"href":"https:\/\/eltrabajo.cl\/portal\/wp-json\/wp\/v2\/media?parent=85306"}],"wp:term":[{"taxonomy":"category","embeddable":true,"href":"https:\/\/eltrabajo.cl\/portal\/wp-json\/wp\/v2\/categories?post=85306"},{"taxonomy":"post_tag","embeddable":true,"href":"https:\/\/eltrabajo.cl\/portal\/wp-json\/wp\/v2\/tags?post=85306"}],"curies":[{"name":"wp","href":"https:\/\/api.w.org\/{rel}","templated":true}]}}