{"id":85312,"date":"2018-03-15T05:10:31","date_gmt":"2018-03-15T09:10:31","guid":{"rendered":"http:\/\/www.eltrabajo.cl\/2017\/?p=85312"},"modified":"2018-03-15T05:10:31","modified_gmt":"2018-03-15T09:10:31","slug":"penas-del-infierno-para-involucrados-en-rina-entre-las-bandurrias-y-28-de-marzo","status":"publish","type":"post","link":"https:\/\/eltrabajo.cl\/portal\/penas-del-infierno-para-involucrados-en-rina-entre-las-bandurrias-y-28-de-marzo\/","title":{"rendered":"Penas del infierno para involucrados en ri\u00f1a entre Las Bandurrias y 28 de marzo"},"content":{"rendered":"<figure id=\"attachment_85313\" aria-describedby=\"caption-attachment-85313\" style=\"width: 580px\" class=\"wp-caption alignnone\"><img data-recalc-dims=\"1\" loading=\"lazy\" decoding=\"async\" class=\"size-full wp-image-85313\" src=\"https:\/\/i0.wp.com\/www.eltrabajo.cl\/2017\/wp-content\/uploads\/2018\/03\/partido-de-la-pelea.jpg?resize=580%2C398\" alt=\"Los incidentes que algunos desadaptados provocaron en San Esteban, acarrearon duros castigos colectivos e individuales para los clubes 28 de Marzo y Las Bandurrias.\" width=\"580\" height=\"398\" srcset=\"https:\/\/i0.wp.com\/eltrabajo.cl\/portal\/wp-content\/uploads\/2018\/03\/partido-de-la-pelea.jpg?w=580&amp;ssl=1 580w, https:\/\/i0.wp.com\/eltrabajo.cl\/portal\/wp-content\/uploads\/2018\/03\/partido-de-la-pelea.jpg?resize=200%2C137&amp;ssl=1 200w, https:\/\/i0.wp.com\/eltrabajo.cl\/portal\/wp-content\/uploads\/2018\/03\/partido-de-la-pelea.jpg?resize=300%2C206&amp;ssl=1 300w, https:\/\/i0.wp.com\/eltrabajo.cl\/portal\/wp-content\/uploads\/2018\/03\/partido-de-la-pelea.jpg?resize=219%2C150&amp;ssl=1 219w, https:\/\/i0.wp.com\/eltrabajo.cl\/portal\/wp-content\/uploads\/2018\/03\/partido-de-la-pelea.jpg?resize=400%2C274&amp;ssl=1 400w\" sizes=\"auto, (max-width: 580px) 100vw, 580px\" \/><figcaption id=\"caption-attachment-85313\" class=\"wp-caption-text\">Los incidentes que algunos desadaptados provocaron en San Esteban, acarrearon duros castigos colectivos e individuales para los clubes 28 de Marzo y Las Bandurrias.<\/figcaption><\/figure>\n<p>Penas bastante menores a las esperadas, pero igualmente severas fueron las que el Directorio de Arfa Quinta Regi\u00f3n aplic\u00f3 a los clubes 28 de Marzo de Llay Llay y Las Bandurrias de San Esteban, a ra\u00edz de los escandalosos hechos de violencia que el domingo pasado se registraron en el estadio Municipal de San Esteban.<br \/>\nEl ente rector opt\u00f3 por eliminar a ambas instituciones de la Copa de Campeones 2018, sanci\u00f3n que tambi\u00e9n regir\u00e1 para Las Bandurrias durante el 2019 (siempre y cuando clasifique), mientras que 28 de Marzo fue suspendido de toda competencia federada por un periodo de tres a\u00f1os.<br \/>\nTal como hab\u00eda prometido p\u00fablicamente el presidente de Arfa Quinta, Cristian Ibaceta, tambi\u00e9n hubo castigos individuales y \u00e9stos recayeron en siete jugadores del club llaylla\u00edno, que recibieron penas que van desde los cinco a\u00f1os hasta la perpetuidad, en lo que sin duda es una medida muy dura e igualmente ejemplarizadora, al dejar de manifiesto que en el f\u00fatbol aficionado no hay espacios para hechos de violencia, m\u00e1s todav\u00eda si \u00e9stos causan alarma p\u00fablica al tener repercusi\u00f3n en todo el pa\u00eds.<br \/>\nEl m\u00e1ximo directivo de Arfa Quinta, Cristian Ibaceta, declar\u00f3 lo siguiente respecto al tema: \u201cEstuvimos reunidos durante todo el d\u00eda para ver los antecedentes y tomar una decisi\u00f3n; dijimos desde el inicio que ser\u00edamos duros porque no podemos permitir que se siga manchando este deporte. Es una pena por los clubes, pero no hab\u00eda otro camino\u201d, explic\u00f3.<\/p>\n","protected":false},"excerpt":{"rendered":"<p>Penas bastante menores a las esperadas, pero igualmente severas fueron las que el Directorio de Arfa Quinta Regi\u00f3n aplic\u00f3 a los clubes 28 de Marzo de Llay Llay y Las Bandurrias de&#8230;<\/p>\n","protected":false},"author":1,"featured_media":85313,"comment_status":"open","ping_status":"open","sticky":false,"template":"","format":"standard","meta":{"advanced_seo_description":"","jetpack_seo_html_title":"","jetpack_seo_noindex":false,"_jetpack_memberships_contains_paid_content":false,"footnotes":""},"categories":[19],"tags":[],"class_list":["post-85312","post","type-post","status-publish","format-standard","has-post-thumbnail","hentry","category-deportes"],"jetpack_featured_media_url":"https:\/\/i0.wp.com\/eltrabajo.cl\/portal\/wp-content\/uploads\/2018\/03\/partido-de-la-pelea.jpg?fit=580%2C398&ssl=1","jetpack_sharing_enabled":true,"jetpack_likes_enabled":true,"jetpack-related-posts":[],"_links":{"self":[{"href":"https:\/\/eltrabajo.cl\/portal\/wp-json\/wp\/v2\/posts\/85312","targetHints":{"allow":["GET"]}}],"collection":[{"href":"https:\/\/eltrabajo.cl\/portal\/wp-json\/wp\/v2\/posts"}],"about":[{"href":"https:\/\/eltrabajo.cl\/portal\/wp-json\/wp\/v2\/types\/post"}],"author":[{"embeddable":true,"href":"https:\/\/eltrabajo.cl\/portal\/wp-json\/wp\/v2\/users\/1"}],"replies":[{"embeddable":true,"href":"https:\/\/eltrabajo.cl\/portal\/wp-json\/wp\/v2\/comments?post=85312"}],"version-history":[{"count":0,"href":"https:\/\/eltrabajo.cl\/portal\/wp-json\/wp\/v2\/posts\/85312\/revisions"}],"wp:featuredmedia":[{"embeddable":true,"href":"https:\/\/eltrabajo.cl\/portal\/wp-json\/wp\/v2\/media\/85313"}],"wp:attachment":[{"href":"https:\/\/eltrabajo.cl\/portal\/wp-json\/wp\/v2\/media?parent=85312"}],"wp:term":[{"taxonomy":"category","embeddable":true,"href":"https:\/\/eltrabajo.cl\/portal\/wp-json\/wp\/v2\/categories?post=85312"},{"taxonomy":"post_tag","embeddable":true,"href":"https:\/\/eltrabajo.cl\/portal\/wp-json\/wp\/v2\/tags?post=85312"}],"curies":[{"name":"wp","href":"https:\/\/api.w.org\/{rel}","templated":true}]}}