{"id":85315,"date":"2018-03-16T05:00:28","date_gmt":"2018-03-16T09:00:28","guid":{"rendered":"http:\/\/www.eltrabajo.cl\/2017\/?p=85315"},"modified":"2018-03-16T05:00:28","modified_gmt":"2018-03-16T09:00:28","slug":"cadena-hotelera-epic-de-argentina-no-descarta-instalarse-en-aconcagua","status":"publish","type":"post","link":"https:\/\/eltrabajo.cl\/portal\/cadena-hotelera-epic-de-argentina-no-descarta-instalarse-en-aconcagua\/","title":{"rendered":"Cadena hotelera Epic, de Argentina, no descarta instalarse en Aconcagua"},"content":{"rendered":"<figure id=\"attachment_85319\" aria-describedby=\"caption-attachment-85319\" style=\"width: 579px\" class=\"wp-caption alignnone\"><img data-recalc-dims=\"1\" loading=\"lazy\" decoding=\"async\" class=\"size-full wp-image-85319\" src=\"https:\/\/i0.wp.com\/www.eltrabajo.cl\/2017\/wp-content\/uploads\/2018\/03\/Turismo1.jpg?resize=579%2C340\" alt=\"ACONCAGUA CRECE.- El experto empresario tur\u00edstico mostr\u00f3 en pantalla gigante los imponentes destinos que esta cadena hotelera ha desarrollado en coordinaci\u00f3n con otros municipios y empresarios en Argentina.\" width=\"579\" height=\"340\" srcset=\"https:\/\/i0.wp.com\/eltrabajo.cl\/portal\/wp-content\/uploads\/2018\/03\/Turismo1.jpg?w=579&amp;ssl=1 579w, https:\/\/i0.wp.com\/eltrabajo.cl\/portal\/wp-content\/uploads\/2018\/03\/Turismo1.jpg?resize=200%2C117&amp;ssl=1 200w, https:\/\/i0.wp.com\/eltrabajo.cl\/portal\/wp-content\/uploads\/2018\/03\/Turismo1.jpg?resize=300%2C176&amp;ssl=1 300w, https:\/\/i0.wp.com\/eltrabajo.cl\/portal\/wp-content\/uploads\/2018\/03\/Turismo1.jpg?resize=255%2C150&amp;ssl=1 255w, https:\/\/i0.wp.com\/eltrabajo.cl\/portal\/wp-content\/uploads\/2018\/03\/Turismo1.jpg?resize=400%2C235&amp;ssl=1 400w\" sizes=\"auto, (max-width: 579px) 100vw, 579px\" \/><figcaption id=\"caption-attachment-85319\" class=\"wp-caption-text\">ACONCAGUA CRECE.- El experto empresario tur\u00edstico mostr\u00f3 en pantalla gigante los imponentes destinos que esta cadena hotelera ha desarrollado en coordinaci\u00f3n con otros municipios y empresarios en Argentina.<\/figcaption><\/figure>\n<ul>\n<li><strong><span style=\"color: #ff0000;\">A la vez present\u00f3 paquetes tur\u00edsticos para los aconcag\u00fcinos:\u00a0<\/span>Epic anunci\u00f3 paquetes y destinos a precios rebajad\u00edsimos para los aconcag\u00fcinos. Hoy contin\u00faan recorridos de empresarios extranjeros por el valle buscando posibilidades para \u2018vender\u2019 Aconcagua en otros pa\u00edses.<\/strong><\/li>\n<\/ul>\n<p>Hace algunos meses el alcalde Patricio Freire y personeros de la C\u00e1mara sanfelipe\u00f1a de Comercio y Turismo, realizaron una gira de trabajo en busca de oportunidades para atraer turismo extranjero a nuestra comuna, gesti\u00f3n que les permiti\u00f3 conocer modelos de trabajo y estrategia para desarrollar proyectos empresariales y tur\u00edsticos en coordinaci\u00f3n con cadenas hoteleras internacionales, todo esto liderado por la C\u00e1mara de Comercio y Turismo de San Felipe.<br \/>\nPues bien, luego de esa visita de trabajo, y tras haber instaurado un convenio de futura colaboraci\u00f3n mutua, la tarde de este mi\u00e9rcoles arrib\u00f3 a nuestra ciudad un representante de la cadena hotelera Epic, de Argentina, con miras a sostener un primer encuentro de trabajo y observaci\u00f3n en el Valle de Aconcagua, esto con miras a ver los posibles puntos fuertes en materia de comercio y turismo de nuestro valle, con miras tambi\u00e9n a la posible creaci\u00f3n de un hotel en Aconcagua, pero m\u00e1s que todo con la promesa de mutuas campa\u00f1as para intercambiar destinos tur\u00edsticos entre San Luis de Argentina y nuestro valle.<\/p>\n<p><span style=\"color: #ff0000;\"><strong>INICIAN CAMPA\u00d1A<\/strong><\/span><br \/>\nEs por eso que al mediod\u00eda de ayer jueves en la misma C\u00e1mara de Comercio de nuestra ciudad se desarroll\u00f3 una presentaci\u00f3n de los paradisiacos escenarios que ofrece esta Cadena internacional de hoteles, a la vez que se inici\u00f3 un recorrido por el valle para que este experto en desarrollo tur\u00edstico vea las posibilidades de Aconcagua para estos fines.<br \/>\nSandra Jil, presidenta de la C\u00e1mara de Comercio y Turismo de San Felipe, fue la primera en tomarse la palabra ante los medios: \u00abEstamos muy contentos de la visita del representante de esta cadena hotelera a nuestra comuna, esperamos poder seguir trabajando con ellos y poder establecer convenios m\u00e1s formales, buscamos que los lazos est\u00e9n m\u00e1s fortalecidos para ellos y nosotros (\u2026) el convenio que queremos desarrollar es directamente con la C\u00e1mara de Comercio y Turismo de San Luis, para traer turistas extranjeros a San Felipe, y al mismo tiempo que los aconcag\u00fcinos podamos tambi\u00e9n viajar a esa ciudad argentina\u00bb, dijo Jil.<\/p>\n<p><span style=\"color: #ff0000;\"><strong>CAMBIAR MENTALIDAD<\/strong><\/span><br \/>\nAs\u00ed tambi\u00e9n el alcalde de San Felipe Patricio Freire, destac\u00f3 los potenciales proyectos que se podr\u00edan desarrollar en Aconcagua si empresas como Epic siguen llegando la zona: \u00abHoy estamos ratificando este convenio que se origin\u00f3 en San Luis, Argentina, en donde Miguel nos mostr\u00f3 parte importante de lo que significa el turismo en ese sector del pa\u00eds y tambi\u00e9n estamos viendo c\u00f3mo se trabaja el turismo, all\u00e1 todos los ni\u00f1os y j\u00f3venes son agentes tur\u00edsticos, eso es lo que buscamos aqu\u00ed en San Felipe, cambiar la mentalidad de los aconcag\u00fcinos, para que aqu\u00ed ellos sean tambi\u00e9n agentes tur\u00edsticos (\u2026) con esta cadena hotelera Epic nosotros queremos que vengan a ver el Mercado y tambi\u00e9n, a futuro, instalarse en el Valle de Aconcagua, eso ya lo externamos a la gerencia de Epic en su momento (\u2026) nosotros tambi\u00e9n estamos promocionando el Valle de Aconcagua para que aqu\u00ed se instalen empresas y hoteles nuevos y darle auge al turismo\u00bb, dijo Freire en conferencia de prensa.<\/p>\n<p><span style=\"color: #ff0000;\"><strong>VOZ INTERNACIONAL<\/strong><\/span><br \/>\nMientras tanto Miguel Maluff, coordinador de la cadena hotelera Epic, de La Punta, San Luis de Argentina, fue claro al se\u00f1alar que esta visita al Valle de Aconcagua es apenas una gira de reconocimiento con miras a establecer s\u00f3lidas alianzas entre San Luis y San Felipe.<br \/>\n\u00abEn realidad en esta, nuestra primera visita a San Felipe, nuestro objetivo es poder promocionar la cadena de hoteles que yo represento, estamos abiertos a cualquier tipo de crecimiento de las empresas de nuestra provincia y de empresas chilenas, como por ejemplo las aconcag\u00fcinas, estamos en estos d\u00edas conociendo c\u00f3mo es el comercio de San Felipe y sus ciudadanos, al menos por ahora este convenio busca poder convivir entre los dos sectores e intercambiar conocimientos entre nosotros y ayudarnos a crecer tur\u00edsticamente (\u2026) en cuanto a manejar la idea de construir un hotel o complejo tur\u00edstico en esta zona del valle, nos puede llevar al menos unos cinco a\u00f1os, recientemente inauguramos un hotel en Argentina y nos llev\u00f3 tres a\u00f1os de construcci\u00f3n, pero esto lleva mucho tiempo de planificaci\u00f3n, de estrategias comerciales y de analizar si el sector donde se construya un hotel realmente es potable para el crecimiento y sostenimiento de ese hotel, son muchos factores para analizar (\u2026) lo importante es destacar que hoy ya hemos dado este segundo puntapi\u00e9 inicial entre las dos ciudades, por ahora puedo anunciar un beneficio de tarifas que los sanfelipe\u00f1os y dem\u00e1s aconcag\u00fcinos lo pueden utilizar, dejaremos algunos convenios escritos tanto en la municipalidad de San Felipe como en la C\u00e1mara de Comercio, nuestra intenci\u00f3n es que todos ac\u00e1 los puedan aprovechar, pues aunque muchos ya conocen Mendoza, ahora s\u00f3lo tienen que viajar dos horitas m\u00e1s de viaje para estar en San Luis, de igual forma estaremos promocionando y recomendando all\u00e1 los destinos como San Felipe\u00bb, dijo el experto.<br \/>\n<strong>Roberto Gonz\u00e1lez Short<\/strong><\/p>\n<figure id=\"attachment_85316\" aria-describedby=\"caption-attachment-85316\" style=\"width: 580px\" class=\"wp-caption alignnone\"><img data-recalc-dims=\"1\" loading=\"lazy\" decoding=\"async\" class=\"size-full wp-image-85316\" src=\"https:\/\/i0.wp.com\/www.eltrabajo.cl\/2017\/wp-content\/uploads\/2018\/03\/Turismo_Miguel-Maluff.jpg?resize=580%2C550\" alt=\"Miguel Maluff, coordinador de la cadena hotelera Epic, de La Punta, San Luis de Argentina.\" width=\"580\" height=\"550\" srcset=\"https:\/\/i0.wp.com\/eltrabajo.cl\/portal\/wp-content\/uploads\/2018\/03\/Turismo_Miguel-Maluff.jpg?w=580&amp;ssl=1 580w, https:\/\/i0.wp.com\/eltrabajo.cl\/portal\/wp-content\/uploads\/2018\/03\/Turismo_Miguel-Maluff.jpg?resize=158%2C150&amp;ssl=1 158w, https:\/\/i0.wp.com\/eltrabajo.cl\/portal\/wp-content\/uploads\/2018\/03\/Turismo_Miguel-Maluff.jpg?resize=300%2C284&amp;ssl=1 300w, https:\/\/i0.wp.com\/eltrabajo.cl\/portal\/wp-content\/uploads\/2018\/03\/Turismo_Miguel-Maluff.jpg?resize=400%2C379&amp;ssl=1 400w\" sizes=\"auto, (max-width: 580px) 100vw, 580px\" \/><figcaption id=\"caption-attachment-85316\" class=\"wp-caption-text\">Miguel Maluff, coordinador de la cadena hotelera Epic, de La Punta, San Luis de Argentina.<\/figcaption><\/figure>\n<figure id=\"attachment_85317\" aria-describedby=\"caption-attachment-85317\" style=\"width: 580px\" class=\"wp-caption alignnone\"><img data-recalc-dims=\"1\" loading=\"lazy\" decoding=\"async\" class=\"size-full wp-image-85317\" src=\"https:\/\/i0.wp.com\/www.eltrabajo.cl\/2017\/wp-content\/uploads\/2018\/03\/Turismo_Patricio-Freire.jpg?resize=580%2C514\" alt=\"Patricio Freire, alcalde de San Felipe y propulsor de esta propuesta internacional.\" width=\"580\" height=\"514\" srcset=\"https:\/\/i0.wp.com\/eltrabajo.cl\/portal\/wp-content\/uploads\/2018\/03\/Turismo_Patricio-Freire.jpg?w=580&amp;ssl=1 580w, https:\/\/i0.wp.com\/eltrabajo.cl\/portal\/wp-content\/uploads\/2018\/03\/Turismo_Patricio-Freire.jpg?resize=169%2C150&amp;ssl=1 169w, https:\/\/i0.wp.com\/eltrabajo.cl\/portal\/wp-content\/uploads\/2018\/03\/Turismo_Patricio-Freire.jpg?resize=300%2C266&amp;ssl=1 300w, https:\/\/i0.wp.com\/eltrabajo.cl\/portal\/wp-content\/uploads\/2018\/03\/Turismo_Patricio-Freire.jpg?resize=400%2C354&amp;ssl=1 400w\" sizes=\"auto, (max-width: 580px) 100vw, 580px\" \/><figcaption id=\"caption-attachment-85317\" class=\"wp-caption-text\">Patricio Freire, alcalde de San Felipe y propulsor de esta propuesta internacional.<\/figcaption><\/figure>\n<figure id=\"attachment_85318\" aria-describedby=\"caption-attachment-85318\" style=\"width: 580px\" class=\"wp-caption alignnone\"><img data-recalc-dims=\"1\" loading=\"lazy\" decoding=\"async\" class=\"size-full wp-image-85318\" src=\"https:\/\/i0.wp.com\/www.eltrabajo.cl\/2017\/wp-content\/uploads\/2018\/03\/Turismo_Sandra-Jil.jpg?resize=580%2C530\" alt=\"Sandra Jil, presidenta de la C\u00e1mara de Comercio y Turismo de San Felipe.\" width=\"580\" height=\"530\" srcset=\"https:\/\/i0.wp.com\/eltrabajo.cl\/portal\/wp-content\/uploads\/2018\/03\/Turismo_Sandra-Jil.jpg?w=580&amp;ssl=1 580w, https:\/\/i0.wp.com\/eltrabajo.cl\/portal\/wp-content\/uploads\/2018\/03\/Turismo_Sandra-Jil.jpg?resize=164%2C150&amp;ssl=1 164w, https:\/\/i0.wp.com\/eltrabajo.cl\/portal\/wp-content\/uploads\/2018\/03\/Turismo_Sandra-Jil.jpg?resize=300%2C274&amp;ssl=1 300w, https:\/\/i0.wp.com\/eltrabajo.cl\/portal\/wp-content\/uploads\/2018\/03\/Turismo_Sandra-Jil.jpg?resize=400%2C366&amp;ssl=1 400w\" sizes=\"auto, (max-width: 580px) 100vw, 580px\" \/><figcaption id=\"caption-attachment-85318\" class=\"wp-caption-text\">Sandra Jil, presidenta de la C\u00e1mara de Comercio y Turismo de San Felipe.<\/figcaption><\/figure>\n","protected":false},"excerpt":{"rendered":"<p>A la vez present\u00f3 paquetes tur\u00edsticos para los aconcag\u00fcinos:\u00a0Epic anunci\u00f3 paquetes y destinos a precios rebajad\u00edsimos para los aconcag\u00fcinos. Hoy contin\u00faan recorridos de empresarios extranjeros por el valle buscando posibilidades para \u2018vender\u2019&#8230;<\/p>\n","protected":false},"author":1,"featured_media":85319,"comment_status":"open","ping_status":"open","sticky":false,"template":"","format":"standard","meta":{"advanced_seo_description":"","jetpack_seo_html_title":"","jetpack_seo_noindex":false,"_jetpack_memberships_contains_paid_content":false,"footnotes":""},"categories":[15],"tags":[],"class_list":["post-85315","post","type-post","status-publish","format-standard","has-post-thumbnail","hentry","category-comunidad"],"jetpack_featured_media_url":"https:\/\/i0.wp.com\/eltrabajo.cl\/portal\/wp-content\/uploads\/2018\/03\/Turismo1.jpg?fit=579%2C340&ssl=1","jetpack_sharing_enabled":true,"jetpack_likes_enabled":true,"jetpack-related-posts":[],"_links":{"self":[{"href":"https:\/\/eltrabajo.cl\/portal\/wp-json\/wp\/v2\/posts\/85315","targetHints":{"allow":["GET"]}}],"collection":[{"href":"https:\/\/eltrabajo.cl\/portal\/wp-json\/wp\/v2\/posts"}],"about":[{"href":"https:\/\/eltrabajo.cl\/portal\/wp-json\/wp\/v2\/types\/post"}],"author":[{"embeddable":true,"href":"https:\/\/eltrabajo.cl\/portal\/wp-json\/wp\/v2\/users\/1"}],"replies":[{"embeddable":true,"href":"https:\/\/eltrabajo.cl\/portal\/wp-json\/wp\/v2\/comments?post=85315"}],"version-history":[{"count":0,"href":"https:\/\/eltrabajo.cl\/portal\/wp-json\/wp\/v2\/posts\/85315\/revisions"}],"wp:featuredmedia":[{"embeddable":true,"href":"https:\/\/eltrabajo.cl\/portal\/wp-json\/wp\/v2\/media\/85319"}],"wp:attachment":[{"href":"https:\/\/eltrabajo.cl\/portal\/wp-json\/wp\/v2\/media?parent=85315"}],"wp:term":[{"taxonomy":"category","embeddable":true,"href":"https:\/\/eltrabajo.cl\/portal\/wp-json\/wp\/v2\/categories?post=85315"},{"taxonomy":"post_tag","embeddable":true,"href":"https:\/\/eltrabajo.cl\/portal\/wp-json\/wp\/v2\/tags?post=85315"}],"curies":[{"name":"wp","href":"https:\/\/api.w.org\/{rel}","templated":true}]}}