{"id":85322,"date":"2018-03-16T05:01:35","date_gmt":"2018-03-16T09:01:35","guid":{"rendered":"http:\/\/www.eltrabajo.cl\/2017\/?p=85322"},"modified":"2018-03-16T05:01:35","modified_gmt":"2018-03-16T09:01:35","slug":"realizaran-chipeo-de-mascotas-y-explicaran-alcances-del-nuevo-registro","status":"publish","type":"post","link":"https:\/\/eltrabajo.cl\/portal\/realizaran-chipeo-de-mascotas-y-explicaran-alcances-del-nuevo-registro\/","title":{"rendered":"Realizar\u00e1n \u2018chipeo\u2019 de Mascotas y explicar\u00e1n alcances del nuevo registro"},"content":{"rendered":"<figure id=\"attachment_85323\" aria-describedby=\"caption-attachment-85323\" style=\"width: 580px\" class=\"wp-caption alignnone\"><img data-recalc-dims=\"1\" loading=\"lazy\" decoding=\"async\" class=\"size-full wp-image-85323\" src=\"https:\/\/i0.wp.com\/www.eltrabajo.cl\/2017\/wp-content\/uploads\/2018\/03\/Mariana-Bravo.jpg?resize=580%2C364\" alt=\"Mariana Bravo, encargada del Programa de Tenencia Responsable de la Municipalidad de San Felipe.\" width=\"580\" height=\"364\" srcset=\"https:\/\/i0.wp.com\/eltrabajo.cl\/portal\/wp-content\/uploads\/2018\/03\/Mariana-Bravo.jpg?w=580&amp;ssl=1 580w, https:\/\/i0.wp.com\/eltrabajo.cl\/portal\/wp-content\/uploads\/2018\/03\/Mariana-Bravo.jpg?resize=200%2C126&amp;ssl=1 200w, https:\/\/i0.wp.com\/eltrabajo.cl\/portal\/wp-content\/uploads\/2018\/03\/Mariana-Bravo.jpg?resize=300%2C188&amp;ssl=1 300w, https:\/\/i0.wp.com\/eltrabajo.cl\/portal\/wp-content\/uploads\/2018\/03\/Mariana-Bravo.jpg?resize=239%2C150&amp;ssl=1 239w, https:\/\/i0.wp.com\/eltrabajo.cl\/portal\/wp-content\/uploads\/2018\/03\/Mariana-Bravo.jpg?resize=400%2C251&amp;ssl=1 400w\" sizes=\"auto, (max-width: 580px) 100vw, 580px\" \/><figcaption id=\"caption-attachment-85323\" class=\"wp-caption-text\">Mariana Bravo, encargada del Programa de Tenencia Responsable de la Municipalidad de San Felipe.<\/figcaption><\/figure>\n<ul>\n<li><strong><span style=\"color: #ff0000;\">Programa de Tenencia Responsable:\u00a0<\/span>Los pr\u00f3ximos s\u00e1bados 17 y 24 de marzo se llevar\u00e1 a cabo esta actividad en plena Plaza de Armas que est\u00e1 destinada para mascotas esterilizadas.<\/strong><\/li>\n<\/ul>\n<p>Tras las exitosas jornadas de instalaci\u00f3n de chip en las mascotas del a\u00f1o pasado, la encargada del Programa de Tenencia Responsable de la Municipalidad de San Felipe, Mariana Bravo, inform\u00f3 sobre nuevas jornadas destinadas para todos los vecinos de la comuna que a\u00fan no han logado realizar este proceso.<br \/>\nLa iniciativa se realizar\u00e1 los pr\u00f3ximos s\u00e1bados 17 y 24 de marzo, entre las 10.00 y las 14.00 horas, en plena Plaza de Armas, donde continuar\u00e1n con la instalaci\u00f3n de microchip y posteriormente se realizar\u00e1 el registro de estos animales de compa\u00f1\u00eda. Por ello, la profesional aclar\u00f3 que \u00abestas jornadas est\u00e1n destinadas a todos aquellos que no pudieron realizar el \u2018chipeo\u2019 durante el 2017. Es importante que la gente sepa que este proceso es s\u00f3lo para aquellas mascotas que han sido esterilizadas sea por nuestro programa o por cl\u00ednicas particulares\u00bb, afirm\u00f3.<br \/>\nAsimismo, explicar\u00e1n y resolver\u00e1n dudas respecto a la nueva normativa que comenz\u00f3 a regir desde el pasado 1 de marzo en nuestra regi\u00f3n. \u00abEstaremos explicando el procedimiento de este registro, que es responsabilidad de cada due\u00f1o, accediendo a la p\u00e1gina www.registratumascota.cl, activando el procedimiento a trav\u00e9s de la clave \u00fanica, disponible en el registro civil. Todos los due\u00f1os tienen un plazo de 180 d\u00edas -hasta el mes de agosto- antes de que inicien las multas\u00bb, afirm\u00f3.<br \/>\nTambi\u00e9n se plegar\u00e1n a esta instancia los profesionales del Centro Veterinario Gratuito Municipal, quienes aplicar\u00e1n vacunas s\u00e9xtuple y triplefelina a todas las mascotas de la comuna.<\/p>\n","protected":false},"excerpt":{"rendered":"<p>Programa de Tenencia Responsable:\u00a0Los pr\u00f3ximos s\u00e1bados 17 y 24 de marzo se llevar\u00e1 a cabo esta actividad en plena Plaza de Armas que est\u00e1 destinada para mascotas esterilizadas. Tras las exitosas jornadas&#8230;<\/p>\n","protected":false},"author":1,"featured_media":85323,"comment_status":"open","ping_status":"open","sticky":false,"template":"","format":"standard","meta":{"advanced_seo_description":"","jetpack_seo_html_title":"","jetpack_seo_noindex":false,"_jetpack_memberships_contains_paid_content":false,"footnotes":""},"categories":[1],"tags":[],"class_list":["post-85322","post","type-post","status-publish","format-standard","has-post-thumbnail","hentry","category-cronica"],"jetpack_featured_media_url":"https:\/\/i0.wp.com\/eltrabajo.cl\/portal\/wp-content\/uploads\/2018\/03\/Mariana-Bravo.jpg?fit=580%2C364&ssl=1","jetpack_sharing_enabled":true,"jetpack_likes_enabled":true,"jetpack-related-posts":[],"_links":{"self":[{"href":"https:\/\/eltrabajo.cl\/portal\/wp-json\/wp\/v2\/posts\/85322","targetHints":{"allow":["GET"]}}],"collection":[{"href":"https:\/\/eltrabajo.cl\/portal\/wp-json\/wp\/v2\/posts"}],"about":[{"href":"https:\/\/eltrabajo.cl\/portal\/wp-json\/wp\/v2\/types\/post"}],"author":[{"embeddable":true,"href":"https:\/\/eltrabajo.cl\/portal\/wp-json\/wp\/v2\/users\/1"}],"replies":[{"embeddable":true,"href":"https:\/\/eltrabajo.cl\/portal\/wp-json\/wp\/v2\/comments?post=85322"}],"version-history":[{"count":0,"href":"https:\/\/eltrabajo.cl\/portal\/wp-json\/wp\/v2\/posts\/85322\/revisions"}],"wp:featuredmedia":[{"embeddable":true,"href":"https:\/\/eltrabajo.cl\/portal\/wp-json\/wp\/v2\/media\/85323"}],"wp:attachment":[{"href":"https:\/\/eltrabajo.cl\/portal\/wp-json\/wp\/v2\/media?parent=85322"}],"wp:term":[{"taxonomy":"category","embeddable":true,"href":"https:\/\/eltrabajo.cl\/portal\/wp-json\/wp\/v2\/categories?post=85322"},{"taxonomy":"post_tag","embeddable":true,"href":"https:\/\/eltrabajo.cl\/portal\/wp-json\/wp\/v2\/tags?post=85322"}],"curies":[{"name":"wp","href":"https:\/\/api.w.org\/{rel}","templated":true}]}}