{"id":85332,"date":"2018-03-16T05:04:18","date_gmt":"2018-03-16T09:04:18","guid":{"rendered":"http:\/\/www.eltrabajo.cl\/2017\/?p=85332"},"modified":"2018-03-16T05:04:18","modified_gmt":"2018-03-16T09:04:18","slug":"carabineros-rescata-a-lechuza-campanario-herida-en-llay-llay","status":"publish","type":"post","link":"https:\/\/eltrabajo.cl\/portal\/carabineros-rescata-a-lechuza-campanario-herida-en-llay-llay\/","title":{"rendered":"Carabineros rescata a Lechuza Campanario herida en Llay Llay"},"content":{"rendered":"<p>&nbsp;<\/p>\n<figure id=\"attachment_85333\" aria-describedby=\"caption-attachment-85333\" style=\"width: 580px\" class=\"wp-caption alignnone\"><img data-recalc-dims=\"1\" loading=\"lazy\" decoding=\"async\" class=\"size-full wp-image-85333\" src=\"https:\/\/i0.wp.com\/www.eltrabajo.cl\/2017\/wp-content\/uploads\/2018\/03\/rescate-lechuza.jpg?resize=580%2C457\" alt=\"La lechuza se encontraba herida y oculta bajo un veh\u00edculo para evitar el ataque de perros vagos.\" width=\"580\" height=\"457\" srcset=\"https:\/\/i0.wp.com\/eltrabajo.cl\/portal\/wp-content\/uploads\/2018\/03\/rescate-lechuza.jpg?w=580&amp;ssl=1 580w, https:\/\/i0.wp.com\/eltrabajo.cl\/portal\/wp-content\/uploads\/2018\/03\/rescate-lechuza.jpg?resize=190%2C150&amp;ssl=1 190w, https:\/\/i0.wp.com\/eltrabajo.cl\/portal\/wp-content\/uploads\/2018\/03\/rescate-lechuza.jpg?resize=300%2C236&amp;ssl=1 300w, https:\/\/i0.wp.com\/eltrabajo.cl\/portal\/wp-content\/uploads\/2018\/03\/rescate-lechuza.jpg?resize=400%2C315&amp;ssl=1 400w\" sizes=\"auto, (max-width: 580px) 100vw, 580px\" \/><figcaption id=\"caption-attachment-85333\" class=\"wp-caption-text\">La lechuza se encontraba herida y oculta bajo un veh\u00edculo para evitar el ataque de perros vagos.<\/figcaption><\/figure>\n<p>Vecinos de la poblaci\u00f3n Los Insignios de Llay Llay alertaron a Carabineros de la presencia de una lechuza silvestre herida que se ocultaba bajo un veh\u00edculo tras el inminente ataque de perros vagos que la manten\u00edan acorralada. Fue as\u00ed que el cabo 2\u00ba Gabriel Fuentes rescat\u00f3 al ave traslad\u00e1ndola hasta las oficinas del Servicio Agr\u00edcola y Ganadero en San Felipe.<br \/>\nEn este lugar los profesionales determinaron que la ave herida, se trataba de una Lechuza Campanario, ejemplar que se encuentra protegida, manteni\u00e9ndose en dicho lugar para la observaci\u00f3n y recuperaci\u00f3n a cargo de un m\u00e9dico veterinario.<\/p>\n","protected":false},"excerpt":{"rendered":"<p>&nbsp; Vecinos de la poblaci\u00f3n Los Insignios de Llay Llay alertaron a Carabineros de la presencia de una lechuza silvestre herida que se ocultaba bajo un veh\u00edculo tras el inminente ataque de&#8230;<\/p>\n","protected":false},"author":1,"featured_media":85333,"comment_status":"open","ping_status":"open","sticky":false,"template":"","format":"standard","meta":{"advanced_seo_description":"","jetpack_seo_html_title":"","jetpack_seo_noindex":false,"_jetpack_memberships_contains_paid_content":false,"footnotes":""},"categories":[15],"tags":[],"class_list":["post-85332","post","type-post","status-publish","format-standard","has-post-thumbnail","hentry","category-comunidad"],"jetpack_featured_media_url":"https:\/\/i0.wp.com\/eltrabajo.cl\/portal\/wp-content\/uploads\/2018\/03\/rescate-lechuza.jpg?fit=580%2C457&ssl=1","jetpack_sharing_enabled":true,"jetpack_likes_enabled":true,"jetpack-related-posts":[],"_links":{"self":[{"href":"https:\/\/eltrabajo.cl\/portal\/wp-json\/wp\/v2\/posts\/85332","targetHints":{"allow":["GET"]}}],"collection":[{"href":"https:\/\/eltrabajo.cl\/portal\/wp-json\/wp\/v2\/posts"}],"about":[{"href":"https:\/\/eltrabajo.cl\/portal\/wp-json\/wp\/v2\/types\/post"}],"author":[{"embeddable":true,"href":"https:\/\/eltrabajo.cl\/portal\/wp-json\/wp\/v2\/users\/1"}],"replies":[{"embeddable":true,"href":"https:\/\/eltrabajo.cl\/portal\/wp-json\/wp\/v2\/comments?post=85332"}],"version-history":[{"count":0,"href":"https:\/\/eltrabajo.cl\/portal\/wp-json\/wp\/v2\/posts\/85332\/revisions"}],"wp:featuredmedia":[{"embeddable":true,"href":"https:\/\/eltrabajo.cl\/portal\/wp-json\/wp\/v2\/media\/85333"}],"wp:attachment":[{"href":"https:\/\/eltrabajo.cl\/portal\/wp-json\/wp\/v2\/media?parent=85332"}],"wp:term":[{"taxonomy":"category","embeddable":true,"href":"https:\/\/eltrabajo.cl\/portal\/wp-json\/wp\/v2\/categories?post=85332"},{"taxonomy":"post_tag","embeddable":true,"href":"https:\/\/eltrabajo.cl\/portal\/wp-json\/wp\/v2\/tags?post=85332"}],"curies":[{"name":"wp","href":"https:\/\/api.w.org\/{rel}","templated":true}]}}