{"id":85335,"date":"2018-03-16T05:05:35","date_gmt":"2018-03-16T09:05:35","guid":{"rendered":"http:\/\/www.eltrabajo.cl\/2017\/?p=85335"},"modified":"2018-03-16T05:05:35","modified_gmt":"2018-03-16T09:05:35","slug":"banda-conmocion-y-lagarto-murdock-en-la-fiesta-de-la-vendimia-2018","status":"publish","type":"post","link":"https:\/\/eltrabajo.cl\/portal\/banda-conmocion-y-lagarto-murdock-en-la-fiesta-de-la-vendimia-2018\/","title":{"rendered":"Banda Conmoci\u00f3n y Lagarto Murdock en la Fiesta de la Vendimia 2018"},"content":{"rendered":"<figure id=\"attachment_85336\" aria-describedby=\"caption-attachment-85336\" style=\"width: 580px\" class=\"wp-caption alignnone\"><img data-recalc-dims=\"1\" loading=\"lazy\" decoding=\"async\" class=\"size-full wp-image-85336\" src=\"https:\/\/i0.wp.com\/www.eltrabajo.cl\/2017\/wp-content\/uploads\/2018\/03\/Fiesta-1-de-la-Vendimia-2018.jpg?resize=580%2C344\" alt=\"Ricardo Ruiz, coordinador de Cultura, junto al alcalde Patricio Freire y el concejal Juan Sabaj invitaron a la comunidad sanfelipe\u00f1a a sumarse a este gran evento.\" width=\"580\" height=\"344\" srcset=\"https:\/\/i0.wp.com\/eltrabajo.cl\/portal\/wp-content\/uploads\/2018\/03\/Fiesta-1-de-la-Vendimia-2018.jpg?w=580&amp;ssl=1 580w, https:\/\/i0.wp.com\/eltrabajo.cl\/portal\/wp-content\/uploads\/2018\/03\/Fiesta-1-de-la-Vendimia-2018.jpg?resize=200%2C119&amp;ssl=1 200w, https:\/\/i0.wp.com\/eltrabajo.cl\/portal\/wp-content\/uploads\/2018\/03\/Fiesta-1-de-la-Vendimia-2018.jpg?resize=300%2C178&amp;ssl=1 300w, https:\/\/i0.wp.com\/eltrabajo.cl\/portal\/wp-content\/uploads\/2018\/03\/Fiesta-1-de-la-Vendimia-2018.jpg?resize=253%2C150&amp;ssl=1 253w, https:\/\/i0.wp.com\/eltrabajo.cl\/portal\/wp-content\/uploads\/2018\/03\/Fiesta-1-de-la-Vendimia-2018.jpg?resize=400%2C237&amp;ssl=1 400w\" sizes=\"auto, (max-width: 580px) 100vw, 580px\" \/><figcaption id=\"caption-attachment-85336\" class=\"wp-caption-text\">Ricardo Ruiz, coordinador de Cultura, junto al alcalde Patricio Freire y el concejal Juan Sabaj invitaron a la comunidad sanfelipe\u00f1a a sumarse a este gran evento.<\/figcaption><\/figure>\n<ul>\n<li><span style=\"color: #ff0000;\"><strong>Tambi\u00e9n estar\u00e1n presentes La Cubanac\u00e1n y Wairas Andinos junto a grupos locales en la tradicional fiesta sanfelipe\u00f1a que se realizar\u00e1 el 7 y 8 de abril.<\/strong><\/span><\/li>\n<\/ul>\n<p>Este 7 y 8 de abril se realizar\u00e1 la quinta versi\u00f3n de la Fiesta de la Vendimia, la cual se llevar\u00e1 a cabo en el sector de Almendral y, como es costumbre, reunir\u00e1 diversas manifestaciones art\u00edsticas y culturales.<br \/>\nSobre el evento \u2013que se desarrollar\u00e1 a partir de las 11:00 hrs. y se extender\u00e1 hasta pasada la medianoche- se refiri\u00f3 Ricardo Ruiz, coordinador del departamento de Cultura de la Municipalidad de San Felipe, quien se\u00f1al\u00f3: \u00abComo es una tradici\u00f3n, desde que se recuper\u00f3 con la gesti\u00f3n del alcalde Patricio Freire, quienes participen y nos acompa\u00f1en este 7 y 8 abril se van a poder encontrar con distintas manifestaciones propias de la identidad del sanfelipe\u00f1o y aconcag\u00fcino, partiendo con el sector de Almendral, donde est\u00e1 la iglesia y el convento que son monumentos nacionales\u00bb.<br \/>\nAdem\u00e1s, el coordinador inform\u00f3 que la feria de este a\u00f1o contar\u00e1 con 100 stand en donde emprendedores y artesanos estar\u00e1n exhibiendo sus productos, y agreg\u00f3: \u00abHay que recordar que la Municipalidad de San Felipe, en un gran esfuerzo, regala las copas en esta Fiesta de la Vendimia, creo que somos la \u00fanica vendimia en Chile donde las copas no se venden y se regalan, as\u00ed que se van fijar horarios para que las personas las puedan retirar y puedan ir degustando los distintos vinos y productos que ofrecen las vi\u00f1as\u00bb.<br \/>\nPor \u00faltimo, Ruiz \u2013junto con agradecer a las empresas locales que est\u00e1n comprometidas con la actividad y entregan su apoyo para que \u00e9sta se realice de la mejor manera- se\u00f1al\u00f3 que quienes asistan el s\u00e1bado 7 se podr\u00e1n encontrar con las presentaciones de La Cubanac\u00e1n y el Lagarto Murdock, entre otras; mientras que el domingo 8 ser\u00e1 el turno de Wayras Andinos y Banda Conmoci\u00f3n.<br \/>\nPor su parte, el alcalde Patricio Freire destac\u00f3 la recuperaci\u00f3n de la tradicional fiesta e indic\u00f3: \u00abAgradecer a todas las firmas que aportan a este gran evento que lleg\u00f3 a la comuna para quedarse. La Fiesta de la Vendimia \u2013que era una tradici\u00f3n nuestra- la hab\u00edamos perdido y ahora ya vamos en la quinta versi\u00f3n de este gran evento que se desarrolla en la comuna\u00bb; y finalmente, junt\u00f3 al concejal Juan Carlos Sabaj, invitaron a la comunidad sanfelipe\u00f1a a sumarse a este gran evento: \u00abHago un llamado a todos los vecinos y vecinas del Valle de Aconcagua a participar de esta fiesta en donde van a participar las vi\u00f1as, emprendedores, artesanos, entre muchos otros\u00bb, concluy\u00f3 el edil.<\/p>\n<figure id=\"attachment_85337\" aria-describedby=\"caption-attachment-85337\" style=\"width: 578px\" class=\"wp-caption alignnone\"><img data-recalc-dims=\"1\" loading=\"lazy\" decoding=\"async\" class=\"size-full wp-image-85337\" src=\"https:\/\/i0.wp.com\/www.eltrabajo.cl\/2017\/wp-content\/uploads\/2018\/03\/Fiesta-3-de-la-Vendimia-2018.jpg?resize=578%2C386\" alt=\"La Fiesta de la Vendimia ya llega a su quinta edici\u00f3n y se trata de una tradici\u00f3n que se hab\u00eda perdido y que la administraci\u00f3n Freire se ha encargado de recuperar. \" width=\"578\" height=\"386\" srcset=\"https:\/\/i0.wp.com\/eltrabajo.cl\/portal\/wp-content\/uploads\/2018\/03\/Fiesta-3-de-la-Vendimia-2018.jpg?w=578&amp;ssl=1 578w, https:\/\/i0.wp.com\/eltrabajo.cl\/portal\/wp-content\/uploads\/2018\/03\/Fiesta-3-de-la-Vendimia-2018.jpg?resize=200%2C134&amp;ssl=1 200w, https:\/\/i0.wp.com\/eltrabajo.cl\/portal\/wp-content\/uploads\/2018\/03\/Fiesta-3-de-la-Vendimia-2018.jpg?resize=300%2C200&amp;ssl=1 300w, https:\/\/i0.wp.com\/eltrabajo.cl\/portal\/wp-content\/uploads\/2018\/03\/Fiesta-3-de-la-Vendimia-2018.jpg?resize=225%2C150&amp;ssl=1 225w, https:\/\/i0.wp.com\/eltrabajo.cl\/portal\/wp-content\/uploads\/2018\/03\/Fiesta-3-de-la-Vendimia-2018.jpg?resize=400%2C267&amp;ssl=1 400w\" sizes=\"auto, (max-width: 578px) 100vw, 578px\" \/><figcaption id=\"caption-attachment-85337\" class=\"wp-caption-text\">La Fiesta de la Vendimia ya llega a su quinta edici\u00f3n y se trata de una tradici\u00f3n que se hab\u00eda perdido y que la administraci\u00f3n Freire se ha encargado de recuperar.<\/figcaption><\/figure>\n","protected":false},"excerpt":{"rendered":"<p>Tambi\u00e9n estar\u00e1n presentes La Cubanac\u00e1n y Wairas Andinos junto a grupos locales en la tradicional fiesta sanfelipe\u00f1a que se realizar\u00e1 el 7 y 8 de abril. Este 7 y 8 de abril&#8230;<\/p>\n","protected":false},"author":1,"featured_media":85337,"comment_status":"open","ping_status":"open","sticky":false,"template":"","format":"standard","meta":{"advanced_seo_description":"","jetpack_seo_html_title":"","jetpack_seo_noindex":false,"_jetpack_memberships_contains_paid_content":false,"footnotes":""},"categories":[1],"tags":[],"class_list":["post-85335","post","type-post","status-publish","format-standard","has-post-thumbnail","hentry","category-cronica"],"jetpack_featured_media_url":"https:\/\/i0.wp.com\/eltrabajo.cl\/portal\/wp-content\/uploads\/2018\/03\/Fiesta-3-de-la-Vendimia-2018.jpg?fit=578%2C386&ssl=1","jetpack_sharing_enabled":true,"jetpack_likes_enabled":true,"jetpack-related-posts":[],"_links":{"self":[{"href":"https:\/\/eltrabajo.cl\/portal\/wp-json\/wp\/v2\/posts\/85335","targetHints":{"allow":["GET"]}}],"collection":[{"href":"https:\/\/eltrabajo.cl\/portal\/wp-json\/wp\/v2\/posts"}],"about":[{"href":"https:\/\/eltrabajo.cl\/portal\/wp-json\/wp\/v2\/types\/post"}],"author":[{"embeddable":true,"href":"https:\/\/eltrabajo.cl\/portal\/wp-json\/wp\/v2\/users\/1"}],"replies":[{"embeddable":true,"href":"https:\/\/eltrabajo.cl\/portal\/wp-json\/wp\/v2\/comments?post=85335"}],"version-history":[{"count":0,"href":"https:\/\/eltrabajo.cl\/portal\/wp-json\/wp\/v2\/posts\/85335\/revisions"}],"wp:featuredmedia":[{"embeddable":true,"href":"https:\/\/eltrabajo.cl\/portal\/wp-json\/wp\/v2\/media\/85337"}],"wp:attachment":[{"href":"https:\/\/eltrabajo.cl\/portal\/wp-json\/wp\/v2\/media?parent=85335"}],"wp:term":[{"taxonomy":"category","embeddable":true,"href":"https:\/\/eltrabajo.cl\/portal\/wp-json\/wp\/v2\/categories?post=85335"},{"taxonomy":"post_tag","embeddable":true,"href":"https:\/\/eltrabajo.cl\/portal\/wp-json\/wp\/v2\/tags?post=85335"}],"curies":[{"name":"wp","href":"https:\/\/api.w.org\/{rel}","templated":true}]}}