{"id":85339,"date":"2018-03-16T05:06:36","date_gmt":"2018-03-16T09:06:36","guid":{"rendered":"http:\/\/www.eltrabajo.cl\/2017\/?p=85339"},"modified":"2018-03-16T05:06:36","modified_gmt":"2018-03-16T09:06:36","slug":"familia-busca-a-joven-madre-que-abandono-su-domicilio-hace-cuatro-meses","status":"publish","type":"post","link":"https:\/\/eltrabajo.cl\/portal\/familia-busca-a-joven-madre-que-abandono-su-domicilio-hace-cuatro-meses\/","title":{"rendered":"Familia busca a joven madre que abandon\u00f3 su domicilio hace cuatro meses"},"content":{"rendered":"<ul>\n<li><strong><span style=\"color: #ff0000;\">Afiche con su rostro se ha replicado en distintos puntos de la regi\u00f3n:<\/span>\u00a0En entrevista con la madre de la joven desaparecida, explica los motivos que habr\u00edan determinado su decisi\u00f3n, sin embargo transcurrido el tiempo, se desconoce d\u00f3nde estar\u00eda residiendo actualmente, lo que ha generado incertidumbre y desesperaci\u00f3n por parte de sus familiares.<\/strong><\/li>\n<\/ul>\n<p>Constanza Margarita Lizana Vergara tiene 22 a\u00f1os de edad y hasta mediados de noviembre del 2017 resid\u00eda junto a su madre y su peque\u00f1o hijo de 5 a\u00f1os de edad en una vivienda de la Villa 250 A\u00f1os de San Felipe, quien de un d\u00eda para otro decidi\u00f3 irse voluntariamente del inmueble en compa\u00f1\u00eda de su pareja, desconoci\u00e9ndose hasta la fecha su actual paradero, lo que ha generado temor e incertidumbre entre sus familiares que esperan ansiosos por saber su condici\u00f3n de vida.<br \/>\nEn entrevista de Diario El Trabajo con la madre de la joven desaparecida, Grecia Vergara, explic\u00f3 los motivos que habr\u00edan causado que la joven haya decidido voluntariamente irse del inmueble, abandonando a su hijo quien actualmente se encuentra bajo el cuidado de su abuela, temiendo que Constanza pudiese estar atravesando una mala situaci\u00f3n.<br \/>\n&#8211; \u00bfQu\u00e9 sucedi\u00f3 el \u00faltimo d\u00eda que la vio?<br \/>\n&#8211; Ella se fue de la casa y me dijo que no iba a regresar, andaba con un tipo que es de Rancagua, de 44 a\u00f1os, y estaba viviendo en mi casa como dos semanas, un d\u00eda llegaba y otros d\u00edas no, entonces yo le dije a mi hija que \u00e9l ten\u00eda que irse porque yo no pod\u00eda estar aguantando eso. Este ni\u00f1o lleg\u00f3 de Rancagua porque estaba preso, estuvo en mi casa dos semanas y las noches que no llegaba yo le dije a mi hija que era mejor que se fuera porque as\u00ed no pod\u00eda estar, pasaron dos d\u00edas y se fueron los dos.<br \/>\n<strong>&#8211; Entonces, \u00bfhabr\u00edan decidido vivir juntos como pareja?<\/strong><br \/>\n&#8211; Claro ella se fue voluntariamente, ella lo decidi\u00f3, pero ha pasado mucho tiempo, muchos d\u00edas, meses, entonces ella no llama, tiene un ni\u00f1o de 5 a\u00f1os, entonces si ella est\u00e1 bien deber\u00eda llamar para saber que est\u00e1 bien. Entonces yo temo que el hombre le pueda haber hecho algo, que la tenga encerrada.<br \/>\n<strong>&#8211; \u00bfHa reportado su desaparici\u00f3n?<\/strong><br \/>\n&#8211; S\u00ed, puse denuncias, demandas, de todo, la he ido a buscar a todos lados, yo por \u00faltimo pido que se conecte con uno para saber si ella est\u00e1 bien, porque me preocupa porque como el hombre estuvo preso, entonces me pasa que pienso que \u00e9l le pudo haber hecho algo. Yo s\u00e9 que ella tiene 22 a\u00f1os, pero c\u00f3mo no va a poder en alg\u00fan momento llamar para saber por su hijo, ella nunca hab\u00eda salido de la casa, no sal\u00eda a fiestas, es muy tranquila, entonces eso es lo que me causa cuidado.<br \/>\n<strong>&#8211; \u00bfUsted cree que ella puede estar en Rancagua?<\/strong><br \/>\n&#8211; No lo s\u00e9, porque los primeros d\u00edas que desapareci\u00f3 mi hija, yo averig\u00fc\u00e9 la direcci\u00f3n de la mam\u00e1 de este hombre y le inform\u00e9 lo ocurrido, viaj\u00e9 a Rancagua, le dije que se hab\u00edan ido juntos, si es que ella sab\u00eda algo para que me informara.<br \/>\n<strong>&#8211; \u00bfUsted inform\u00f3 a Carabineros?<\/strong><br \/>\n&#8211; S\u00ed, fui a Carabineros, tambi\u00e9n en la Fiscal\u00eda, pero no han hecho nada porque como ella tiene 22 a\u00f1os, es mayor de edad, no han hecho nada. He pegado afiches con su foto en San Felipe, Valpara\u00edso, en Rancagua, en Quintero, en San Antonio porque me han llamado de que la han visto en tal lado, entonces viajo para ir a verla y no la encuentro, ella no ten\u00eda amigas, ese d\u00eda que se fue no se llev\u00f3 ni su tel\u00e9fono, no hemos sabido nada de nada.<br \/>\nGrecia Vergara concluye haciendo un llamado a la comunidad de cualquier informaci\u00f3n sobre el paradero de Constanza Lizana, se comuniquen al fono: 950999019.<br \/>\n<strong>Pablo Salinas Sald\u00edas<\/strong><\/p>\n<figure id=\"attachment_85341\" aria-describedby=\"caption-attachment-85341\" style=\"width: 580px\" class=\"wp-caption alignnone\"><img data-recalc-dims=\"1\" loading=\"lazy\" decoding=\"async\" class=\"size-full wp-image-85341\" src=\"https:\/\/i0.wp.com\/www.eltrabajo.cl\/2017\/wp-content\/uploads\/2018\/03\/portada-CONSTANZA-LIZANA.jpg?resize=580%2C684\" alt=\"Constanza Lizana Vergara tiene 22 a\u00f1os de edad y su familia la busca desesperadamente desde noviembre de 2017.\" width=\"580\" height=\"684\" srcset=\"https:\/\/i0.wp.com\/eltrabajo.cl\/portal\/wp-content\/uploads\/2018\/03\/portada-CONSTANZA-LIZANA.jpg?w=580&amp;ssl=1 580w, https:\/\/i0.wp.com\/eltrabajo.cl\/portal\/wp-content\/uploads\/2018\/03\/portada-CONSTANZA-LIZANA.jpg?resize=127%2C150&amp;ssl=1 127w, https:\/\/i0.wp.com\/eltrabajo.cl\/portal\/wp-content\/uploads\/2018\/03\/portada-CONSTANZA-LIZANA.jpg?resize=254%2C300&amp;ssl=1 254w, https:\/\/i0.wp.com\/eltrabajo.cl\/portal\/wp-content\/uploads\/2018\/03\/portada-CONSTANZA-LIZANA.jpg?resize=400%2C472&amp;ssl=1 400w\" sizes=\"auto, (max-width: 580px) 100vw, 580px\" \/><figcaption id=\"caption-attachment-85341\" class=\"wp-caption-text\">Constanza Lizana Vergara tiene 22 a\u00f1os de edad y su familia la busca desesperadamente desde noviembre de 2017.<\/figcaption><\/figure>\n","protected":false},"excerpt":{"rendered":"<p>Afiche con su rostro se ha replicado en distintos puntos de la regi\u00f3n:\u00a0En entrevista con la madre de la joven desaparecida, explica los motivos que habr\u00edan determinado su decisi\u00f3n, sin embargo transcurrido&#8230;<\/p>\n","protected":false},"author":1,"featured_media":85340,"comment_status":"open","ping_status":"open","sticky":false,"template":"","format":"standard","meta":{"advanced_seo_description":"","jetpack_seo_html_title":"","jetpack_seo_noindex":false,"_jetpack_memberships_contains_paid_content":false,"footnotes":""},"categories":[15],"tags":[],"class_list":["post-85339","post","type-post","status-publish","format-standard","has-post-thumbnail","hentry","category-comunidad"],"jetpack_featured_media_url":"https:\/\/i0.wp.com\/eltrabajo.cl\/portal\/wp-content\/uploads\/2018\/03\/CONSTANZA-LIZANA.jpg?fit=580%2C411&ssl=1","jetpack_sharing_enabled":true,"jetpack_likes_enabled":true,"jetpack-related-posts":[],"_links":{"self":[{"href":"https:\/\/eltrabajo.cl\/portal\/wp-json\/wp\/v2\/posts\/85339","targetHints":{"allow":["GET"]}}],"collection":[{"href":"https:\/\/eltrabajo.cl\/portal\/wp-json\/wp\/v2\/posts"}],"about":[{"href":"https:\/\/eltrabajo.cl\/portal\/wp-json\/wp\/v2\/types\/post"}],"author":[{"embeddable":true,"href":"https:\/\/eltrabajo.cl\/portal\/wp-json\/wp\/v2\/users\/1"}],"replies":[{"embeddable":true,"href":"https:\/\/eltrabajo.cl\/portal\/wp-json\/wp\/v2\/comments?post=85339"}],"version-history":[{"count":0,"href":"https:\/\/eltrabajo.cl\/portal\/wp-json\/wp\/v2\/posts\/85339\/revisions"}],"wp:featuredmedia":[{"embeddable":true,"href":"https:\/\/eltrabajo.cl\/portal\/wp-json\/wp\/v2\/media\/85340"}],"wp:attachment":[{"href":"https:\/\/eltrabajo.cl\/portal\/wp-json\/wp\/v2\/media?parent=85339"}],"wp:term":[{"taxonomy":"category","embeddable":true,"href":"https:\/\/eltrabajo.cl\/portal\/wp-json\/wp\/v2\/categories?post=85339"},{"taxonomy":"post_tag","embeddable":true,"href":"https:\/\/eltrabajo.cl\/portal\/wp-json\/wp\/v2\/tags?post=85339"}],"curies":[{"name":"wp","href":"https:\/\/api.w.org\/{rel}","templated":true}]}}