{"id":85344,"date":"2018-03-19T05:00:21","date_gmt":"2018-03-19T09:00:21","guid":{"rendered":"http:\/\/www.eltrabajo.cl\/2017\/?p=85344"},"modified":"2018-03-19T05:00:21","modified_gmt":"2018-03-19T09:00:21","slug":"tomas-gonzalez-se-concentra-hoy-con-seleccion-chilena-de-basquetbol-u18","status":"publish","type":"post","link":"https:\/\/eltrabajo.cl\/portal\/tomas-gonzalez-se-concentra-hoy-con-seleccion-chilena-de-basquetbol-u18\/","title":{"rendered":"Tom\u00e1s Gonz\u00e1lez se concentra hoy con Selecci\u00f3n chilena de b\u00e1squetbol U18"},"content":{"rendered":"<figure id=\"attachment_85345\" aria-describedby=\"caption-attachment-85345\" style=\"width: 580px\" class=\"wp-caption alignnone\"><img data-recalc-dims=\"1\" loading=\"lazy\" decoding=\"async\" class=\"size-full wp-image-85345\" src=\"https:\/\/i0.wp.com\/www.eltrabajo.cl\/2017\/wp-content\/uploads\/2018\/03\/tomas-gonzalez.jpg?resize=580%2C356\" alt=\"Tomas Gonz\u00e1lez se integrar\u00e1 hoy al trabajo de la Selecci\u00f3n chilena de b\u00e1squetbol menor de 18 a\u00f1os.\" width=\"580\" height=\"356\" srcset=\"https:\/\/i0.wp.com\/eltrabajo.cl\/portal\/wp-content\/uploads\/2018\/03\/tomas-gonzalez.jpg?w=580&amp;ssl=1 580w, https:\/\/i0.wp.com\/eltrabajo.cl\/portal\/wp-content\/uploads\/2018\/03\/tomas-gonzalez.jpg?resize=200%2C123&amp;ssl=1 200w, https:\/\/i0.wp.com\/eltrabajo.cl\/portal\/wp-content\/uploads\/2018\/03\/tomas-gonzalez.jpg?resize=300%2C184&amp;ssl=1 300w, https:\/\/i0.wp.com\/eltrabajo.cl\/portal\/wp-content\/uploads\/2018\/03\/tomas-gonzalez.jpg?resize=244%2C150&amp;ssl=1 244w, https:\/\/i0.wp.com\/eltrabajo.cl\/portal\/wp-content\/uploads\/2018\/03\/tomas-gonzalez.jpg?resize=400%2C246&amp;ssl=1 400w\" sizes=\"auto, (max-width: 580px) 100vw, 580px\" \/><figcaption id=\"caption-attachment-85345\" class=\"wp-caption-text\">Tomas Gonz\u00e1lez se integrar\u00e1 hoy al trabajo de la Selecci\u00f3n chilena de b\u00e1squetbol menor de 18 a\u00f1os.<\/figcaption><\/figure>\n<ul>\n<li><span style=\"color: #ff0000;\"><strong>El jugador perteneciente a la filas de San Felipe B\u00e1sket se integrar\u00e1 al trabajo de la \u2018rojita\u2019 cestera justo al medio d\u00eda de hoy.<\/strong><\/span><\/li>\n<\/ul>\n<p>Entre hoy lunes y hasta el pr\u00f3ximo viernes 23 del presente mes en las instalaciones del Centro de Entrenamiento Ol\u00edmpico (CEO, en la comuna de \u00d1u\u00f1oa, se dar\u00e1 inicio a otro microciclo de entrenamientos de la preselecci\u00f3n chilena de b\u00e1squetbol U18. El combinado chileno se prepara para el Precampeonato Mundial de la categor\u00eda que en el mes de junio tendr\u00e1 lugar en Canad\u00e1.<br \/>\nDentro de la nomina que componen 15 jugadores sobresale el nombre y la presencia del joven sanfelipe\u00f1o Tomas Gonz\u00e1lez, quien en todo momento ha sido parte del exitoso proceso deportivo que encabeza el t\u00e9cnico Galo Lara. Tom\u00e1s Gonz\u00e1lez junto al resto de sus compa\u00f1eros busca un lugar en la n\u00f3mina definitiva del equipo chileno que en tierras norteamericanas intentar\u00e1 seguir haciendo historia en el deporte chileno logrando la clasificaci\u00f3n a la cita m\u00e1xima de su categor\u00eda.<\/p>\n","protected":false},"excerpt":{"rendered":"<p>El jugador perteneciente a la filas de San Felipe B\u00e1sket se integrar\u00e1 al trabajo de la \u2018rojita\u2019 cestera justo al medio d\u00eda de hoy. Entre hoy lunes y hasta el pr\u00f3ximo viernes&#8230;<\/p>\n","protected":false},"author":1,"featured_media":85345,"comment_status":"open","ping_status":"open","sticky":false,"template":"","format":"standard","meta":{"advanced_seo_description":"","jetpack_seo_html_title":"","jetpack_seo_noindex":false,"_jetpack_memberships_contains_paid_content":false,"footnotes":""},"categories":[19],"tags":[],"class_list":["post-85344","post","type-post","status-publish","format-standard","has-post-thumbnail","hentry","category-deportes"],"jetpack_featured_media_url":"https:\/\/i0.wp.com\/eltrabajo.cl\/portal\/wp-content\/uploads\/2018\/03\/tomas-gonzalez.jpg?fit=580%2C356&ssl=1","jetpack_sharing_enabled":true,"jetpack_likes_enabled":true,"jetpack-related-posts":[],"_links":{"self":[{"href":"https:\/\/eltrabajo.cl\/portal\/wp-json\/wp\/v2\/posts\/85344","targetHints":{"allow":["GET"]}}],"collection":[{"href":"https:\/\/eltrabajo.cl\/portal\/wp-json\/wp\/v2\/posts"}],"about":[{"href":"https:\/\/eltrabajo.cl\/portal\/wp-json\/wp\/v2\/types\/post"}],"author":[{"embeddable":true,"href":"https:\/\/eltrabajo.cl\/portal\/wp-json\/wp\/v2\/users\/1"}],"replies":[{"embeddable":true,"href":"https:\/\/eltrabajo.cl\/portal\/wp-json\/wp\/v2\/comments?post=85344"}],"version-history":[{"count":0,"href":"https:\/\/eltrabajo.cl\/portal\/wp-json\/wp\/v2\/posts\/85344\/revisions"}],"wp:featuredmedia":[{"embeddable":true,"href":"https:\/\/eltrabajo.cl\/portal\/wp-json\/wp\/v2\/media\/85345"}],"wp:attachment":[{"href":"https:\/\/eltrabajo.cl\/portal\/wp-json\/wp\/v2\/media?parent=85344"}],"wp:term":[{"taxonomy":"category","embeddable":true,"href":"https:\/\/eltrabajo.cl\/portal\/wp-json\/wp\/v2\/categories?post=85344"},{"taxonomy":"post_tag","embeddable":true,"href":"https:\/\/eltrabajo.cl\/portal\/wp-json\/wp\/v2\/tags?post=85344"}],"curies":[{"name":"wp","href":"https:\/\/api.w.org\/{rel}","templated":true}]}}