{"id":85347,"date":"2018-03-19T05:01:50","date_gmt":"2018-03-19T09:01:50","guid":{"rendered":"http:\/\/www.eltrabajo.cl\/2017\/?p=85347"},"modified":"2018-03-19T05:01:50","modified_gmt":"2018-03-19T09:01:50","slug":"concejo-busca-frenar-el-comercio-ilegal-en-la-feria-diego-de-almagro","status":"publish","type":"post","link":"https:\/\/eltrabajo.cl\/portal\/concejo-busca-frenar-el-comercio-ilegal-en-la-feria-diego-de-almagro\/","title":{"rendered":"Concejo busca frenar el comercio ilegal en la Feria Diego de Almagro"},"content":{"rendered":"<figure id=\"attachment_85348\" aria-describedby=\"caption-attachment-85348\" style=\"width: 578px\" class=\"wp-caption alignnone\"><img data-recalc-dims=\"1\" loading=\"lazy\" decoding=\"async\" class=\"size-full wp-image-85348\" src=\"https:\/\/i0.wp.com\/www.eltrabajo.cl\/2017\/wp-content\/uploads\/2018\/03\/Concejo.jpg?resize=578%2C347\" alt=\"En la \u00faltima sesi\u00f3n del concejo municipal de San Felipe se sostuvo derechamente que el comercio ilegal en la Feria Diego de Almagro est\u00e1 desbordado.\" width=\"578\" height=\"347\" srcset=\"https:\/\/i0.wp.com\/eltrabajo.cl\/portal\/wp-content\/uploads\/2018\/03\/Concejo.jpg?w=578&amp;ssl=1 578w, https:\/\/i0.wp.com\/eltrabajo.cl\/portal\/wp-content\/uploads\/2018\/03\/Concejo.jpg?resize=200%2C120&amp;ssl=1 200w, https:\/\/i0.wp.com\/eltrabajo.cl\/portal\/wp-content\/uploads\/2018\/03\/Concejo.jpg?resize=300%2C180&amp;ssl=1 300w, https:\/\/i0.wp.com\/eltrabajo.cl\/portal\/wp-content\/uploads\/2018\/03\/Concejo.jpg?resize=250%2C150&amp;ssl=1 250w, https:\/\/i0.wp.com\/eltrabajo.cl\/portal\/wp-content\/uploads\/2018\/03\/Concejo.jpg?resize=400%2C240&amp;ssl=1 400w\" sizes=\"auto, (max-width: 578px) 100vw, 578px\" \/><figcaption id=\"caption-attachment-85348\" class=\"wp-caption-text\">En la \u00faltima sesi\u00f3n del concejo municipal de San Felipe se sostuvo derechamente que el comercio ilegal en la Feria Diego de Almagro est\u00e1 desbordado.<\/figcaption><\/figure>\n<p>En la \u00faltima sesi\u00f3n del Concejo Municipal de San Felipe se sostuvo que el comercio ilegal en la Feria Diego de Almagro est\u00e1 desbordado. Es un tema que preocupa a los ediles, la semana antes pasada lo hab\u00edan tratado, \u201cpara saber cu\u00e1les pueden ser las herramientas que pudiera tener el municipio para poder controlar este tipo de comercio ilegal que se pone en la feria Diego de Almagro, espec\u00edficamente el d\u00eda domingo. Una de ellas es que se les pida un certificado de residencia por parte de las juntas de vecinos, donde comprueben que son de San Felipe y el otro el registro social de hogares, porque hoy en d\u00eda tenemos una feria completamente desbordada, tenemos a los vecinos sumamente preocupados que se sienten invadidos, que no pueden salir de sus casas, que no pueden sacar sus veh\u00edculos el d\u00eda domingo\u201d, sostuvo la concejala Patricia Boffa.<br \/>\nReiter\u00f3 que es un tema preocupante, para ello se est\u00e1n realizando mayor fiscalizaci\u00f3n, sostener una reuni\u00f3n de trabajo con Carabineros, la PDI, con los inspectores municipales y no hacerlo un domingo aleatorio, sino que sea siempre que haya una constante, un trabajo permanente para que se termine con este problema, para que se pueda tener un orden de la cantidad de comerciantes que hay hoy en d\u00eda, porque a esa feria concurre mucha gente todos los domingos.<br \/>\n\u00abEntonces nosotros qu\u00e9 tenemos que hacer como concejales, como Concejo Municipal, es entregar la seguridad a la gente, que tambi\u00e9n la gente que est\u00e1 ah\u00ed pague sus permisos primero y obviamente est\u00e9 todo controlado, porque hoy d\u00eda est\u00e1 todo desbordado, esa es la palabra que hemos utilizado hoy y esa, es la preocupaci\u00f3n por parte de los vecinos que son mayoritariamente adultos mayores\u00bb, finaliz\u00f3.<\/p>\n","protected":false},"excerpt":{"rendered":"<p>En la \u00faltima sesi\u00f3n del Concejo Municipal de San Felipe se sostuvo que el comercio ilegal en la Feria Diego de Almagro est\u00e1 desbordado. Es un tema que preocupa a los ediles,&#8230;<\/p>\n","protected":false},"author":1,"featured_media":85348,"comment_status":"open","ping_status":"open","sticky":false,"template":"","format":"standard","meta":{"advanced_seo_description":"","jetpack_seo_html_title":"","jetpack_seo_noindex":false,"_jetpack_memberships_contains_paid_content":false,"footnotes":""},"categories":[1],"tags":[],"class_list":["post-85347","post","type-post","status-publish","format-standard","has-post-thumbnail","hentry","category-cronica"],"jetpack_featured_media_url":"https:\/\/i0.wp.com\/eltrabajo.cl\/portal\/wp-content\/uploads\/2018\/03\/Concejo.jpg?fit=578%2C347&ssl=1","jetpack_sharing_enabled":true,"jetpack_likes_enabled":true,"jetpack-related-posts":[],"_links":{"self":[{"href":"https:\/\/eltrabajo.cl\/portal\/wp-json\/wp\/v2\/posts\/85347","targetHints":{"allow":["GET"]}}],"collection":[{"href":"https:\/\/eltrabajo.cl\/portal\/wp-json\/wp\/v2\/posts"}],"about":[{"href":"https:\/\/eltrabajo.cl\/portal\/wp-json\/wp\/v2\/types\/post"}],"author":[{"embeddable":true,"href":"https:\/\/eltrabajo.cl\/portal\/wp-json\/wp\/v2\/users\/1"}],"replies":[{"embeddable":true,"href":"https:\/\/eltrabajo.cl\/portal\/wp-json\/wp\/v2\/comments?post=85347"}],"version-history":[{"count":0,"href":"https:\/\/eltrabajo.cl\/portal\/wp-json\/wp\/v2\/posts\/85347\/revisions"}],"wp:featuredmedia":[{"embeddable":true,"href":"https:\/\/eltrabajo.cl\/portal\/wp-json\/wp\/v2\/media\/85348"}],"wp:attachment":[{"href":"https:\/\/eltrabajo.cl\/portal\/wp-json\/wp\/v2\/media?parent=85347"}],"wp:term":[{"taxonomy":"category","embeddable":true,"href":"https:\/\/eltrabajo.cl\/portal\/wp-json\/wp\/v2\/categories?post=85347"},{"taxonomy":"post_tag","embeddable":true,"href":"https:\/\/eltrabajo.cl\/portal\/wp-json\/wp\/v2\/tags?post=85347"}],"curies":[{"name":"wp","href":"https:\/\/api.w.org\/{rel}","templated":true}]}}