{"id":85350,"date":"2018-03-19T05:02:01","date_gmt":"2018-03-19T09:02:01","guid":{"rendered":"http:\/\/www.eltrabajo.cl\/2017\/?p=85350"},"modified":"2018-03-19T05:02:01","modified_gmt":"2018-03-19T09:02:01","slug":"doce-familias-de-tres-esquinas-claman-por-una-apropiada-red-de-agua","status":"publish","type":"post","link":"https:\/\/eltrabajo.cl\/portal\/doce-familias-de-tres-esquinas-claman-por-una-apropiada-red-de-agua\/","title":{"rendered":"Doce familias de Tres Esquinas claman por una apropiada red de agua"},"content":{"rendered":"<figure id=\"attachment_85354\" aria-describedby=\"caption-attachment-85354\" style=\"width: 579px\" class=\"wp-caption alignnone\"><img data-recalc-dims=\"1\" loading=\"lazy\" decoding=\"async\" class=\"size-full wp-image-85354\" src=\"https:\/\/i0.wp.com\/www.eltrabajo.cl\/2017\/wp-content\/uploads\/2018\/03\/Agua1.jpg?resize=579%2C363\" alt=\"VECINOS SE ORGANIZAN.- Ellos son parte de los vecinos de Tres Esquinas afectados por la falta de una red h\u00eddrica que les permita vivir dignamente, este s\u00e1bado solicitaron nuevamente que las autoridades aceleren sus esfuerzos para as\u00ed contar con agua y tuber\u00edas.\" width=\"579\" height=\"363\" srcset=\"https:\/\/i0.wp.com\/eltrabajo.cl\/portal\/wp-content\/uploads\/2018\/03\/Agua1.jpg?w=579&amp;ssl=1 579w, https:\/\/i0.wp.com\/eltrabajo.cl\/portal\/wp-content\/uploads\/2018\/03\/Agua1.jpg?resize=200%2C125&amp;ssl=1 200w, https:\/\/i0.wp.com\/eltrabajo.cl\/portal\/wp-content\/uploads\/2018\/03\/Agua1.jpg?resize=300%2C188&amp;ssl=1 300w, https:\/\/i0.wp.com\/eltrabajo.cl\/portal\/wp-content\/uploads\/2018\/03\/Agua1.jpg?resize=239%2C150&amp;ssl=1 239w, https:\/\/i0.wp.com\/eltrabajo.cl\/portal\/wp-content\/uploads\/2018\/03\/Agua1.jpg?resize=400%2C251&amp;ssl=1 400w\" sizes=\"auto, (max-width: 579px) 100vw, 579px\" \/><figcaption id=\"caption-attachment-85354\" class=\"wp-caption-text\">VECINOS SE ORGANIZAN.- Ellos son parte de los vecinos de Tres Esquinas afectados por la falta de una red h\u00eddrica que les permita vivir dignamente, este s\u00e1bado solicitaron nuevamente que las autoridades aceleren sus esfuerzos para as\u00ed contar con agua y tuber\u00edas.<\/figcaption><\/figure>\n<ul>\n<li><strong><span style=\"color: #ff0000;\">No descartan tomarse la carretera en un mes:\u00a0<\/span>Municipio asegura que ya est\u00e1 elaborando proyecto para postular a una etapa de Dise\u00f1o para crear red h\u00eddrica en el sector.<\/strong><\/li>\n<\/ul>\n<p>Una reuni\u00f3n con miras a levantar su voz por lo que a su parecer es una desigualdad en materia del derecho al agua potable, es la que desarrollaron varios vecinos que conforman unas doce familias de la junta vecinal de Tres Esquinas, la tarde de este s\u00e1bado. Varios son los malestares que aquejan a estas personas, hoy en Diario El Trabajo compartimos con nuestros lectores el principal: El Agua.<\/p>\n<p><span style=\"color: #ff0000;\"><strong>NECESITAN AGUA<\/strong><\/span><br \/>\nNuestro medio habl\u00f3 con Katherine Villanueva, presidenta de la junta vecinal Tres Esquinas, quien amablemente explic\u00f3 la situaci\u00f3n que los tiene, seg\u00fan ellos, en desigualdad en comparaci\u00f3n a las dem\u00e1s familias de nuestra comuna.<br \/>\n<strong>&#8211; \u00bfCu\u00e1l es la situaci\u00f3n que estas doce familias quieren exponer p\u00fablicamente?<\/strong><br \/>\n&#8211; Estas doce familias no cuentan con agua potable como el resto de los sanfelipe\u00f1os, el agua potable que estos vecinos consumen les llega en un cami\u00f3n aljibe que les env\u00eda la municipalidad de San Felipe los martes y viernes, el problema con este cami\u00f3n es que no llega todos los martes ni todos los viernes como deber\u00eda venir, adem\u00e1s, para agravar la situaci\u00f3n, antes a estos vecinos les daban 5.000 litros de agua pero ahora s\u00f3lo reciben 1.000 litros, hay que ver que entre estos vecinos hay adultos mayores y ni\u00f1os, hay familias que deben hacer su rutina diaria como cualquier otra familia (\u2026) ellos est\u00e1n muy limitados, pues si estos vecinos desean tomar agua varias veces al d\u00eda, tienen que limitarse para lavar su ropa o cocinar, entonces cuando el cami\u00f3n no viene a dejar agua, estas familias no tienen qu\u00e9 tomar, tienen que ir a pedir agua a las casas vecinas y, el que puede, comprar agua embotellada, siendo que el agua es un servicio b\u00e1sico y un derecho humano.<br \/>\n<strong>&#8211; Hace algunos a\u00f1os al menos unas 18 familias del sector recibieron el servicio de agua potable, \u00bfqu\u00e9 pas\u00f3 con estas doce restantes?<\/strong><br \/>\n&#8211; Hubo un compromiso hace alg\u00fan tiempo de parte del alcalde Patricio Freire de que estas familias que quedaron sin recibir agua potable estar\u00edan ya con agua al transcurrir un a\u00f1o, o sea, que estar\u00edan conectados a las redes que ya existen en el sector (\u2026) en noviembre del a\u00f1o pasado en una reuni\u00f3n el alcalde se comprometi\u00f3 a enviar personal a tomar medidas de la distancia entre la matriz de agua potable hacia las diferentes casas, vinieron a medir, no s\u00e9 si a todos los sectores, porque yo mand\u00e9 un correo para que el Municipio me respondieran si efectivamente hab\u00edan hecho o no la medici\u00f3n pero no he tenido respuesta hasta el d\u00eda de hoy, tambi\u00e9n don Ernesto, el secretario de la junta vecinal, fue a Secpla para saber del asunto, pero tampoco tuvo respuesta, ya que el funcionario no estaba en ese momento para atenderlo.<br \/>\n<strong>&#8211; \u00bfCu\u00e1les son las alternativas que ustedes buscan tomar?<\/strong><br \/>\n&#8211; Ac\u00e1 hay dos alternativas, primero haremos una campa\u00f1a de concientizaci\u00f3n para los vecinos del entorno de Tres Esquinas sepan de la realidad de las personas que viven ac\u00e1 sin agua potable, y segundo, como ya hemos conversado con otras juntas de vecinos para juntarnos con otras personas, las que sienten que esta realidad no debiera ocurrir, y si todos nos juntamos podemos aprovechar este lugar estrat\u00e9gico de estas diferentes carreteras, y si en un mes m\u00e1s no nos dan una soluci\u00f3n real entonces nos estar\u00edamos tomando la calle, y si la realidad de estos vecinos no es conocida a\u00fan, cuando hagamos esa protesta entonces s\u00ed van a conocer esta realidad.<\/p>\n<p><span style=\"color: #ff0000;\"><strong>ALCALDE RESPONDE<\/strong><\/span><br \/>\nSobre esta situaci\u00f3n y tras nuestra consulta, el alcalde Patricio Freire respondi\u00f3 que \u00abdesde el mes de octubre del a\u00f1o pasado la municipalidad por intermedio de la Secpla se encuentra elaborando un proyecto para postular a la etapa de Dise\u00f1o que permita dotar de agua potable a las familias que a\u00fan no cuentan con dicho suministro. Los profesionales de la Secpla realizaron las mediciones en terreno de lo que ser\u00e1 la red, en conjunto con los propios vecinos del sector, determinando la necesidad de realizar, adem\u00e1s un proyecto de tunelera que deber\u00e1 pasar por debajo de exRuta 60 CH, y contar adem\u00e1s con la aprobaci\u00f3n de Vialidad y cumplir las normas del Manual de carreteras. En cuanto al tema del cami\u00f3n aljibe que suministra agua a estas familias, existe un retraso en los circuitos de entrega porque la municipalidad cuenta s\u00f3lo con dos camiones aljibes y a veces uno de los ch\u00f3feres es utilizado para conducir el bus, para viajes de apoyo a vecinos y adultos mayores, esto se solucionar\u00e1, dado que se contratar\u00e1 otro chofer ante la necesidad de cumplir con todos los requerimientos\u00bb, dijo Freire a nuestro medio.<\/p>\n<p><span style=\"color: #ff0000;\"><strong>PREGUNTA CLAVE<\/strong><\/span><br \/>\nAhora bien, quiz\u00e1s recordar\u00e1n nuestros lectores que cuando era Patricia Boffa Casas (actual concejala) la gobernadora de la provincia de San Felipe, ella antes de terminar su gesti\u00f3n como autoridad inaugur\u00f3 un proyecto en este sentido que favoreci\u00f3 a 18 familias del mismo sector Tres Esquinas, por lo que le consultamos del porqu\u00e9 estas otras doce familias quedaron fuera de ese proyecto, ya que tambi\u00e9n viven en el sector y tambi\u00e9n llevan a\u00f1os sufriendo el problema, a lo que la Exgobernadora Bofa respondi\u00f3 que \u00abesta situaci\u00f3n se comenz\u00f3 a trabajar cuando yo estuve en Gobernaci\u00f3n, logramos con Vialidad y con Esval trabajar en conjunto para poder realizar este proyecto, el que fue realizado en su minuto por Vialidad en abril de 2014, para poder ver lo que era el tema del paralelismo y los atraviesos que hab\u00eda que hacer en ese entonces en la Ruta 60 CH, 18 familias quedaron conectadas al agua potable con las cajas de registro en sus antejardines, mientras que estas doce familias quedaron sin este beneficio, esto producto de que se pens\u00f3 en poder realizar un proyecto inmediatamente terminado \u00e9ste, a trav\u00e9s de un PMU que es un Programa de Mejoramiento Urbano para poder conectarles agua a estas doce familias, cuando se inaugur\u00f3 en abril de 2014 el alcalde Patricio Freire se comprometi\u00f3 inmediatamente en lo que ser\u00eda la segunda etapa del proyecto, cosa que no ha sido as\u00ed, cuando yo asum\u00ed la concejal\u00eda hice la consulta sobre este si hay financiamiento para hacerlo, me dicen que no, yo me sorprendo que ahora digan que se est\u00e1 trabajando en un proyecto, me alegra much\u00edsimo, porque obviamente esto dignifica a las familias, las que pronto estar\u00edan conectadas al agua potable\u00bb, dijo Boffa a Diario El Trabajo.<br \/>\nSeg\u00fan la concejala, en aquel momento fue un tema de distancias de las casas de estas doce familias lo que afect\u00f3 y les impidi\u00f3 ser favorecidas con el proyecto, pues manejaron la idea de dar continuidad al problema en una segunda etapa, la cual a\u00fan no se ejecuta.<br \/>\n<strong>Roberto Gonz\u00e1lez Short<\/strong><\/p>\n<figure id=\"attachment_85351\" aria-describedby=\"caption-attachment-85351\" style=\"width: 579px\" class=\"wp-caption alignnone\"><img data-recalc-dims=\"1\" loading=\"lazy\" decoding=\"async\" class=\"size-full wp-image-85351\" src=\"https:\/\/i0.wp.com\/www.eltrabajo.cl\/2017\/wp-content\/uploads\/2018\/03\/Agua_Julia-Cadiz.jpg?resize=579%2C734\" alt=\"UN CHORRITO.- Do\u00f1a Julia C\u00e1diz muestra a Diario El Trabajo parte del sistema de almacenamiento del agua.\" width=\"579\" height=\"734\" srcset=\"https:\/\/i0.wp.com\/eltrabajo.cl\/portal\/wp-content\/uploads\/2018\/03\/Agua_Julia-Cadiz.jpg?w=579&amp;ssl=1 579w, https:\/\/i0.wp.com\/eltrabajo.cl\/portal\/wp-content\/uploads\/2018\/03\/Agua_Julia-Cadiz.jpg?resize=118%2C150&amp;ssl=1 118w, https:\/\/i0.wp.com\/eltrabajo.cl\/portal\/wp-content\/uploads\/2018\/03\/Agua_Julia-Cadiz.jpg?resize=237%2C300&amp;ssl=1 237w, https:\/\/i0.wp.com\/eltrabajo.cl\/portal\/wp-content\/uploads\/2018\/03\/Agua_Julia-Cadiz.jpg?resize=400%2C507&amp;ssl=1 400w\" sizes=\"auto, (max-width: 579px) 100vw, 579px\" \/><figcaption id=\"caption-attachment-85351\" class=\"wp-caption-text\">UN CHORRITO.- Do\u00f1a Julia C\u00e1diz muestra a Diario El Trabajo parte del sistema de almacenamiento del agua.<\/figcaption><\/figure>\n<figure id=\"attachment_85353\" aria-describedby=\"caption-attachment-85353\" style=\"width: 580px\" class=\"wp-caption alignnone\"><img data-recalc-dims=\"1\" loading=\"lazy\" decoding=\"async\" class=\"size-full wp-image-85353\" src=\"https:\/\/i0.wp.com\/www.eltrabajo.cl\/2017\/wp-content\/uploads\/2018\/03\/Agua_Patricio-Freire.jpg?resize=580%2C560\" alt=\"El alcalde Patricio Freire inform\u00f3 que pronto este problema estar\u00eda solucionado.\" width=\"580\" height=\"560\" srcset=\"https:\/\/i0.wp.com\/eltrabajo.cl\/portal\/wp-content\/uploads\/2018\/03\/Agua_Patricio-Freire.jpg?w=580&amp;ssl=1 580w, https:\/\/i0.wp.com\/eltrabajo.cl\/portal\/wp-content\/uploads\/2018\/03\/Agua_Patricio-Freire.jpg?resize=155%2C150&amp;ssl=1 155w, https:\/\/i0.wp.com\/eltrabajo.cl\/portal\/wp-content\/uploads\/2018\/03\/Agua_Patricio-Freire.jpg?resize=300%2C290&amp;ssl=1 300w, https:\/\/i0.wp.com\/eltrabajo.cl\/portal\/wp-content\/uploads\/2018\/03\/Agua_Patricio-Freire.jpg?resize=400%2C386&amp;ssl=1 400w\" sizes=\"auto, (max-width: 580px) 100vw, 580px\" \/><figcaption id=\"caption-attachment-85353\" class=\"wp-caption-text\">El alcalde Patricio Freire inform\u00f3 que pronto este problema estar\u00eda solucionado.<\/figcaption><\/figure>\n<figure id=\"attachment_85352\" aria-describedby=\"caption-attachment-85352\" style=\"width: 579px\" class=\"wp-caption alignnone\"><img data-recalc-dims=\"1\" loading=\"lazy\" decoding=\"async\" class=\"size-full wp-image-85352\" src=\"https:\/\/i0.wp.com\/www.eltrabajo.cl\/2017\/wp-content\/uploads\/2018\/03\/Agua_Katherine-Villanueva.jpg?resize=579%2C591\" alt=\"Katherine Villanueva, presidente de la junta vecinal Tres Esquinas.\" width=\"579\" height=\"591\" srcset=\"https:\/\/i0.wp.com\/eltrabajo.cl\/portal\/wp-content\/uploads\/2018\/03\/Agua_Katherine-Villanueva.jpg?w=579&amp;ssl=1 579w, https:\/\/i0.wp.com\/eltrabajo.cl\/portal\/wp-content\/uploads\/2018\/03\/Agua_Katherine-Villanueva.jpg?resize=147%2C150&amp;ssl=1 147w, https:\/\/i0.wp.com\/eltrabajo.cl\/portal\/wp-content\/uploads\/2018\/03\/Agua_Katherine-Villanueva.jpg?resize=294%2C300&amp;ssl=1 294w, https:\/\/i0.wp.com\/eltrabajo.cl\/portal\/wp-content\/uploads\/2018\/03\/Agua_Katherine-Villanueva.jpg?resize=400%2C408&amp;ssl=1 400w\" sizes=\"auto, (max-width: 579px) 100vw, 579px\" \/><figcaption id=\"caption-attachment-85352\" class=\"wp-caption-text\">Katherine Villanueva, presidente de la junta vecinal Tres Esquinas.<\/figcaption><\/figure>\n","protected":false},"excerpt":{"rendered":"<p>No descartan tomarse la carretera en un mes:\u00a0Municipio asegura que ya est\u00e1 elaborando proyecto para postular a una etapa de Dise\u00f1o para crear red h\u00eddrica en el sector. Una reuni\u00f3n con miras&#8230;<\/p>\n","protected":false},"author":1,"featured_media":85354,"comment_status":"open","ping_status":"open","sticky":false,"template":"","format":"standard","meta":{"advanced_seo_description":"","jetpack_seo_html_title":"","jetpack_seo_noindex":false,"_jetpack_memberships_contains_paid_content":false,"footnotes":""},"categories":[15,37],"tags":[],"class_list":["post-85350","post","type-post","status-publish","format-standard","has-post-thumbnail","hentry","category-comunidad","category-sin-categoria"],"jetpack_featured_media_url":"https:\/\/i0.wp.com\/eltrabajo.cl\/portal\/wp-content\/uploads\/2018\/03\/Agua1.jpg?fit=579%2C363&ssl=1","jetpack_sharing_enabled":true,"jetpack_likes_enabled":true,"jetpack-related-posts":[],"_links":{"self":[{"href":"https:\/\/eltrabajo.cl\/portal\/wp-json\/wp\/v2\/posts\/85350","targetHints":{"allow":["GET"]}}],"collection":[{"href":"https:\/\/eltrabajo.cl\/portal\/wp-json\/wp\/v2\/posts"}],"about":[{"href":"https:\/\/eltrabajo.cl\/portal\/wp-json\/wp\/v2\/types\/post"}],"author":[{"embeddable":true,"href":"https:\/\/eltrabajo.cl\/portal\/wp-json\/wp\/v2\/users\/1"}],"replies":[{"embeddable":true,"href":"https:\/\/eltrabajo.cl\/portal\/wp-json\/wp\/v2\/comments?post=85350"}],"version-history":[{"count":0,"href":"https:\/\/eltrabajo.cl\/portal\/wp-json\/wp\/v2\/posts\/85350\/revisions"}],"wp:featuredmedia":[{"embeddable":true,"href":"https:\/\/eltrabajo.cl\/portal\/wp-json\/wp\/v2\/media\/85354"}],"wp:attachment":[{"href":"https:\/\/eltrabajo.cl\/portal\/wp-json\/wp\/v2\/media?parent=85350"}],"wp:term":[{"taxonomy":"category","embeddable":true,"href":"https:\/\/eltrabajo.cl\/portal\/wp-json\/wp\/v2\/categories?post=85350"},{"taxonomy":"post_tag","embeddable":true,"href":"https:\/\/eltrabajo.cl\/portal\/wp-json\/wp\/v2\/tags?post=85350"}],"curies":[{"name":"wp","href":"https:\/\/api.w.org\/{rel}","templated":true}]}}