{"id":85359,"date":"2018-03-20T05:00:55","date_gmt":"2018-03-20T09:00:55","guid":{"rendered":"http:\/\/www.eltrabajo.cl\/2017\/?p=85359"},"modified":"2018-03-20T05:00:55","modified_gmt":"2018-03-20T09:00:55","slug":"listo-el-proyecto-de-restauracion-del-convento-de-san-francisco-de-curimon-solo-falta-conseguir-el-dinero","status":"publish","type":"post","link":"https:\/\/eltrabajo.cl\/portal\/listo-el-proyecto-de-restauracion-del-convento-de-san-francisco-de-curimon-solo-falta-conseguir-el-dinero\/","title":{"rendered":"Listo el proyecto de restauraci\u00f3n del Convento de San Francisco de Curim\u00f3n, s\u00f3lo falta conseguir el dinero"},"content":{"rendered":"<figure id=\"attachment_85361\" aria-describedby=\"caption-attachment-85361\" style=\"width: 579px\" class=\"wp-caption alignnone\"><img data-recalc-dims=\"1\" loading=\"lazy\" decoding=\"async\" class=\"size-full wp-image-85361\" src=\"https:\/\/i0.wp.com\/www.eltrabajo.cl\/2017\/wp-content\/uploads\/2018\/03\/Templo.jpg?resize=579%2C466\" alt=\"El convento de San Francisco necesita siete mil millones de pesos para ser restaurado.\" width=\"579\" height=\"466\" srcset=\"https:\/\/i0.wp.com\/eltrabajo.cl\/portal\/wp-content\/uploads\/2018\/03\/Templo.jpg?w=579&amp;ssl=1 579w, https:\/\/i0.wp.com\/eltrabajo.cl\/portal\/wp-content\/uploads\/2018\/03\/Templo.jpg?resize=186%2C150&amp;ssl=1 186w, https:\/\/i0.wp.com\/eltrabajo.cl\/portal\/wp-content\/uploads\/2018\/03\/Templo.jpg?resize=300%2C241&amp;ssl=1 300w, https:\/\/i0.wp.com\/eltrabajo.cl\/portal\/wp-content\/uploads\/2018\/03\/Templo.jpg?resize=400%2C322&amp;ssl=1 400w\" sizes=\"auto, (max-width: 579px) 100vw, 579px\" \/><figcaption id=\"caption-attachment-85361\" class=\"wp-caption-text\">El convento de San Francisco necesita siete mil millones de pesos para ser restaurado.<\/figcaption><\/figure>\n<ul>\n<li><span style=\"color: #ff0000;\"><strong>Junta de Adelanto de Curim\u00f3n:<\/strong><\/span><\/li>\n<\/ul>\n<p>Esperanzados en poder conseguir los recursos lo antes posible para restaurar el templo del Convento San Francisco de Curim\u00f3n, se encuentran los dirigentes de la Junta de Adelanto de esa localidad, quienes a pesar de que la cifra es bastante alta, esperan de una vez por todas poder asumir dicha iniciativa, cuyo proyecto est\u00e1 totalmente listo.<br \/>\nEl presidente de la junta de adelanto, Ricardo Figueroa Prado, dijo que la suma es demasiado elevada, por lo cual los Cores han dicho que es imposible hacerlo de una sola etapa, debido a que quedar\u00edan muchos otros proyectos sin financiar por favorecer \u00e9ste.<br \/>\nDijo que la restauraci\u00f3n completa sale aproximadamente siete mil millones de pesos: \u201cA nosotros lo que nos interesa, que es lo m\u00e1s significativo para Curim\u00f3n, es el templo que tiene un costo de aproximadamente dos mil millones de pesos. Hab\u00edamos conversado con los Cores anteriores y justamente algunos se perdieron, vamos a tener que comenzar a hablar con las nuevas autoridades para poder ver qu\u00e9 es lo que se hace, empezar casi de cero, as\u00ed es que estamos en eso, tenemos la muy buena disposici\u00f3n de los Cores como Rolando Stevenson e Iv\u00e1n Reyes, ellos est\u00e1n dispuesto a cooperar, de Los Andes la se\u00f1ora Edith Quiroz tambi\u00e9n est\u00e1 en acuerdo de cooperarnos y bueno tenemos que hacer lobby con todos los dem\u00e1s consejeros regionales para poder sacar el proyecto adelante\u201d, indic\u00f3.<br \/>\nLos principales arreglos que se deben realizar al templo dicen relaci\u00f3n con restaurar los torreones de soporte porque se abrieron; \u201ceso hay que volverlos a su lugar es como desarmarlos y armarlos de nuevo, afianzar m\u00e1s los ladrillos para que queden como corresponde, nosotros ten\u00edamos un proyecto para restaurar el templo, pero en el ministerio dijeron que los restaur\u00e1ramos, pero no se pod\u00eda usar, es decir no iba a estar en uso para la comunidad\u201d, se\u00f1al\u00f3.<br \/>\nReconoce que les juega en contra la gran cantidad de dinero que se necesita para la restauraci\u00f3n, pero estos trabajos son as\u00ed.<br \/>\nSobres pr\u00f3ximas acciones frente a las autoridades, dijo que van a esperar que \u00e9stas asuman en plenitud para ver la posibilidad de sostener una reuni\u00f3n en el mes de abril.<br \/>\n<strong>&#8211; \u00bfQu\u00e9 le puede decir a la comunidad sobre la restauraci\u00f3n?<\/strong><br \/>\n&#8211; Que est\u00e9n tranquilos, que estamos trabajando, hemos avanzado bastante porque ya se hizo el ante proyecto, luego el proyecto, todo eso ha tenido un costo de sesenta millones de pesos; ahora falta la inversi\u00f3n final para la restauraci\u00f3n, es decir conseguir los fondos, ese es el problema que tenemos en este minuto, estamos todos empe\u00f1ados en llevar adelante el proyecto, tanto el gobernador como el alcalde, estamos todos en la misma postura.<br \/>\nActualmente el templo est\u00e1 cerrado, mientras que el museo est\u00e1 abierto al p\u00fablico porque lo restaur\u00f3 una corporaci\u00f3n privada.<br \/>\nEl museo est\u00e1 abierto de martes a domingo.<\/p>\n<figure id=\"attachment_85360\" aria-describedby=\"caption-attachment-85360\" style=\"width: 579px\" class=\"wp-caption alignnone\"><img data-recalc-dims=\"1\" loading=\"lazy\" decoding=\"async\" class=\"size-full wp-image-85360\" src=\"https:\/\/i0.wp.com\/www.eltrabajo.cl\/2017\/wp-content\/uploads\/2018\/03\/Ricardo-Figueroa-Prado.jpg?resize=579%2C614\" alt=\"Ricardo Figueroa Prado Presidente de la Junta de Adelanto de Curim\u00f3n.\" width=\"579\" height=\"614\" srcset=\"https:\/\/i0.wp.com\/eltrabajo.cl\/portal\/wp-content\/uploads\/2018\/03\/Ricardo-Figueroa-Prado.jpg?w=579&amp;ssl=1 579w, https:\/\/i0.wp.com\/eltrabajo.cl\/portal\/wp-content\/uploads\/2018\/03\/Ricardo-Figueroa-Prado.jpg?resize=141%2C150&amp;ssl=1 141w, https:\/\/i0.wp.com\/eltrabajo.cl\/portal\/wp-content\/uploads\/2018\/03\/Ricardo-Figueroa-Prado.jpg?resize=283%2C300&amp;ssl=1 283w, https:\/\/i0.wp.com\/eltrabajo.cl\/portal\/wp-content\/uploads\/2018\/03\/Ricardo-Figueroa-Prado.jpg?resize=400%2C424&amp;ssl=1 400w\" sizes=\"auto, (max-width: 579px) 100vw, 579px\" \/><figcaption id=\"caption-attachment-85360\" class=\"wp-caption-text\">Ricardo Figueroa Prado Presidente de la Junta de Adelanto de Curim\u00f3n.<\/figcaption><\/figure>\n","protected":false},"excerpt":{"rendered":"<p>Junta de Adelanto de Curim\u00f3n: Esperanzados en poder conseguir los recursos lo antes posible para restaurar el templo del Convento San Francisco de Curim\u00f3n, se encuentran los dirigentes de la Junta de&#8230;<\/p>\n","protected":false},"author":1,"featured_media":85361,"comment_status":"open","ping_status":"open","sticky":false,"template":"","format":"standard","meta":{"advanced_seo_description":"","jetpack_seo_html_title":"","jetpack_seo_noindex":false,"_jetpack_memberships_contains_paid_content":false,"footnotes":""},"categories":[15],"tags":[],"class_list":["post-85359","post","type-post","status-publish","format-standard","has-post-thumbnail","hentry","category-comunidad"],"jetpack_featured_media_url":"https:\/\/i0.wp.com\/eltrabajo.cl\/portal\/wp-content\/uploads\/2018\/03\/Templo.jpg?fit=579%2C466&ssl=1","jetpack_sharing_enabled":true,"jetpack_likes_enabled":true,"jetpack-related-posts":[],"_links":{"self":[{"href":"https:\/\/eltrabajo.cl\/portal\/wp-json\/wp\/v2\/posts\/85359","targetHints":{"allow":["GET"]}}],"collection":[{"href":"https:\/\/eltrabajo.cl\/portal\/wp-json\/wp\/v2\/posts"}],"about":[{"href":"https:\/\/eltrabajo.cl\/portal\/wp-json\/wp\/v2\/types\/post"}],"author":[{"embeddable":true,"href":"https:\/\/eltrabajo.cl\/portal\/wp-json\/wp\/v2\/users\/1"}],"replies":[{"embeddable":true,"href":"https:\/\/eltrabajo.cl\/portal\/wp-json\/wp\/v2\/comments?post=85359"}],"version-history":[{"count":0,"href":"https:\/\/eltrabajo.cl\/portal\/wp-json\/wp\/v2\/posts\/85359\/revisions"}],"wp:featuredmedia":[{"embeddable":true,"href":"https:\/\/eltrabajo.cl\/portal\/wp-json\/wp\/v2\/media\/85361"}],"wp:attachment":[{"href":"https:\/\/eltrabajo.cl\/portal\/wp-json\/wp\/v2\/media?parent=85359"}],"wp:term":[{"taxonomy":"category","embeddable":true,"href":"https:\/\/eltrabajo.cl\/portal\/wp-json\/wp\/v2\/categories?post=85359"},{"taxonomy":"post_tag","embeddable":true,"href":"https:\/\/eltrabajo.cl\/portal\/wp-json\/wp\/v2\/tags?post=85359"}],"curies":[{"name":"wp","href":"https:\/\/api.w.org\/{rel}","templated":true}]}}