{"id":85363,"date":"2018-03-20T05:01:43","date_gmt":"2018-03-20T09:01:43","guid":{"rendered":"http:\/\/www.eltrabajo.cl\/2017\/?p=85363"},"modified":"2018-03-20T05:01:43","modified_gmt":"2018-03-20T09:01:43","slug":"bernabe-espinoza-un-ejemplo-de-tenacidad-y-superacion-personal","status":"publish","type":"post","link":"https:\/\/eltrabajo.cl\/portal\/bernabe-espinoza-un-ejemplo-de-tenacidad-y-superacion-personal\/","title":{"rendered":"Bernab\u00e9 Espinoza: Un ejemplo de tenacidad y superaci\u00f3n personal"},"content":{"rendered":"<figure id=\"attachment_85365\" aria-describedby=\"caption-attachment-85365\" style=\"width: 578px\" class=\"wp-caption alignnone\"><img data-recalc-dims=\"1\" loading=\"lazy\" decoding=\"async\" class=\"size-full wp-image-85365\" src=\"https:\/\/i0.wp.com\/www.eltrabajo.cl\/2017\/wp-content\/uploads\/2018\/03\/Masoterapeuta1.jpg?resize=578%2C368\" alt=\"MASAJISTA PROFESIONAL.- Don Bernab\u00e9 Espinoza atiende en el primer piso del Cesfam de Cajales, tambi\u00e9n atiende de manera particular. Los interesados en contactarle pueden llamarle al 984620941.\" width=\"578\" height=\"368\" srcset=\"https:\/\/i0.wp.com\/eltrabajo.cl\/portal\/wp-content\/uploads\/2018\/03\/Masoterapeuta1.jpg?w=578&amp;ssl=1 578w, https:\/\/i0.wp.com\/eltrabajo.cl\/portal\/wp-content\/uploads\/2018\/03\/Masoterapeuta1.jpg?resize=200%2C127&amp;ssl=1 200w, https:\/\/i0.wp.com\/eltrabajo.cl\/portal\/wp-content\/uploads\/2018\/03\/Masoterapeuta1.jpg?resize=300%2C191&amp;ssl=1 300w, https:\/\/i0.wp.com\/eltrabajo.cl\/portal\/wp-content\/uploads\/2018\/03\/Masoterapeuta1.jpg?resize=236%2C150&amp;ssl=1 236w, https:\/\/i0.wp.com\/eltrabajo.cl\/portal\/wp-content\/uploads\/2018\/03\/Masoterapeuta1.jpg?resize=400%2C255&amp;ssl=1 400w\" sizes=\"auto, (max-width: 578px) 100vw, 578px\" \/><figcaption id=\"caption-attachment-85365\" class=\"wp-caption-text\">MASAJISTA PROFESIONAL.- Don Bernab\u00e9 Espinoza atiende en el primer piso del Cesfam de Cajales, tambi\u00e9n atiende de manera particular. Los interesados en contactarle pueden llamarle al 984620941.<\/figcaption><\/figure>\n<ul>\n<li><span style=\"color: #ff0000;\"><strong>Masoterapeuta ciego habla con Diario El Trabajo:<\/strong><\/span><\/li>\n<\/ul>\n<p>Es uno de los profesionales de la salud m\u00e1s queridos y respetados del Valle de Aconcagua; tiene 58 a\u00f1os de edad; casado, tiene una hija y un nieto, su profesi\u00f3n es Masoterapeuta, es titulado en la prestigiosa Escuela Helen Keller y adem\u00e1s es ciego. Se llama Bernab\u00e9 Espinoza Olivares y desde hace 19 a\u00f1os labora en el Cesfam San Felipe El Real, en San Felipe.<\/p>\n<p><span style=\"color: #ff0000;\"><strong>UN TRIUNFADOR<\/strong><\/span><br \/>\nDiario El Trabajo habl\u00f3 con este experto masajista, \u00e9l nos comparti\u00f3 detalles de su infancia y tambi\u00e9n de su trabajo.<br \/>\n\u00abHace 23 a\u00f1os me titul\u00e9, pas\u00e9 bastante tiempo buscando trabajo, nadie cre\u00eda en m\u00ed, pero eso no me hundi\u00f3, m\u00e1s bien tom\u00e9 m\u00e1s fuerzas para seguir intentando salir adelante, hasta que me contrataron aqu\u00ed en este Cesfam, desde entonces he laborado ac\u00e1\u00bb, asegura Bernab\u00e9.<br \/>\nEste profesional naci\u00f3 en Los Andes, pero desde chico vive en nuestra comuna. \u00abYo sufr\u00ed un accidente dom\u00e9stico cuando ten\u00eda 11 a\u00f1os de edad, esto me afect\u00f3 la vista, primero perd\u00ed mi capacidad de ver en el ojo izquierdo y luego en el derecho, no veo del todo. Ahora, siendo ya un adulto, pienso que los sue\u00f1os que ten\u00eda en mi coraz\u00f3n los he cumplido, por ejemplo poder trabajar, ganarme la vida por m\u00ed mismo; llegar a tener una esposa, Carolina es esa bella esposa, ser pap\u00e1, tengo a una inteligente hija (Hur\u00ed), y de yapa hasta un nieto y una nietecita: Eduardito E Isabella, \u00bfqu\u00e9 m\u00e1s puedo pedir?\u00bb, agreg\u00f3 Espinoza.<br \/>\n<strong>&#8211; \u00bfQu\u00e9 palabras tienes para otras personas en situaci\u00f3n de discapacidad?<\/strong><br \/>\n&#8211; Les puedo decir que tienen que buscar siempre en su interior lo mejor que tengan de s\u00ed mismos, y que lo que puedan sacar de ah\u00ed, lo pongan al servicio de los dem\u00e1s, si ven su discapacidad como una tragedia insuperable, yo les aconsejo que la tomen como una gran oportunidad para demostrarse de qu\u00e9 est\u00e1n hechos, y si realmente es insuperable, pues que pacten con esa situaci\u00f3n y saquen el mejor provecho a las oportunidades que ahora hay, pues los tiempos han cambiado y hay muchas puertas que se abren para nosotros.<br \/>\n<strong>Roberto Gonz\u00e1lez Short<\/strong><\/p>\n<figure id=\"attachment_85364\" aria-describedby=\"caption-attachment-85364\" style=\"width: 580px\" class=\"wp-caption alignnone\"><img data-recalc-dims=\"1\" loading=\"lazy\" decoding=\"async\" class=\"size-full wp-image-85364\" src=\"https:\/\/i0.wp.com\/www.eltrabajo.cl\/2017\/wp-content\/uploads\/2018\/03\/Masoterapeuta_Bernabe-Espinoza.jpg?resize=580%2C470\" alt=\"Bernab\u00e9 Espinoza Olivares, titulado en la prestigiosa Escuela Helen Keller.\" width=\"580\" height=\"470\" srcset=\"https:\/\/i0.wp.com\/eltrabajo.cl\/portal\/wp-content\/uploads\/2018\/03\/Masoterapeuta_Bernabe-Espinoza.jpg?w=580&amp;ssl=1 580w, https:\/\/i0.wp.com\/eltrabajo.cl\/portal\/wp-content\/uploads\/2018\/03\/Masoterapeuta_Bernabe-Espinoza.jpg?resize=185%2C150&amp;ssl=1 185w, https:\/\/i0.wp.com\/eltrabajo.cl\/portal\/wp-content\/uploads\/2018\/03\/Masoterapeuta_Bernabe-Espinoza.jpg?resize=300%2C243&amp;ssl=1 300w, https:\/\/i0.wp.com\/eltrabajo.cl\/portal\/wp-content\/uploads\/2018\/03\/Masoterapeuta_Bernabe-Espinoza.jpg?resize=400%2C324&amp;ssl=1 400w\" sizes=\"auto, (max-width: 580px) 100vw, 580px\" \/><figcaption id=\"caption-attachment-85364\" class=\"wp-caption-text\">Bernab\u00e9 Espinoza Olivares, titulado en la prestigiosa Escuela Helen Keller.<\/figcaption><\/figure>\n<figure id=\"attachment_85366\" aria-describedby=\"caption-attachment-85366\" style=\"width: 579px\" class=\"wp-caption alignnone\"><img data-recalc-dims=\"1\" loading=\"lazy\" decoding=\"async\" class=\"size-full wp-image-85366\" src=\"https:\/\/i0.wp.com\/www.eltrabajo.cl\/2017\/wp-content\/uploads\/2018\/03\/Masoterapeuta2.jpg?resize=579%2C386\" alt=\"EL REGAL\u00d3N DE LA CLASE.- As\u00ed luc\u00eda Bernab\u00e9 meses antes de sufrir el accidente que le arrebat\u00f3 la vista en ambos ojos.\" width=\"579\" height=\"386\" srcset=\"https:\/\/i0.wp.com\/eltrabajo.cl\/portal\/wp-content\/uploads\/2018\/03\/Masoterapeuta2.jpg?w=579&amp;ssl=1 579w, https:\/\/i0.wp.com\/eltrabajo.cl\/portal\/wp-content\/uploads\/2018\/03\/Masoterapeuta2.jpg?resize=200%2C133&amp;ssl=1 200w, https:\/\/i0.wp.com\/eltrabajo.cl\/portal\/wp-content\/uploads\/2018\/03\/Masoterapeuta2.jpg?resize=300%2C200&amp;ssl=1 300w, https:\/\/i0.wp.com\/eltrabajo.cl\/portal\/wp-content\/uploads\/2018\/03\/Masoterapeuta2.jpg?resize=225%2C150&amp;ssl=1 225w, https:\/\/i0.wp.com\/eltrabajo.cl\/portal\/wp-content\/uploads\/2018\/03\/Masoterapeuta2.jpg?resize=400%2C267&amp;ssl=1 400w\" sizes=\"auto, (max-width: 579px) 100vw, 579px\" \/><figcaption id=\"caption-attachment-85366\" class=\"wp-caption-text\">EL REGAL\u00d3N DE LA CLASE.- As\u00ed luc\u00eda Bernab\u00e9 meses antes de sufrir el accidente que le arrebat\u00f3 la vista en ambos ojos.<\/figcaption><\/figure>\n","protected":false},"excerpt":{"rendered":"<p>Masoterapeuta ciego habla con Diario El Trabajo: Es uno de los profesionales de la salud m\u00e1s queridos y respetados del Valle de Aconcagua; tiene 58 a\u00f1os de edad; casado, tiene una hija&#8230;<\/p>\n","protected":false},"author":1,"featured_media":85365,"comment_status":"open","ping_status":"open","sticky":false,"template":"","format":"standard","meta":{"advanced_seo_description":"","jetpack_seo_html_title":"","jetpack_seo_noindex":false,"_jetpack_memberships_contains_paid_content":false,"footnotes":""},"categories":[15],"tags":[],"class_list":["post-85363","post","type-post","status-publish","format-standard","has-post-thumbnail","hentry","category-comunidad"],"jetpack_featured_media_url":"https:\/\/i0.wp.com\/eltrabajo.cl\/portal\/wp-content\/uploads\/2018\/03\/Masoterapeuta1.jpg?fit=578%2C368&ssl=1","jetpack_sharing_enabled":true,"jetpack_likes_enabled":true,"jetpack-related-posts":[],"_links":{"self":[{"href":"https:\/\/eltrabajo.cl\/portal\/wp-json\/wp\/v2\/posts\/85363","targetHints":{"allow":["GET"]}}],"collection":[{"href":"https:\/\/eltrabajo.cl\/portal\/wp-json\/wp\/v2\/posts"}],"about":[{"href":"https:\/\/eltrabajo.cl\/portal\/wp-json\/wp\/v2\/types\/post"}],"author":[{"embeddable":true,"href":"https:\/\/eltrabajo.cl\/portal\/wp-json\/wp\/v2\/users\/1"}],"replies":[{"embeddable":true,"href":"https:\/\/eltrabajo.cl\/portal\/wp-json\/wp\/v2\/comments?post=85363"}],"version-history":[{"count":0,"href":"https:\/\/eltrabajo.cl\/portal\/wp-json\/wp\/v2\/posts\/85363\/revisions"}],"wp:featuredmedia":[{"embeddable":true,"href":"https:\/\/eltrabajo.cl\/portal\/wp-json\/wp\/v2\/media\/85365"}],"wp:attachment":[{"href":"https:\/\/eltrabajo.cl\/portal\/wp-json\/wp\/v2\/media?parent=85363"}],"wp:term":[{"taxonomy":"category","embeddable":true,"href":"https:\/\/eltrabajo.cl\/portal\/wp-json\/wp\/v2\/categories?post=85363"},{"taxonomy":"post_tag","embeddable":true,"href":"https:\/\/eltrabajo.cl\/portal\/wp-json\/wp\/v2\/tags?post=85363"}],"curies":[{"name":"wp","href":"https:\/\/api.w.org\/{rel}","templated":true}]}}