{"id":85368,"date":"2018-03-20T05:02:45","date_gmt":"2018-03-20T09:02:45","guid":{"rendered":"http:\/\/www.eltrabajo.cl\/2017\/?p=85368"},"modified":"2018-03-20T05:02:45","modified_gmt":"2018-03-20T09:02:45","slug":"hoy-premian-los-89-anos-de-diario-el-trabajo-en-la-ciudad-donde-nacio","status":"publish","type":"post","link":"https:\/\/eltrabajo.cl\/portal\/hoy-premian-los-89-anos-de-diario-el-trabajo-en-la-ciudad-donde-nacio\/","title":{"rendered":"Hoy premian los 89 a\u00f1os de Diario El Trabajo en la ciudad donde naci\u00f3"},"content":{"rendered":"<figure id=\"attachment_85372\" aria-describedby=\"caption-attachment-85372\" style=\"width: 579px\" class=\"wp-caption alignnone\"><img data-recalc-dims=\"1\" loading=\"lazy\" decoding=\"async\" class=\"size-full wp-image-85372\" src=\"https:\/\/i0.wp.com\/www.eltrabajo.cl\/2017\/wp-content\/uploads\/2018\/03\/Premiado1.jpg?resize=579%2C358\" alt=\"CONCEJO MUNICIPAL.- Ellos conforman el Honorable Concejo Municipal de Putaendo, quienes hoy estar\u00e1n presidiendo la gala del 187\u00ba Aniversario de su comuna.\" width=\"579\" height=\"358\" srcset=\"https:\/\/i0.wp.com\/eltrabajo.cl\/portal\/wp-content\/uploads\/2018\/03\/Premiado1.jpg?w=579&amp;ssl=1 579w, https:\/\/i0.wp.com\/eltrabajo.cl\/portal\/wp-content\/uploads\/2018\/03\/Premiado1.jpg?resize=200%2C124&amp;ssl=1 200w, https:\/\/i0.wp.com\/eltrabajo.cl\/portal\/wp-content\/uploads\/2018\/03\/Premiado1.jpg?resize=300%2C185&amp;ssl=1 300w, https:\/\/i0.wp.com\/eltrabajo.cl\/portal\/wp-content\/uploads\/2018\/03\/Premiado1.jpg?resize=243%2C150&amp;ssl=1 243w, https:\/\/i0.wp.com\/eltrabajo.cl\/portal\/wp-content\/uploads\/2018\/03\/Premiado1.jpg?resize=400%2C247&amp;ssl=1 400w\" sizes=\"auto, (max-width: 579px) 100vw, 579px\" \/><figcaption id=\"caption-attachment-85372\" class=\"wp-caption-text\">CONCEJO MUNICIPAL.- Ellos conforman el Honorable Concejo Municipal de Putaendo, quienes hoy estar\u00e1n presidiendo la gala del 187\u00ba Aniversario de su comuna.<\/figcaption><\/figure>\n<ul>\n<li><span style=\"color: #ff0000;\"><strong>Putaendinos de fiesta hoy en su 187\u00ba Aniversario:<\/strong><\/span><\/li>\n<\/ul>\n<p>Hoy martes 20 de marzo la comunidad putaendina est\u00e1 de gala, Putaendo cumple 187 a\u00f1os de existencia y con ello las campanas de su iglesia principal redoblan con alegr\u00eda para celebrar a lo grande su aniversario. Es por eso que desde las 11:00 horas en el centro de la comuna, las Fuerzas Vivas desarrollar\u00e1n un colorido desfile frente a las autoridades, p\u00fablico presente e Invitados Especiales.<\/p>\n<p><span style=\"color: #ff0000;\"><strong>NUESTRO MEDIO\u00a0ES GALARDONADO<\/strong><\/span><br \/>\nPara nuestra familia period\u00edstica tambi\u00e9n se trata de una fecha especial, ya que el Concejo Municipal de Putaendo determin\u00f3 este a\u00f1o otorgarle un reconocimiento a Diario El Trabajo en la categor\u00eda \u2018Instituci\u00f3n Destacada 2018\u2019, en virtud de los 89 a\u00f1os que tenemos de informar el acontecer de Putaendo y del resto de Aconcagua a nuestros lectores, pero de manera especial, porque Diario El Trabajo fue fundado en esa ciudad, el domingo 24 de febrero de 1929, por lo que sin duda alguna significa para los putaendinos un sentimiento de arraigo, aunque actualmente nuestras oficinas y Sala de Redacci\u00f3n principal est\u00e9n ubicadas en San Felipe.<br \/>\n\u00abPremiar a Diario El Trabajo es algo que el Concejo Municipal lo hacemos con una mirada de justicia para este medio de comunicaci\u00f3n al que yo le tengo mucho cari\u00f1o y del que tambi\u00e9n valoro mucho su trayectoria, yo llegu\u00e9 a Putaendo cuando fui gobernador y siempre se me dio un espacio para las comunicaciones en este diario, este matutino no solamente circula en San Felipe, tambi\u00e9n aqu\u00ed en Putaendo la gente lo consume con gran avidez, porque en Diario El Trabajo est\u00e1n las noticias de la regi\u00f3n y la opini\u00f3n p\u00fablica se va generando con este medio de comunicaci\u00f3n, por lo que para nosotros es un gusto poder entregar este galard\u00f3n a Diario El Trabajo en nuestra gala de aniversario\u00bb, coment\u00f3 el alcalde de Putaendo, Guillermo Reyes.<\/p>\n<p><span style=\"color: #ff0000;\"><strong>TRAS 89 A\u00d1OS<\/strong><\/span><br \/>\nNuestro medio tambi\u00e9n habl\u00f3 con la concejala que propuso el nombre de nuestro medio al Concejo, se trata de Marcela Zamora Salinas, a quien visitamos en su lugar de trabajo, en donde labora como profesora del Colegio Santa Juana de Arco.<br \/>\n\u00abNosotros como concejales tenemos la oportunidad de proponer el nombre de instituciones y personas a este tipo de galardones, not\u00e9 que a veces olvidamos a los pioneros de nuestra comuna, como lo es la Familia Juri, esta familia se asent\u00f3 en nuestra comuna en el siglo pasado y fund\u00f3 Diario El Trabajo, y aunque actualmente no contemos con un medio escrito en Putaendo, la verdad es que siempre este diario nos ha informado del acontecer putaendino y del resto del valle, es un diario que sentimos como nuestro, pues es algo muy grande para todos aqu\u00ed en Aconcagua\u00bb, indic\u00f3 Zamora.<br \/>\nTambi\u00e9n el director de Diario El Trabajo, Marco Antonio Juri, tuvo palabras de agradecimiento para quienes hoy martes estar\u00e1n galardonando la labor del presente matutino: \u00abSin duda es una gran satisfacci\u00f3n y causa de justificado orgullo que las autoridades municipales de Putaendo nos consideren como una instituci\u00f3n digna de ser destacada. Agradecemos sinceramente este gesto. Putaendo es para nosotros una comuna muy especial, es el lugar donde nacimos hace 89 a\u00f1os, es el lugar donde el fundador, El\u00edas Jur\u00ed Jacob, decidi\u00f3 instalarse al llegar desde Palestina a nuestro pa\u00eds. Es aqu\u00ed donde se escribe la historia de los primeros cinco a\u00f1os de Diario El Trabajo, as\u00ed que nos sentimos tremendamente emocionados con esta distinci\u00f3n\u00bb, dijo Juri.<\/p>\n<p><span style=\"color: #ff0000;\"><strong>OTROS GALARDONES<\/strong><\/span><br \/>\nPero no s\u00f3lo en nuestro medio hay razones para celebrar, tambi\u00e9n otros nueve galardones ser\u00e1n hoy entregados a distintas instituciones de Putaendo, las que a continuaci\u00f3n destacamos:<br \/>\nGabriel del Tr\u00e1nsito Gald\u00e1mez C\u00e1rdenas: Hijo Ilustre de Putaendo 2018; por ser uno de los fundadores del hist\u00f3rico Centro 21 de Mayo, y por su trayectoria de honrado zapatero de la comuna;<br \/>\nJennifer Paulina G\u00f3mez Morales, designada Ciudadana Destacada 2018, por su esp\u00edritu solidario, conciencia de ayudar al otro, perseverancia y desarrollo de habilidades sociales.<br \/>\nGabriel B\u00e1ez Castro, designado Ciudadano Destacado 2018, conocido dirigente vecinal con un gran esp\u00edritu de superaci\u00f3n y perseverancia en la adversidad. Fernando Sol\u00eds Lara, tambi\u00e9n designado Ciudadano Destacado 2018, por su constante labor comunicacional desinteresada al servicio de Putaendo.<br \/>\nJulio Fernando Andrade Ongaro recibir\u00e1 tambi\u00e9n su galard\u00f3n como Ciudadano Destacado 2018, conocido con el apodo de su padre: \u2018El Cacharro\u2019, un vecino con buena disposici\u00f3n, respeto y buen trato al usuario en el servicio de transporte de locomoci\u00f3n colectiva comunal e intercomunal.<br \/>\nRossana Pinto \u00c1lvarez tambi\u00e9n ser\u00e1 premiada como Ciudadana Destacada 2018, por su aporte a la cultura y a nuestro Baile Nacional.<br \/>\nBuses JM, Instituci\u00f3n Destacada 2018, por sus 60 a\u00f1os prestando servicio a la comuna de Putaendo.<br \/>\nHospital Psiqui\u00e1trico Dr. Philippe Pinel. Por sus 50 a\u00f1os de existencia al servicio de la Salud P\u00fablica.<br \/>\nColegio La Girouette, de Las Condes Santiago, Instituci\u00f3n Destacada por la realizaci\u00f3n de Operativos Gratuitos Solidarios, Atenci\u00f3n Dental y Oftalmol\u00f3gica, llevados a cabo en diversos lugares de la comuna.<br \/>\n<span style=\"color: #000000;\"><strong>Roberto Gonz\u00e1lez Short<\/strong><\/span><\/p>\n<figure id=\"attachment_85373\" aria-describedby=\"caption-attachment-85373\" style=\"width: 579px\" class=\"wp-caption alignnone\"><img data-recalc-dims=\"1\" loading=\"lazy\" decoding=\"async\" class=\"size-full wp-image-85373\" src=\"https:\/\/i0.wp.com\/www.eltrabajo.cl\/2017\/wp-content\/uploads\/2018\/03\/Premiado2.jpg?resize=579%2C813\" alt=\"IDENTIDAD ACONCAG\u00dcINA.- Estas eran las p\u00e1ginas impresas que circulaban de Diario El Trabajo all\u00e1 por el a\u00f1o 1934.\" width=\"579\" height=\"813\" srcset=\"https:\/\/i0.wp.com\/eltrabajo.cl\/portal\/wp-content\/uploads\/2018\/03\/Premiado2.jpg?w=579&amp;ssl=1 579w, https:\/\/i0.wp.com\/eltrabajo.cl\/portal\/wp-content\/uploads\/2018\/03\/Premiado2.jpg?resize=107%2C150&amp;ssl=1 107w, https:\/\/i0.wp.com\/eltrabajo.cl\/portal\/wp-content\/uploads\/2018\/03\/Premiado2.jpg?resize=214%2C300&amp;ssl=1 214w, https:\/\/i0.wp.com\/eltrabajo.cl\/portal\/wp-content\/uploads\/2018\/03\/Premiado2.jpg?resize=400%2C562&amp;ssl=1 400w\" sizes=\"auto, (max-width: 579px) 100vw, 579px\" \/><figcaption id=\"caption-attachment-85373\" class=\"wp-caption-text\">IDENTIDAD ACONCAG\u00dcINA.- Estas eran las p\u00e1ginas impresas que circulaban de Diario El Trabajo all\u00e1 por el a\u00f1o 1934.<\/figcaption><\/figure>\n<figure id=\"attachment_85371\" aria-describedby=\"caption-attachment-85371\" style=\"width: 579px\" class=\"wp-caption alignnone\"><img data-recalc-dims=\"1\" loading=\"lazy\" decoding=\"async\" class=\"size-full wp-image-85371\" src=\"https:\/\/i0.wp.com\/www.eltrabajo.cl\/2017\/wp-content\/uploads\/2018\/03\/Premiado_Marco-Juri.jpg?resize=579%2C628\" alt=\"Marco Antonio Juri, Director de Diario El Trabajo.\" width=\"579\" height=\"628\" srcset=\"https:\/\/i0.wp.com\/eltrabajo.cl\/portal\/wp-content\/uploads\/2018\/03\/Premiado_Marco-Juri.jpg?w=579&amp;ssl=1 579w, https:\/\/i0.wp.com\/eltrabajo.cl\/portal\/wp-content\/uploads\/2018\/03\/Premiado_Marco-Juri.jpg?resize=138%2C150&amp;ssl=1 138w, https:\/\/i0.wp.com\/eltrabajo.cl\/portal\/wp-content\/uploads\/2018\/03\/Premiado_Marco-Juri.jpg?resize=277%2C300&amp;ssl=1 277w, https:\/\/i0.wp.com\/eltrabajo.cl\/portal\/wp-content\/uploads\/2018\/03\/Premiado_Marco-Juri.jpg?resize=400%2C434&amp;ssl=1 400w\" sizes=\"auto, (max-width: 579px) 100vw, 579px\" \/><figcaption id=\"caption-attachment-85371\" class=\"wp-caption-text\">Marco Antonio Juri, Director de Diario El Trabajo.<\/figcaption><\/figure>\n<figure id=\"attachment_85370\" aria-describedby=\"caption-attachment-85370\" style=\"width: 580px\" class=\"wp-caption alignnone\"><img data-recalc-dims=\"1\" loading=\"lazy\" decoding=\"async\" class=\"size-full wp-image-85370\" src=\"https:\/\/i0.wp.com\/www.eltrabajo.cl\/2017\/wp-content\/uploads\/2018\/03\/Premiado_Marcela-Zamora.jpg?resize=580%2C521\" alt=\"Marcela Zamora Salinas, concejala putaendina.\" width=\"580\" height=\"521\" srcset=\"https:\/\/i0.wp.com\/eltrabajo.cl\/portal\/wp-content\/uploads\/2018\/03\/Premiado_Marcela-Zamora.jpg?w=580&amp;ssl=1 580w, https:\/\/i0.wp.com\/eltrabajo.cl\/portal\/wp-content\/uploads\/2018\/03\/Premiado_Marcela-Zamora.jpg?resize=167%2C150&amp;ssl=1 167w, https:\/\/i0.wp.com\/eltrabajo.cl\/portal\/wp-content\/uploads\/2018\/03\/Premiado_Marcela-Zamora.jpg?resize=300%2C269&amp;ssl=1 300w, https:\/\/i0.wp.com\/eltrabajo.cl\/portal\/wp-content\/uploads\/2018\/03\/Premiado_Marcela-Zamora.jpg?resize=400%2C359&amp;ssl=1 400w\" sizes=\"auto, (max-width: 580px) 100vw, 580px\" \/><figcaption id=\"caption-attachment-85370\" class=\"wp-caption-text\">Marcela Zamora Salinas, concejala putaendina.<\/figcaption><\/figure>\n<figure id=\"attachment_85369\" aria-describedby=\"caption-attachment-85369\" style=\"width: 580px\" class=\"wp-caption alignnone\"><img data-recalc-dims=\"1\" loading=\"lazy\" decoding=\"async\" class=\"size-full wp-image-85369\" src=\"https:\/\/i0.wp.com\/www.eltrabajo.cl\/2017\/wp-content\/uploads\/2018\/03\/Premiado_Guillermo-Reyes.jpg?resize=580%2C497\" alt=\"Guillermo Reyes, alcalde de Putaendo.\" width=\"580\" height=\"497\" srcset=\"https:\/\/i0.wp.com\/eltrabajo.cl\/portal\/wp-content\/uploads\/2018\/03\/Premiado_Guillermo-Reyes.jpg?w=580&amp;ssl=1 580w, https:\/\/i0.wp.com\/eltrabajo.cl\/portal\/wp-content\/uploads\/2018\/03\/Premiado_Guillermo-Reyes.jpg?resize=175%2C150&amp;ssl=1 175w, https:\/\/i0.wp.com\/eltrabajo.cl\/portal\/wp-content\/uploads\/2018\/03\/Premiado_Guillermo-Reyes.jpg?resize=300%2C257&amp;ssl=1 300w, https:\/\/i0.wp.com\/eltrabajo.cl\/portal\/wp-content\/uploads\/2018\/03\/Premiado_Guillermo-Reyes.jpg?resize=400%2C343&amp;ssl=1 400w\" sizes=\"auto, (max-width: 580px) 100vw, 580px\" \/><figcaption id=\"caption-attachment-85369\" class=\"wp-caption-text\">Guillermo Reyes, alcalde de Putaendo.<\/figcaption><\/figure>\n","protected":false},"excerpt":{"rendered":"<p>Putaendinos de fiesta hoy en su 187\u00ba Aniversario: Hoy martes 20 de marzo la comunidad putaendina est\u00e1 de gala, Putaendo cumple 187 a\u00f1os de existencia y con ello las campanas de su&#8230;<\/p>\n","protected":false},"author":1,"featured_media":85372,"comment_status":"open","ping_status":"open","sticky":false,"template":"","format":"standard","meta":{"advanced_seo_description":"","jetpack_seo_html_title":"","jetpack_seo_noindex":false,"_jetpack_memberships_contains_paid_content":false,"footnotes":""},"categories":[15],"tags":[],"class_list":["post-85368","post","type-post","status-publish","format-standard","has-post-thumbnail","hentry","category-comunidad"],"jetpack_featured_media_url":"https:\/\/i0.wp.com\/eltrabajo.cl\/portal\/wp-content\/uploads\/2018\/03\/Premiado1.jpg?fit=579%2C358&ssl=1","jetpack_sharing_enabled":true,"jetpack_likes_enabled":true,"jetpack-related-posts":[],"_links":{"self":[{"href":"https:\/\/eltrabajo.cl\/portal\/wp-json\/wp\/v2\/posts\/85368","targetHints":{"allow":["GET"]}}],"collection":[{"href":"https:\/\/eltrabajo.cl\/portal\/wp-json\/wp\/v2\/posts"}],"about":[{"href":"https:\/\/eltrabajo.cl\/portal\/wp-json\/wp\/v2\/types\/post"}],"author":[{"embeddable":true,"href":"https:\/\/eltrabajo.cl\/portal\/wp-json\/wp\/v2\/users\/1"}],"replies":[{"embeddable":true,"href":"https:\/\/eltrabajo.cl\/portal\/wp-json\/wp\/v2\/comments?post=85368"}],"version-history":[{"count":0,"href":"https:\/\/eltrabajo.cl\/portal\/wp-json\/wp\/v2\/posts\/85368\/revisions"}],"wp:featuredmedia":[{"embeddable":true,"href":"https:\/\/eltrabajo.cl\/portal\/wp-json\/wp\/v2\/media\/85372"}],"wp:attachment":[{"href":"https:\/\/eltrabajo.cl\/portal\/wp-json\/wp\/v2\/media?parent=85368"}],"wp:term":[{"taxonomy":"category","embeddable":true,"href":"https:\/\/eltrabajo.cl\/portal\/wp-json\/wp\/v2\/categories?post=85368"},{"taxonomy":"post_tag","embeddable":true,"href":"https:\/\/eltrabajo.cl\/portal\/wp-json\/wp\/v2\/tags?post=85368"}],"curies":[{"name":"wp","href":"https:\/\/api.w.org\/{rel}","templated":true}]}}