{"id":85375,"date":"2018-03-20T05:03:24","date_gmt":"2018-03-20T09:03:24","guid":{"rendered":"http:\/\/www.eltrabajo.cl\/2017\/?p=85375"},"modified":"2018-03-20T05:03:24","modified_gmt":"2018-03-20T09:03:24","slug":"trabajos-en-julio-montero-cambiaran-la-vida-a-vecinos-del-sector","status":"publish","type":"post","link":"https:\/\/eltrabajo.cl\/portal\/trabajos-en-julio-montero-cambiaran-la-vida-a-vecinos-del-sector\/","title":{"rendered":"Trabajos en Julio Montero cambiar\u00e1n la vida a vecinos del sector"},"content":{"rendered":"<figure id=\"attachment_85376\" aria-describedby=\"caption-attachment-85376\" style=\"width: 579px\" class=\"wp-caption alignnone\"><img data-recalc-dims=\"1\" loading=\"lazy\" decoding=\"async\" class=\"size-full wp-image-85376\" src=\"https:\/\/i0.wp.com\/www.eltrabajo.cl\/2017\/wp-content\/uploads\/2018\/03\/portada-trabajos-julio-montero.jpg?resize=579%2C386\" alt=\"Una visita inspectiva a la obra de mejoramiento de la calle Julio Montero realiz\u00f3 el alcalde Patricio Freire junto a vecinos de la Villa El Se\u00f1orial, obra que constituye una sentida aspiraci\u00f3n de los vecinos.\" width=\"579\" height=\"386\" srcset=\"https:\/\/i0.wp.com\/eltrabajo.cl\/portal\/wp-content\/uploads\/2018\/03\/portada-trabajos-julio-montero.jpg?w=579&amp;ssl=1 579w, https:\/\/i0.wp.com\/eltrabajo.cl\/portal\/wp-content\/uploads\/2018\/03\/portada-trabajos-julio-montero.jpg?resize=200%2C133&amp;ssl=1 200w, https:\/\/i0.wp.com\/eltrabajo.cl\/portal\/wp-content\/uploads\/2018\/03\/portada-trabajos-julio-montero.jpg?resize=300%2C200&amp;ssl=1 300w, https:\/\/i0.wp.com\/eltrabajo.cl\/portal\/wp-content\/uploads\/2018\/03\/portada-trabajos-julio-montero.jpg?resize=225%2C150&amp;ssl=1 225w, https:\/\/i0.wp.com\/eltrabajo.cl\/portal\/wp-content\/uploads\/2018\/03\/portada-trabajos-julio-montero.jpg?resize=400%2C267&amp;ssl=1 400w\" sizes=\"auto, (max-width: 579px) 100vw, 579px\" \/><figcaption id=\"caption-attachment-85376\" class=\"wp-caption-text\">Una visita inspectiva a la obra de mejoramiento de la calle Julio Montero realiz\u00f3 el alcalde Patricio Freire junto a vecinos de la Villa El Se\u00f1orial, obra que constituye una sentida aspiraci\u00f3n de los vecinos.<\/figcaption><\/figure>\n<ul>\n<li><strong><span style=\"color: #ff0000;\">Deteriorado pavimento ser\u00e1 reemplazado por asfalto de \u00f3ptima calidad:<\/span>\u00a0Alcalde Freire verific\u00f3 junto a los vecinos estas obras que iniciaron a fines de febrero y que a la fecha alcanzan un 8% de avance.<\/strong><\/li>\n<\/ul>\n<p>El anhelado mejoramiento de la calle Julio Montero ya se est\u00e1 trasformando en una realidad. As\u00ed lo constat\u00f3 el alcalde Patricio Freire junto a los vecinos de la Villa El Se\u00f1orial, quienes revisaron el avance de estas obras que iniciaron a fines de febrero y que a la fecha presentan un 8%.<br \/>\nEsta iniciativa viene a cambiar una arteria deteriorada por el paso de los a\u00f1os por una de asfalto de \u00f3ptima calidad, que se extiende desde Avenida Michimalongo hasta Tocornal, superando los 900 metros lineales de obra.<br \/>\nEste proyecto, financiado por el Fondo Nacional de Desarrollo Regional (FNDR), tuvo un costo de inversi\u00f3n que super\u00f3 los 1.141 millones de pesos e incorpor\u00f3 la renovaci\u00f3n de veredas en toda su extensi\u00f3n.<br \/>\nPara el alcalde Patricio Freire, el inicio de estas obras viene a responder a una solicitud realizada por a\u00f1os por parte de los vecinos: \u00abHoy esta conectividad vial importante de Julio Montero ya es una realidad. Estamos trabajando junto a los vecinos en varios temas, porque estas obras mejorar\u00e1n su calidad de vida. Somos una ciudad que avanza con todos y hoy lo vemos ac\u00e1, donde estamos realizando cambios importantes con este gran proyecto\u00bb, destac\u00f3 el jefe comunal.<br \/>\nPor su parte, los vecinos se mostraron contentos con estos trabajos. Apuntan a que hace casi 20 a\u00f1os que no se interven\u00eda esta calle que se encontraba en p\u00e9simas condiciones: \u00abAntiguamente esta avenida estaba completamente deteriorada, por eso hoy recibimos de buena manera este cambio, ya que muchos automovilistas reclamaban por la condici\u00f3n en que se encontraba y por fin, despu\u00e9s de 20 a\u00f1os, estamos viendo estas mejoras\u00bb, destac\u00f3 Erika \u00c1lvarez, dirigente de El Se\u00f1orial.<br \/>\nEn tanto, el concejal Mario Villanueva enfatiz\u00f3 en \u00abla reparaci\u00f3n de esta calle significa arreglar una conectividad que tiene una utilizaci\u00f3n mayoritaria de nuestros vecinos del sector oriente, por ello, seguir\u00e9 apoyando todas las obras que contribuyan al mejoramiento de la calidad de vida de los habitantes de nuestra comuna\u00bb.<br \/>\nFinalmente, Claudio Paredes, Secpla de la Municipalidad de San Felipe, aclar\u00f3 que ser\u00e1n siete meses de duraci\u00f3n de esta obra, lo que significar\u00eda que para octubre los trabajos finalizar\u00edan.<\/p>\n","protected":false},"excerpt":{"rendered":"<p>Deteriorado pavimento ser\u00e1 reemplazado por asfalto de \u00f3ptima calidad:\u00a0Alcalde Freire verific\u00f3 junto a los vecinos estas obras que iniciaron a fines de febrero y que a la fecha alcanzan un 8% de&#8230;<\/p>\n","protected":false},"author":1,"featured_media":85376,"comment_status":"open","ping_status":"open","sticky":false,"template":"","format":"standard","meta":{"advanced_seo_description":"","jetpack_seo_html_title":"","jetpack_seo_noindex":false,"_jetpack_memberships_contains_paid_content":false,"footnotes":""},"categories":[1],"tags":[],"class_list":["post-85375","post","type-post","status-publish","format-standard","has-post-thumbnail","hentry","category-cronica"],"jetpack_featured_media_url":"https:\/\/i0.wp.com\/eltrabajo.cl\/portal\/wp-content\/uploads\/2018\/03\/portada-trabajos-julio-montero.jpg?fit=579%2C386&ssl=1","jetpack_sharing_enabled":true,"jetpack_likes_enabled":true,"jetpack-related-posts":[],"_links":{"self":[{"href":"https:\/\/eltrabajo.cl\/portal\/wp-json\/wp\/v2\/posts\/85375","targetHints":{"allow":["GET"]}}],"collection":[{"href":"https:\/\/eltrabajo.cl\/portal\/wp-json\/wp\/v2\/posts"}],"about":[{"href":"https:\/\/eltrabajo.cl\/portal\/wp-json\/wp\/v2\/types\/post"}],"author":[{"embeddable":true,"href":"https:\/\/eltrabajo.cl\/portal\/wp-json\/wp\/v2\/users\/1"}],"replies":[{"embeddable":true,"href":"https:\/\/eltrabajo.cl\/portal\/wp-json\/wp\/v2\/comments?post=85375"}],"version-history":[{"count":0,"href":"https:\/\/eltrabajo.cl\/portal\/wp-json\/wp\/v2\/posts\/85375\/revisions"}],"wp:featuredmedia":[{"embeddable":true,"href":"https:\/\/eltrabajo.cl\/portal\/wp-json\/wp\/v2\/media\/85376"}],"wp:attachment":[{"href":"https:\/\/eltrabajo.cl\/portal\/wp-json\/wp\/v2\/media?parent=85375"}],"wp:term":[{"taxonomy":"category","embeddable":true,"href":"https:\/\/eltrabajo.cl\/portal\/wp-json\/wp\/v2\/categories?post=85375"},{"taxonomy":"post_tag","embeddable":true,"href":"https:\/\/eltrabajo.cl\/portal\/wp-json\/wp\/v2\/tags?post=85375"}],"curies":[{"name":"wp","href":"https:\/\/api.w.org\/{rel}","templated":true}]}}