{"id":85385,"date":"2018-03-21T05:00:23","date_gmt":"2018-03-21T09:00:23","guid":{"rendered":"http:\/\/www.eltrabajo.cl\/2017\/?p=85385"},"modified":"2018-03-21T05:00:23","modified_gmt":"2018-03-21T09:00:23","slug":"con-desfiles-y-premiacion-a-los-suyos-putaendinos-celebraron-sus-187-anos","status":"publish","type":"post","link":"https:\/\/eltrabajo.cl\/portal\/con-desfiles-y-premiacion-a-los-suyos-putaendinos-celebraron-sus-187-anos\/","title":{"rendered":"Con desfiles y premiaci\u00f3n a los suyos, putaendinos celebraron sus 187 a\u00f1os"},"content":{"rendered":"<figure id=\"attachment_85395\" aria-describedby=\"caption-attachment-85395\" style=\"width: 578px\" class=\"wp-caption alignnone\"><img data-recalc-dims=\"1\" loading=\"lazy\" decoding=\"async\" class=\"size-full wp-image-85395\" src=\"https:\/\/i0.wp.com\/www.eltrabajo.cl\/2017\/wp-content\/uploads\/2018\/03\/Galardon10.jpg?resize=578%2C386\" alt=\"FIESTA COMUNAL.- Las Fuerzas Vivas putaendinas salieron a celebrar con alegr\u00eda este nuevo aniversario  de la comuna, desde los m\u00e1s chicos hasta los mayores.\" width=\"578\" height=\"386\" srcset=\"https:\/\/i0.wp.com\/eltrabajo.cl\/portal\/wp-content\/uploads\/2018\/03\/Galardon10.jpg?w=578&amp;ssl=1 578w, https:\/\/i0.wp.com\/eltrabajo.cl\/portal\/wp-content\/uploads\/2018\/03\/Galardon10.jpg?resize=200%2C134&amp;ssl=1 200w, https:\/\/i0.wp.com\/eltrabajo.cl\/portal\/wp-content\/uploads\/2018\/03\/Galardon10.jpg?resize=300%2C200&amp;ssl=1 300w, https:\/\/i0.wp.com\/eltrabajo.cl\/portal\/wp-content\/uploads\/2018\/03\/Galardon10.jpg?resize=225%2C150&amp;ssl=1 225w, https:\/\/i0.wp.com\/eltrabajo.cl\/portal\/wp-content\/uploads\/2018\/03\/Galardon10.jpg?resize=400%2C267&amp;ssl=1 400w\" sizes=\"auto, (max-width: 578px) 100vw, 578px\" \/><figcaption id=\"caption-attachment-85395\" class=\"wp-caption-text\">FIESTA COMUNAL.- Las Fuerzas Vivas putaendinas salieron a celebrar con alegr\u00eda este nuevo aniversario de la comuna, desde los m\u00e1s chicos hasta los mayores.<\/figcaption><\/figure>\n<p><strong>PUTAENDO.-<\/strong> Hoy compartimos con nuestros lectores un reporte especial acerca de la gala de aniversario desarrollada en Putaendo, comuna aconcag\u00fcina que ayer estuvo celebrando sus 187 a\u00f1os de existencia. Varias personas e instituciones relacionadas con Putaendo fueron homenajeadas p\u00fablicamente.<\/p>\n<p><span style=\"color: #ff0000;\"><strong>LOS GALARDONADOS<\/strong><\/span><br \/>\nLas autoridades putaendinas destacaron la labor y razones de nuestro medio, justificando as\u00ed la importancia de nuestro trabajo en el Valle de Aconcagua. Des\u00edgnese \u2018Instituci\u00f3n Destacada\u2019 de la comuna de Putaendo, a Diario El Trabajo, por su importante contribuci\u00f3n a informar el acontecer noticioso de Putaendo, del Valle de Aconcagua, y por sus 89 a\u00f1os haciendo prensa escrita en nuestro valle.\u00a0La historia de Diario El Trabajo comenz\u00f3 cuando El\u00edas Juri Jacob, un amable joven palestino lleg\u00f3 a Chile para afincarse en Putaendo como un comerciante m\u00e1s. Fue aqu\u00ed en esta comuna cuando se dio cuenta que la informaci\u00f3n era fundamental para el desarrollo de la sociedad, y as\u00ed cre\u00f3 Diario El Trabajo, el domingo 24 de febrero de 1929. Se trataba de un peri\u00f3dico de cuatro hojas con breves noticias de Putaendo. De inmediato el p\u00fablico se interes\u00f3 en los contenidos. La gran aceptaci\u00f3n de la gente lo motiv\u00f3 para cambiar su lugar de labores y dirigirse hasta San Felipe, capital provincial de Aconcagua.<br \/>\nEl\u00edas Juri Jacob, director y fundador del diario, entreg\u00f3 la Direcci\u00f3n del medio en 1948 a V\u00edctor Juri Henr\u00edquez, quien traspas\u00f3 la jefatura a Miguel Ricardo Juri Juri. Posteriormente fue Miguel \u00c1ngel Juri Ceballos quien asumi\u00f3 como director en 1987. En 2005, el actual director Marco Antonio Juri comenz\u00f3 su trabajo al mando de Diario El Trabajo, hasta la fecha.<br \/>\nColegio La Girouette de Las Condes, Santiago: En la categor\u00eda de Instituci\u00f3n Destacada figur\u00f3 tambi\u00e9n el Colegio La Girouette de Las Condes, Santiago, por la realizaci\u00f3n de operativos gratuitos solidarios, atenci\u00f3n dental y oftalmol\u00f3gica, llevados a cabo en diversos lugares de la comuna. Este colegio naci\u00f3 en Las Condes como un jard\u00edn infantil en 1962, mismo que con el pasar de los a\u00f1os se transform\u00f3 en uno de los establecimientos educacionales m\u00e1s importantes del pa\u00eds.<br \/>\nJulio \u2018Cacharro\u2019 Andrade Ongaro, el popular vecino putaendino fue galardonado en la categor\u00eda \u2018Ciudadano Destacado\u2019, su apodo \u2018El Cacharro\u2019 lo hered\u00f3 de su padre. \u00c9l es una persona con buena disposici\u00f3n, respeto y buen trato al usuario en el servicio de transporte de locomoci\u00f3n colectiva comunal e intercomunal. Naci\u00f3 en Putaendo el 24 de agosto de 1942. Hijo de Julio Andrade Mansilla y de Mafalda Ongaro Allendes, es el tercero de cinco hermanos. Est\u00e1 casado con Julia Lemus Gallardo desde 1964, con quien tuvo tres hijos y cinco nietos.<br \/>\nLa empresa aconcag\u00fcina Buses JM fue premiada en la categor\u00eda \u2018Instituci\u00f3n Destacada\u2019, por sus 60 a\u00f1os prestando servicio a la comuna de Putaendo. Don Jos\u00e9 Minardi Jorquera lleg\u00f3 a Putaendo en el a\u00f1o 1958, siendo parte de esa comunidad e iniciando el emprendimiento de la creaci\u00f3n de la empresa de transporte de pasajeros que hoy conocemos como Buses JM Pullman S.A.<br \/>\nAs\u00ed tambi\u00e9n do\u00f1a Rossana Pinto \u00c1lvarez fue llamada a recibir su premio, ella fue designada Ciudadana Destacada, por su aporte a la cultura y a nuestro Baile Nacional. Oriunda de San Antonio, la se\u00f1ora Rossana Pinto lleg\u00f3 a Rinconada de Silva en 1983, con una maleta cargada de sue\u00f1os junto a su esposo Luis Casas y sus dos hijos Carolina y Juan Antonio.<br \/>\nDesde su llegada, la cueca fue parte de sus m\u00e1s grandes pasiones, logrando obtener importantes lugares en campeonatos de cueca comunales, regionales y nacionales, representando a la comuna y a la regi\u00f3n, sin dejar de olvidar que fue vicecampeona nacional de cueca en la categor\u00eda S\u00e9nior junto a quien fue desde sus inicios su pareja de baile, don Miguel Olgu\u00edn.<br \/>\nDe la misma forma don Gabriel B\u00e1ez Castro fue homenajeado en la categor\u00eda Ciudadano Destacado, por su liderazgo vecinal, \u00e9l es una persona con gran esp\u00edritu de superaci\u00f3n y perseverancia en la adversidad, naci\u00f3 el 30 de junio de 1954. Actualmente tiene 63 a\u00f1os de edad. Est\u00e1 casado y tiene tres hijos. Es un destacado dirigente social, iniciando esta labor en el a\u00f1o 1981. Permanentemente ha trabajado de apoyo y dirigencia en organizaciones sociales como la junta de vecinos de Poblaci\u00f3n Javiera Carrera y la Agrupaci\u00f3n de Discapacitados de Putaendo.<br \/>\nOtra de las vecinas que fueron homenajeadas fue do\u00f1a Jennifer Paulina G\u00f3mez Morales, putaendina designada Ciudadana Destacada, por su Esp\u00edritu Solidario, conciencia de ayudar al otro, perseverancia y desarrollo de habilidades sociales. Naci\u00f3 el 2 de julio de 1984.<br \/>\nY el m\u00e1s regaloneado de todos, don Gabriel del Tr\u00e1nsito Gald\u00e1mez C\u00e1rdenas, es ahora el nuevo Hijo Ilustre de Putaendo, status que recibe tras ser uno de los fundadores del hist\u00f3rico Centro 21 de Mayo. Naci\u00f3 el 15 de agosto de 1933 en Putaendo. A la edad de 16 a\u00f1os comenz\u00f3 a trabajar en el rubro de la zapater\u00eda artesanal, junto a su padre, labor que realiz\u00f3 durante 61 a\u00f1os.<br \/>\n<strong>Roberto Gonz\u00e1lez Short<\/strong><br \/>\n<strong>ENVIADO ESPECIAL<\/strong><\/p>\n<figure id=\"attachment_85386\" aria-describedby=\"caption-attachment-85386\" style=\"width: 579px\" class=\"wp-caption alignnone\"><img data-recalc-dims=\"1\" loading=\"lazy\" decoding=\"async\" class=\"size-full wp-image-85386\" src=\"https:\/\/i0.wp.com\/www.eltrabajo.cl\/2017\/wp-content\/uploads\/2018\/03\/Galardon1.jpg?resize=579%2C386\" alt=\"HUELLA EN EL TIEMPO.- Ang\u00e9lica y Marco Antonio Juri reciben el galard\u00f3n a los 89 a\u00f1os de Diario El Trabajo. Les acompa\u00f1a el Concejo Municipal de Putaendo.\" width=\"579\" height=\"386\" srcset=\"https:\/\/i0.wp.com\/eltrabajo.cl\/portal\/wp-content\/uploads\/2018\/03\/Galardon1.jpg?w=579&amp;ssl=1 579w, https:\/\/i0.wp.com\/eltrabajo.cl\/portal\/wp-content\/uploads\/2018\/03\/Galardon1.jpg?resize=200%2C133&amp;ssl=1 200w, https:\/\/i0.wp.com\/eltrabajo.cl\/portal\/wp-content\/uploads\/2018\/03\/Galardon1.jpg?resize=300%2C200&amp;ssl=1 300w, https:\/\/i0.wp.com\/eltrabajo.cl\/portal\/wp-content\/uploads\/2018\/03\/Galardon1.jpg?resize=225%2C150&amp;ssl=1 225w, https:\/\/i0.wp.com\/eltrabajo.cl\/portal\/wp-content\/uploads\/2018\/03\/Galardon1.jpg?resize=400%2C267&amp;ssl=1 400w\" sizes=\"auto, (max-width: 579px) 100vw, 579px\" \/><figcaption id=\"caption-attachment-85386\" class=\"wp-caption-text\">HUELLA EN EL TIEMPO.- Ang\u00e9lica y Marco Antonio Juri reciben el galard\u00f3n a los 89 a\u00f1os de Diario El Trabajo. Les acompa\u00f1a el Concejo Municipal de Putaendo.<\/figcaption><\/figure>\n<figure id=\"attachment_85387\" aria-describedby=\"caption-attachment-85387\" style=\"width: 580px\" class=\"wp-caption alignnone\"><img data-recalc-dims=\"1\" loading=\"lazy\" decoding=\"async\" class=\"size-full wp-image-85387\" src=\"https:\/\/i0.wp.com\/www.eltrabajo.cl\/2017\/wp-content\/uploads\/2018\/03\/Galardon2.jpg?resize=580%2C499\" alt=\"COSECHANDO.- F\u00e9lix Albagly Giroux, director del colegio, recibi\u00f3 el galard\u00f3n asignado por el Municipio.\" width=\"580\" height=\"499\" srcset=\"https:\/\/i0.wp.com\/eltrabajo.cl\/portal\/wp-content\/uploads\/2018\/03\/Galardon2.jpg?w=580&amp;ssl=1 580w, https:\/\/i0.wp.com\/eltrabajo.cl\/portal\/wp-content\/uploads\/2018\/03\/Galardon2.jpg?resize=174%2C150&amp;ssl=1 174w, https:\/\/i0.wp.com\/eltrabajo.cl\/portal\/wp-content\/uploads\/2018\/03\/Galardon2.jpg?resize=300%2C258&amp;ssl=1 300w, https:\/\/i0.wp.com\/eltrabajo.cl\/portal\/wp-content\/uploads\/2018\/03\/Galardon2.jpg?resize=400%2C344&amp;ssl=1 400w\" sizes=\"auto, (max-width: 580px) 100vw, 580px\" \/><figcaption id=\"caption-attachment-85387\" class=\"wp-caption-text\">COSECHANDO.- F\u00e9lix Albagly Giroux, director del colegio, recibi\u00f3 el galard\u00f3n asignado por el Municipio.<\/figcaption><\/figure>\n<figure id=\"attachment_85388\" aria-describedby=\"caption-attachment-85388\" style=\"width: 580px\" class=\"wp-caption alignnone\"><img data-recalc-dims=\"1\" loading=\"lazy\" decoding=\"async\" class=\"size-full wp-image-85388\" src=\"https:\/\/i0.wp.com\/www.eltrabajo.cl\/2017\/wp-content\/uploads\/2018\/03\/Galardon3.jpg?resize=580%2C499\" alt=\"MEDIO SIGLO.- El actual director del Psiqui\u00e1trico, Dr. Jaime Retamal Garrido, recibi\u00f3 el galard\u00f3n institucional.\" width=\"580\" height=\"499\" srcset=\"https:\/\/i0.wp.com\/eltrabajo.cl\/portal\/wp-content\/uploads\/2018\/03\/Galardon3.jpg?w=580&amp;ssl=1 580w, https:\/\/i0.wp.com\/eltrabajo.cl\/portal\/wp-content\/uploads\/2018\/03\/Galardon3.jpg?resize=174%2C150&amp;ssl=1 174w, https:\/\/i0.wp.com\/eltrabajo.cl\/portal\/wp-content\/uploads\/2018\/03\/Galardon3.jpg?resize=300%2C258&amp;ssl=1 300w, https:\/\/i0.wp.com\/eltrabajo.cl\/portal\/wp-content\/uploads\/2018\/03\/Galardon3.jpg?resize=400%2C344&amp;ssl=1 400w\" sizes=\"auto, (max-width: 580px) 100vw, 580px\" \/><figcaption id=\"caption-attachment-85388\" class=\"wp-caption-text\">MEDIO SIGLO.- El actual director del Psiqui\u00e1trico, Dr. Jaime Retamal Garrido, recibi\u00f3 el galard\u00f3n institucional.<\/figcaption><\/figure>\n<figure id=\"attachment_85389\" aria-describedby=\"caption-attachment-85389\" style=\"width: 580px\" class=\"wp-caption alignnone\"><img data-recalc-dims=\"1\" loading=\"lazy\" decoding=\"async\" class=\"size-full wp-image-85389\" src=\"https:\/\/i0.wp.com\/www.eltrabajo.cl\/2017\/wp-content\/uploads\/2018\/03\/Galardon4.jpg?resize=580%2C499\" alt=\"EL REGAL\u00d3N DE PUTAENDO.- Julio \u2018Cacharro\u2019 Andrade Ongaro recibi\u00f3 su galard\u00f3n al lado de su familia.\" width=\"580\" height=\"499\" srcset=\"https:\/\/i0.wp.com\/eltrabajo.cl\/portal\/wp-content\/uploads\/2018\/03\/Galardon4.jpg?w=580&amp;ssl=1 580w, https:\/\/i0.wp.com\/eltrabajo.cl\/portal\/wp-content\/uploads\/2018\/03\/Galardon4.jpg?resize=174%2C150&amp;ssl=1 174w, https:\/\/i0.wp.com\/eltrabajo.cl\/portal\/wp-content\/uploads\/2018\/03\/Galardon4.jpg?resize=300%2C258&amp;ssl=1 300w, https:\/\/i0.wp.com\/eltrabajo.cl\/portal\/wp-content\/uploads\/2018\/03\/Galardon4.jpg?resize=400%2C344&amp;ssl=1 400w\" sizes=\"auto, (max-width: 580px) 100vw, 580px\" \/><figcaption id=\"caption-attachment-85389\" class=\"wp-caption-text\">EL REGAL\u00d3N DE PUTAENDO.- Julio \u2018Cacharro\u2019 Andrade Ongaro recibi\u00f3 su galard\u00f3n al lado de su familia.<\/figcaption><\/figure>\n<figure id=\"attachment_85390\" aria-describedby=\"caption-attachment-85390\" style=\"width: 580px\" class=\"wp-caption alignnone\"><img data-recalc-dims=\"1\" loading=\"lazy\" decoding=\"async\" class=\"size-full wp-image-85390\" src=\"https:\/\/i0.wp.com\/www.eltrabajo.cl\/2017\/wp-content\/uploads\/2018\/03\/Galardon5.jpg?resize=580%2C499\" alt=\"BUSES JM.- Recibi\u00f3 el premio el se\u00f1or Aldo Minardi, de la empresa JM.\" width=\"580\" height=\"499\" srcset=\"https:\/\/i0.wp.com\/eltrabajo.cl\/portal\/wp-content\/uploads\/2018\/03\/Galardon5.jpg?w=580&amp;ssl=1 580w, https:\/\/i0.wp.com\/eltrabajo.cl\/portal\/wp-content\/uploads\/2018\/03\/Galardon5.jpg?resize=174%2C150&amp;ssl=1 174w, https:\/\/i0.wp.com\/eltrabajo.cl\/portal\/wp-content\/uploads\/2018\/03\/Galardon5.jpg?resize=300%2C258&amp;ssl=1 300w, https:\/\/i0.wp.com\/eltrabajo.cl\/portal\/wp-content\/uploads\/2018\/03\/Galardon5.jpg?resize=400%2C344&amp;ssl=1 400w\" sizes=\"auto, (max-width: 580px) 100vw, 580px\" \/><figcaption id=\"caption-attachment-85390\" class=\"wp-caption-text\">BUSES JM.- Recibi\u00f3 el premio el se\u00f1or Aldo Minardi, de la empresa JM.<\/figcaption><\/figure>\n<figure id=\"attachment_85391\" aria-describedby=\"caption-attachment-85391\" style=\"width: 580px\" class=\"wp-caption alignnone\"><img data-recalc-dims=\"1\" loading=\"lazy\" decoding=\"async\" class=\"size-full wp-image-85391\" src=\"https:\/\/i0.wp.com\/www.eltrabajo.cl\/2017\/wp-content\/uploads\/2018\/03\/Galardon6.jpg?resize=580%2C499\" alt=\"REINA DE LA CUECA.- Aqu\u00ed tenemos a esta regalona folclorista putaendina, cosechando de lo que ha sembrado en la vida.\" width=\"580\" height=\"499\" srcset=\"https:\/\/i0.wp.com\/eltrabajo.cl\/portal\/wp-content\/uploads\/2018\/03\/Galardon6.jpg?w=580&amp;ssl=1 580w, https:\/\/i0.wp.com\/eltrabajo.cl\/portal\/wp-content\/uploads\/2018\/03\/Galardon6.jpg?resize=174%2C150&amp;ssl=1 174w, https:\/\/i0.wp.com\/eltrabajo.cl\/portal\/wp-content\/uploads\/2018\/03\/Galardon6.jpg?resize=300%2C258&amp;ssl=1 300w, https:\/\/i0.wp.com\/eltrabajo.cl\/portal\/wp-content\/uploads\/2018\/03\/Galardon6.jpg?resize=400%2C344&amp;ssl=1 400w\" sizes=\"auto, (max-width: 580px) 100vw, 580px\" \/><figcaption id=\"caption-attachment-85391\" class=\"wp-caption-text\">REINA DE LA CUECA.- Aqu\u00ed tenemos a esta regalona folclorista putaendina, cosechando de lo que ha sembrado en la vida.<\/figcaption><\/figure>\n<figure id=\"attachment_85392\" aria-describedby=\"caption-attachment-85392\" style=\"width: 580px\" class=\"wp-caption alignnone\"><img data-recalc-dims=\"1\" loading=\"lazy\" decoding=\"async\" class=\"size-full wp-image-85392\" src=\"https:\/\/i0.wp.com\/www.eltrabajo.cl\/2017\/wp-content\/uploads\/2018\/03\/Galard%C3%B3n7.jpg?resize=580%2C499\" alt=\"Don Gabriel Castro est\u00e1 casado y tiene tres hijos. Es un destacado dirigente social, iniciando esta labor en el a\u00f1o 1981.\" width=\"580\" height=\"499\" srcset=\"https:\/\/i0.wp.com\/eltrabajo.cl\/portal\/wp-content\/uploads\/2018\/03\/Galard%C3%B3n7.jpg?w=580&amp;ssl=1 580w, https:\/\/i0.wp.com\/eltrabajo.cl\/portal\/wp-content\/uploads\/2018\/03\/Galard%C3%B3n7.jpg?resize=174%2C150&amp;ssl=1 174w, https:\/\/i0.wp.com\/eltrabajo.cl\/portal\/wp-content\/uploads\/2018\/03\/Galard%C3%B3n7.jpg?resize=300%2C258&amp;ssl=1 300w, https:\/\/i0.wp.com\/eltrabajo.cl\/portal\/wp-content\/uploads\/2018\/03\/Galard%C3%B3n7.jpg?resize=400%2C344&amp;ssl=1 400w\" sizes=\"auto, (max-width: 580px) 100vw, 580px\" \/><figcaption id=\"caption-attachment-85392\" class=\"wp-caption-text\">Don Gabriel Castro est\u00e1 casado y tiene tres hijos. Es un destacado dirigente social, iniciando esta labor en el a\u00f1o 1981.<\/figcaption><\/figure>\n<figure id=\"attachment_85393\" aria-describedby=\"caption-attachment-85393\" style=\"width: 580px\" class=\"wp-caption alignnone\"><img data-recalc-dims=\"1\" loading=\"lazy\" decoding=\"async\" class=\"size-full wp-image-85393\" src=\"https:\/\/i0.wp.com\/www.eltrabajo.cl\/2017\/wp-content\/uploads\/2018\/03\/Galardon8.jpg?resize=580%2C499\" alt=\"SIEMPRE JENNIFER.- Al lado de su familia, Jennifer recibi\u00f3 el galard\u00f3n que le confirieron las autoridades de la comuna.\" width=\"580\" height=\"499\" srcset=\"https:\/\/i0.wp.com\/eltrabajo.cl\/portal\/wp-content\/uploads\/2018\/03\/Galardon8.jpg?w=580&amp;ssl=1 580w, https:\/\/i0.wp.com\/eltrabajo.cl\/portal\/wp-content\/uploads\/2018\/03\/Galardon8.jpg?resize=174%2C150&amp;ssl=1 174w, https:\/\/i0.wp.com\/eltrabajo.cl\/portal\/wp-content\/uploads\/2018\/03\/Galardon8.jpg?resize=300%2C258&amp;ssl=1 300w, https:\/\/i0.wp.com\/eltrabajo.cl\/portal\/wp-content\/uploads\/2018\/03\/Galardon8.jpg?resize=400%2C344&amp;ssl=1 400w\" sizes=\"auto, (max-width: 580px) 100vw, 580px\" \/><figcaption id=\"caption-attachment-85393\" class=\"wp-caption-text\">SIEMPRE JENNIFER.- Al lado de su familia, Jennifer recibi\u00f3 el galard\u00f3n que le confirieron las autoridades de la comuna.<\/figcaption><\/figure>\n<figure id=\"attachment_85394\" aria-describedby=\"caption-attachment-85394\" style=\"width: 580px\" class=\"wp-caption alignnone\"><img data-recalc-dims=\"1\" loading=\"lazy\" decoding=\"async\" class=\"size-full wp-image-85394\" src=\"https:\/\/i0.wp.com\/www.eltrabajo.cl\/2017\/wp-content\/uploads\/2018\/03\/Galardon9.jpg?resize=580%2C499\" alt=\"HIJO ILUSTRE 2018.- \u00c9l es el nuevo Hijo Ilustre de Putaendo, un hombre honesto y muy trabajador.\" width=\"580\" height=\"499\" srcset=\"https:\/\/i0.wp.com\/eltrabajo.cl\/portal\/wp-content\/uploads\/2018\/03\/Galardon9.jpg?w=580&amp;ssl=1 580w, https:\/\/i0.wp.com\/eltrabajo.cl\/portal\/wp-content\/uploads\/2018\/03\/Galardon9.jpg?resize=174%2C150&amp;ssl=1 174w, https:\/\/i0.wp.com\/eltrabajo.cl\/portal\/wp-content\/uploads\/2018\/03\/Galardon9.jpg?resize=300%2C258&amp;ssl=1 300w, https:\/\/i0.wp.com\/eltrabajo.cl\/portal\/wp-content\/uploads\/2018\/03\/Galardon9.jpg?resize=400%2C344&amp;ssl=1 400w\" sizes=\"auto, (max-width: 580px) 100vw, 580px\" \/><figcaption id=\"caption-attachment-85394\" class=\"wp-caption-text\">HIJO ILUSTRE 2018.- \u00c9l es el nuevo Hijo Ilustre de Putaendo, un hombre honesto y muy trabajador.<\/figcaption><\/figure>\n","protected":false},"excerpt":{"rendered":"<p>PUTAENDO.- Hoy compartimos con nuestros lectores un reporte especial acerca de la gala de aniversario desarrollada en Putaendo, comuna aconcag\u00fcina que ayer estuvo celebrando sus 187 a\u00f1os de existencia. Varias personas e&#8230;<\/p>\n","protected":false},"author":1,"featured_media":85386,"comment_status":"open","ping_status":"open","sticky":false,"template":"","format":"standard","meta":{"advanced_seo_description":"","jetpack_seo_html_title":"","jetpack_seo_noindex":false,"_jetpack_memberships_contains_paid_content":false,"footnotes":""},"categories":[15],"tags":[],"class_list":["post-85385","post","type-post","status-publish","format-standard","has-post-thumbnail","hentry","category-comunidad"],"jetpack_featured_media_url":"https:\/\/i0.wp.com\/eltrabajo.cl\/portal\/wp-content\/uploads\/2018\/03\/Galardon1.jpg?fit=579%2C386&ssl=1","jetpack_sharing_enabled":true,"jetpack_likes_enabled":true,"jetpack-related-posts":[],"_links":{"self":[{"href":"https:\/\/eltrabajo.cl\/portal\/wp-json\/wp\/v2\/posts\/85385","targetHints":{"allow":["GET"]}}],"collection":[{"href":"https:\/\/eltrabajo.cl\/portal\/wp-json\/wp\/v2\/posts"}],"about":[{"href":"https:\/\/eltrabajo.cl\/portal\/wp-json\/wp\/v2\/types\/post"}],"author":[{"embeddable":true,"href":"https:\/\/eltrabajo.cl\/portal\/wp-json\/wp\/v2\/users\/1"}],"replies":[{"embeddable":true,"href":"https:\/\/eltrabajo.cl\/portal\/wp-json\/wp\/v2\/comments?post=85385"}],"version-history":[{"count":0,"href":"https:\/\/eltrabajo.cl\/portal\/wp-json\/wp\/v2\/posts\/85385\/revisions"}],"wp:featuredmedia":[{"embeddable":true,"href":"https:\/\/eltrabajo.cl\/portal\/wp-json\/wp\/v2\/media\/85386"}],"wp:attachment":[{"href":"https:\/\/eltrabajo.cl\/portal\/wp-json\/wp\/v2\/media?parent=85385"}],"wp:term":[{"taxonomy":"category","embeddable":true,"href":"https:\/\/eltrabajo.cl\/portal\/wp-json\/wp\/v2\/categories?post=85385"},{"taxonomy":"post_tag","embeddable":true,"href":"https:\/\/eltrabajo.cl\/portal\/wp-json\/wp\/v2\/tags?post=85385"}],"curies":[{"name":"wp","href":"https:\/\/api.w.org\/{rel}","templated":true}]}}