{"id":85397,"date":"2018-03-21T05:01:37","date_gmt":"2018-03-21T09:01:37","guid":{"rendered":"http:\/\/www.eltrabajo.cl\/2017\/?p=85397"},"modified":"2018-03-21T05:01:37","modified_gmt":"2018-03-21T09:01:37","slug":"alcalde-freire-se-reune-con-subdere-para-lograr-financiamiento-a-proyectos","status":"publish","type":"post","link":"https:\/\/eltrabajo.cl\/portal\/alcalde-freire-se-reune-con-subdere-para-lograr-financiamiento-a-proyectos\/","title":{"rendered":"Alcalde Freire se re\u00fane con Subdere para lograr financiamiento a proyectos"},"content":{"rendered":"<figure id=\"attachment_85398\" aria-describedby=\"caption-attachment-85398\" style=\"width: 579px\" class=\"wp-caption alignnone\"><img data-recalc-dims=\"1\" loading=\"lazy\" decoding=\"async\" class=\"size-full wp-image-85398\" src=\"https:\/\/i0.wp.com\/www.eltrabajo.cl\/2017\/wp-content\/uploads\/2018\/03\/alcalde-freire-con-subdere-Felipe-Salaberry.jpg?resize=579%2C425\" alt=\"El concejal Mario Villanueva junto al ex diputado Marcelo Forni, el alcalde Patricio Freire y el Subdere Felipe Salaberry en el despacho de \u00e9ste \u00faltimo, a quien presentaron varios proyectos aprobados t\u00e9cnicamente para su financiamiento.\" width=\"579\" height=\"425\" srcset=\"https:\/\/i0.wp.com\/eltrabajo.cl\/portal\/wp-content\/uploads\/2018\/03\/alcalde-freire-con-subdere-Felipe-Salaberry.jpg?w=579&amp;ssl=1 579w, https:\/\/i0.wp.com\/eltrabajo.cl\/portal\/wp-content\/uploads\/2018\/03\/alcalde-freire-con-subdere-Felipe-Salaberry.jpg?resize=200%2C147&amp;ssl=1 200w, https:\/\/i0.wp.com\/eltrabajo.cl\/portal\/wp-content\/uploads\/2018\/03\/alcalde-freire-con-subdere-Felipe-Salaberry.jpg?resize=300%2C220&amp;ssl=1 300w, https:\/\/i0.wp.com\/eltrabajo.cl\/portal\/wp-content\/uploads\/2018\/03\/alcalde-freire-con-subdere-Felipe-Salaberry.jpg?resize=204%2C150&amp;ssl=1 204w, https:\/\/i0.wp.com\/eltrabajo.cl\/portal\/wp-content\/uploads\/2018\/03\/alcalde-freire-con-subdere-Felipe-Salaberry.jpg?resize=400%2C294&amp;ssl=1 400w\" sizes=\"auto, (max-width: 579px) 100vw, 579px\" \/><figcaption id=\"caption-attachment-85398\" class=\"wp-caption-text\">El concejal Mario Villanueva junto al ex diputado Marcelo Forni, el alcalde Patricio Freire y el Subdere Felipe Salaberry en el despacho de \u00e9ste \u00faltimo, a quien presentaron varios proyectos aprobados t\u00e9cnicamente para su financiamiento.<\/figcaption><\/figure>\n<p>Hasta La Moneda lleg\u00f3 el jefe comunal, Patricio Freire, junto al concejal Mario Villanueva, el ex diputado Marcelo Forni y el equipo t\u00e9cnico municipal para informar a la actual autoridad sobre obras que mejorar\u00e1n la calidad de vida de muchos vecinos.<br \/>\nHasta la oficina del actual Subsecretario de Desarrollo Regional, Felipe Salaberry, ubicada en La Moneda, lleg\u00f3 el alcalde Patricio Freire acompa\u00f1ado por el concejal Mario Villanueva, el ex diputado Marcelo Forni y Claudio Paredes, Secpla de la Municipalidad de San Felipe, para buscar financiamiento para una cartera de proyectos que cuentan con aprobaci\u00f3n t\u00e9cnica y que permitir\u00e1 mejorar la calidad de vida de los habitantes de la comuna.<br \/>\nEntre las iniciativas presentadas destaca la adquisici\u00f3n de los terrenos para fines deportivos y recreativos en el ex palacio Hacienda de Quilpu\u00e9, por un monto superior a los $570 millones, junto con la reposici\u00f3n de veredas en Curim\u00f3n y pavimentos en las poblaciones Santa Elisa, Orolonco, Hermanos Carrera y Avenida Sargento Aldea por m\u00e1s de $107 millones. A esto se suma la rehabilitaci\u00f3n de dos pozos profundos en los APR La Troya y Algarrobal por $24 millones, la renovaci\u00f3n de la red de agua potable en la Villa Departamental por $209 millones y la revitalizaci\u00f3n de las alamedas mediante el cambio de luminarias con eficiencia energ\u00e9tica por m\u00e1s de $210 millones.<br \/>\nPor ello el Subdere Felipe Salaberry comprometi\u00f3 la revisi\u00f3n de estas propuestas para definir la posibilidad de financiamiento: \u00abNos hemos comprometido con evaluar con atenci\u00f3n y su pertinencia econ\u00f3mica estos proyectos que el alcalde nos manifest\u00f3. Son proyectos que est\u00e1n t\u00e9cnicamente con posibilidades de ser ejecutados y, en la revisi\u00f3n de la disponibilidad de recursos, esperamos pronto anunciar buenas noticias\u00bb, destac\u00f3 la autoridad.<br \/>\nEn este sentido, el jefe comunal se mostr\u00f3 confiado en que la Subdere financiar\u00e1 estos proyectos que mejorar\u00e1n la calidad de vida de miles de sanfelipe\u00f1os. Por ello manifest\u00f3 que: \u00abHicimos el primer acercamiento con la autoridad para mostrarle nuestra cartera de proyectos, todos con RS, para ser financiados. Son iniciativas que mejorar\u00e1n la calidad de vida de muchos de nuestros vecinos y estoy confiado de que pronto tendremos buenas noticias\u00bb, aclar\u00f3 optimista el Alcalde.<br \/>\nPor su parte el concejal Mario Villanueva conf\u00eda en la decisi\u00f3n de las autoridades para aprobar iniciativas importantes para la comuna: \u00abEspero que el gobierno del presidente Pi\u00f1era nos aporte para cumplir el sue\u00f1o tan anhelado de muchos sanfelipe\u00f1os de la creaci\u00f3n del primer parque en el ex palacio de Quilpu\u00e9. Adem\u00e1s, tenemos otras obras que van en directo beneficio de nuestros adultos mayores de la zona, por eso seguiremos trabajando en esa senda\u00bb, finaliz\u00f3.<\/p>\n","protected":false},"excerpt":{"rendered":"<p>Hasta La Moneda lleg\u00f3 el jefe comunal, Patricio Freire, junto al concejal Mario Villanueva, el ex diputado Marcelo Forni y el equipo t\u00e9cnico municipal para informar a la actual autoridad sobre obras&#8230;<\/p>\n","protected":false},"author":1,"featured_media":85398,"comment_status":"open","ping_status":"open","sticky":false,"template":"","format":"standard","meta":{"advanced_seo_description":"","jetpack_seo_html_title":"","jetpack_seo_noindex":false,"_jetpack_memberships_contains_paid_content":false,"footnotes":""},"categories":[1],"tags":[],"class_list":["post-85397","post","type-post","status-publish","format-standard","has-post-thumbnail","hentry","category-cronica"],"jetpack_featured_media_url":"https:\/\/i0.wp.com\/eltrabajo.cl\/portal\/wp-content\/uploads\/2018\/03\/alcalde-freire-con-subdere-Felipe-Salaberry.jpg?fit=579%2C425&ssl=1","jetpack_sharing_enabled":true,"jetpack_likes_enabled":true,"jetpack-related-posts":[],"_links":{"self":[{"href":"https:\/\/eltrabajo.cl\/portal\/wp-json\/wp\/v2\/posts\/85397","targetHints":{"allow":["GET"]}}],"collection":[{"href":"https:\/\/eltrabajo.cl\/portal\/wp-json\/wp\/v2\/posts"}],"about":[{"href":"https:\/\/eltrabajo.cl\/portal\/wp-json\/wp\/v2\/types\/post"}],"author":[{"embeddable":true,"href":"https:\/\/eltrabajo.cl\/portal\/wp-json\/wp\/v2\/users\/1"}],"replies":[{"embeddable":true,"href":"https:\/\/eltrabajo.cl\/portal\/wp-json\/wp\/v2\/comments?post=85397"}],"version-history":[{"count":0,"href":"https:\/\/eltrabajo.cl\/portal\/wp-json\/wp\/v2\/posts\/85397\/revisions"}],"wp:featuredmedia":[{"embeddable":true,"href":"https:\/\/eltrabajo.cl\/portal\/wp-json\/wp\/v2\/media\/85398"}],"wp:attachment":[{"href":"https:\/\/eltrabajo.cl\/portal\/wp-json\/wp\/v2\/media?parent=85397"}],"wp:term":[{"taxonomy":"category","embeddable":true,"href":"https:\/\/eltrabajo.cl\/portal\/wp-json\/wp\/v2\/categories?post=85397"},{"taxonomy":"post_tag","embeddable":true,"href":"https:\/\/eltrabajo.cl\/portal\/wp-json\/wp\/v2\/tags?post=85397"}],"curies":[{"name":"wp","href":"https:\/\/api.w.org\/{rel}","templated":true}]}}