{"id":85400,"date":"2018-03-21T05:02:11","date_gmt":"2018-03-21T09:02:11","guid":{"rendered":"http:\/\/www.eltrabajo.cl\/2017\/?p=85400"},"modified":"2018-03-21T05:02:11","modified_gmt":"2018-03-21T09:02:11","slug":"exitosa-jornada-de-vacunacion-e-implantacion-de-microchip","status":"publish","type":"post","link":"https:\/\/eltrabajo.cl\/portal\/exitosa-jornada-de-vacunacion-e-implantacion-de-microchip\/","title":{"rendered":"Exitosa jornada de vacunaci\u00f3n e implantaci\u00f3n de microchip"},"content":{"rendered":"<figure id=\"attachment_85401\" aria-describedby=\"caption-attachment-85401\" style=\"width: 579px\" class=\"wp-caption alignnone\"><img data-recalc-dims=\"1\" loading=\"lazy\" decoding=\"async\" class=\"size-full wp-image-85401\" src=\"https:\/\/i0.wp.com\/www.eltrabajo.cl\/2017\/wp-content\/uploads\/2018\/03\/Programa-2-de-Tenencia-Responsable.jpg?resize=579%2C386\" alt=\"El Programa de Tenencia Responsable realiz\u00f3 una nueva jornada de vacunaci\u00f3n e implantaci\u00f3n de chip y anuncia para este s\u00e1bado continuar el proceso.\" width=\"579\" height=\"386\" srcset=\"https:\/\/i0.wp.com\/eltrabajo.cl\/portal\/wp-content\/uploads\/2018\/03\/Programa-2-de-Tenencia-Responsable.jpg?w=579&amp;ssl=1 579w, https:\/\/i0.wp.com\/eltrabajo.cl\/portal\/wp-content\/uploads\/2018\/03\/Programa-2-de-Tenencia-Responsable.jpg?resize=200%2C133&amp;ssl=1 200w, https:\/\/i0.wp.com\/eltrabajo.cl\/portal\/wp-content\/uploads\/2018\/03\/Programa-2-de-Tenencia-Responsable.jpg?resize=300%2C200&amp;ssl=1 300w, https:\/\/i0.wp.com\/eltrabajo.cl\/portal\/wp-content\/uploads\/2018\/03\/Programa-2-de-Tenencia-Responsable.jpg?resize=225%2C150&amp;ssl=1 225w, https:\/\/i0.wp.com\/eltrabajo.cl\/portal\/wp-content\/uploads\/2018\/03\/Programa-2-de-Tenencia-Responsable.jpg?resize=400%2C267&amp;ssl=1 400w\" sizes=\"auto, (max-width: 579px) 100vw, 579px\" \/><figcaption id=\"caption-attachment-85401\" class=\"wp-caption-text\">El Programa de Tenencia Responsable realiz\u00f3 una nueva jornada de vacunaci\u00f3n e implantaci\u00f3n de chip y anuncia para este s\u00e1bado continuar el proceso.<\/figcaption><\/figure>\n<ul>\n<li><strong><span style=\"color: #ff0000;\">Programa Tenencia Responsable de Mascotas:<\/span>\u00a0El pr\u00f3ximo s\u00e1bado 24 de marzo, en la Plaza de Armas, se realizar\u00e1 una nueva jornada.<\/strong><\/li>\n<\/ul>\n<p>Alrededor de 135 mascotas \u2013entre perros y gatos- recibieron gratuitamente su microchip de identificaci\u00f3n, mientras que otras 200 fueron beneficiarias con la aplicaci\u00f3n de vacunas s\u00e9xtuple y triple felina, en la jornada organizada por el Programa Tenencia Responsable de Mascotas de la Municipalidad de San Felipe y que se realiz\u00f3 el 17 de marzo en la Plaza de Armas.<br \/>\nMariana Bravo, coordinadora del Programa, realiz\u00f3 un positivo balance de la actividad, se\u00f1alando: \u00abNosotros llegamos ac\u00e1 temprano y ya hab\u00eda mucha gente esperando, as\u00ed que se agradece la oportunidad al alcalde Freire porque entendemos que este es un servicio que las personas no tienen los recursos para hacer y en cada operativo veterinario que hemos realizado nos ha ido s\u00faper bien, as\u00ed que felicitar a los ciudadanos que se est\u00e1n preocupando de sus mascotas\u00bb.<br \/>\nPor su parte, el alcalde Patricio Freire destac\u00f3 el trabajo que ha realizado su gesti\u00f3n en materia de tenencia responsable e indic\u00f3: \u00abEn la Municipalidad de San Felipe fuimos los primeros que esterilizamos, empezamos con diversos procedimientos, recorriendo los barrios y viendo la necesidad urgente que era preocuparnos de nuestras mascotas y eso es lo que estamos haciendo, hoy instalando microchip que es parte de la nueva Ley de Tenencia Responsable de Mascotas y eso significa para nosotros, como Municipalidad, un respeto por nuestros hermanos menores\u00bb.<br \/>\nLorena Arancibia, due\u00f1a de Sirena (mestiza de galgo de 11 meses) se mostr\u00f3 contenta con la iniciativa, ya que espera que gracias a \u00e9sta las personas sean m\u00e1s responsables con el cuidado de sus mascotas y, por ejemplo, se genere menos abandono. En tanto, Margarita Mu\u00f1oz, due\u00f1a de Carlota (gata de casi 3 a\u00f1os) destac\u00f3 la realizaci\u00f3n del operativo: \u00abMe parece genial para las personas que no contamos con los recursos como para llevarlo a un particular y as\u00ed una se asegura que en caso de que se pierda sea m\u00e1s f\u00e1cil encontrarla\u00bb, indic\u00f3.<br \/>\nPor \u00faltimo, la coordinadora del Programa Tenencia Responsable de Mascotas de la Municipalidad de San Felipe hizo un llamado a participar en la pr\u00f3xima jornada: \u00abEstaremos el pr\u00f3ximo s\u00e1bado 24 en la Plaza de Armas, nos quedan alrededor de 60 chip y unas 150 vacunas y esperamos que los vecinos se acerquen tempranito para que alcancen el cupo, porque recordar que son cupos limitados\u00bb, y agreg\u00f3 que de no alcanzar la pr\u00f3xima semana, no se desesperen porque los operativos se seguir\u00e1n realizando durante el a\u00f1o pues, indic\u00f3 la coordinadora: \u00abYa no es un lujo tener a su mascota sana, es una necesidad, como tambi\u00e9n tenerla registrada seg\u00fan la ley\u00bb.<\/p>\n","protected":false},"excerpt":{"rendered":"<p>Programa Tenencia Responsable de Mascotas:\u00a0El pr\u00f3ximo s\u00e1bado 24 de marzo, en la Plaza de Armas, se realizar\u00e1 una nueva jornada. Alrededor de 135 mascotas \u2013entre perros y gatos- recibieron gratuitamente su microchip&#8230;<\/p>\n","protected":false},"author":1,"featured_media":85401,"comment_status":"open","ping_status":"open","sticky":false,"template":"","format":"standard","meta":{"advanced_seo_description":"","jetpack_seo_html_title":"","jetpack_seo_noindex":false,"_jetpack_memberships_contains_paid_content":false,"footnotes":""},"categories":[1],"tags":[],"class_list":["post-85400","post","type-post","status-publish","format-standard","has-post-thumbnail","hentry","category-cronica"],"jetpack_featured_media_url":"https:\/\/i0.wp.com\/eltrabajo.cl\/portal\/wp-content\/uploads\/2018\/03\/Programa-2-de-Tenencia-Responsable.jpg?fit=579%2C386&ssl=1","jetpack_sharing_enabled":true,"jetpack_likes_enabled":true,"jetpack-related-posts":[],"_links":{"self":[{"href":"https:\/\/eltrabajo.cl\/portal\/wp-json\/wp\/v2\/posts\/85400","targetHints":{"allow":["GET"]}}],"collection":[{"href":"https:\/\/eltrabajo.cl\/portal\/wp-json\/wp\/v2\/posts"}],"about":[{"href":"https:\/\/eltrabajo.cl\/portal\/wp-json\/wp\/v2\/types\/post"}],"author":[{"embeddable":true,"href":"https:\/\/eltrabajo.cl\/portal\/wp-json\/wp\/v2\/users\/1"}],"replies":[{"embeddable":true,"href":"https:\/\/eltrabajo.cl\/portal\/wp-json\/wp\/v2\/comments?post=85400"}],"version-history":[{"count":0,"href":"https:\/\/eltrabajo.cl\/portal\/wp-json\/wp\/v2\/posts\/85400\/revisions"}],"wp:featuredmedia":[{"embeddable":true,"href":"https:\/\/eltrabajo.cl\/portal\/wp-json\/wp\/v2\/media\/85401"}],"wp:attachment":[{"href":"https:\/\/eltrabajo.cl\/portal\/wp-json\/wp\/v2\/media?parent=85400"}],"wp:term":[{"taxonomy":"category","embeddable":true,"href":"https:\/\/eltrabajo.cl\/portal\/wp-json\/wp\/v2\/categories?post=85400"},{"taxonomy":"post_tag","embeddable":true,"href":"https:\/\/eltrabajo.cl\/portal\/wp-json\/wp\/v2\/tags?post=85400"}],"curies":[{"name":"wp","href":"https:\/\/api.w.org\/{rel}","templated":true}]}}