{"id":85403,"date":"2018-03-21T05:03:12","date_gmt":"2018-03-21T09:03:12","guid":{"rendered":"http:\/\/www.eltrabajo.cl\/2017\/?p=85403"},"modified":"2018-03-21T05:03:12","modified_gmt":"2018-03-21T09:03:12","slug":"informe-de-subdere-propone-a-san-felipe-como-capital-de-region-aconcagua","status":"publish","type":"post","link":"https:\/\/eltrabajo.cl\/portal\/informe-de-subdere-propone-a-san-felipe-como-capital-de-region-aconcagua\/","title":{"rendered":"Informe de Subdere propone a San Felipe como capital de Regi\u00f3n Aconcagua"},"content":{"rendered":"<figure id=\"attachment_85404\" aria-describedby=\"caption-attachment-85404\" style=\"width: 580px\" class=\"wp-caption alignnone\"><img data-recalc-dims=\"1\" loading=\"lazy\" decoding=\"async\" class=\"size-full wp-image-85404\" src=\"https:\/\/i0.wp.com\/www.eltrabajo.cl\/2017\/wp-content\/uploads\/2018\/03\/Region_Jorge-Martinez.jpg?resize=580%2C498\" alt=\"Intendente regional de Valpara\u00edso, Jorge Mart\u00ednez.\" width=\"580\" height=\"498\" srcset=\"https:\/\/i0.wp.com\/eltrabajo.cl\/portal\/wp-content\/uploads\/2018\/03\/Region_Jorge-Martinez.jpg?w=580&amp;ssl=1 580w, https:\/\/i0.wp.com\/eltrabajo.cl\/portal\/wp-content\/uploads\/2018\/03\/Region_Jorge-Martinez.jpg?resize=175%2C150&amp;ssl=1 175w, https:\/\/i0.wp.com\/eltrabajo.cl\/portal\/wp-content\/uploads\/2018\/03\/Region_Jorge-Martinez.jpg?resize=300%2C258&amp;ssl=1 300w, https:\/\/i0.wp.com\/eltrabajo.cl\/portal\/wp-content\/uploads\/2018\/03\/Region_Jorge-Martinez.jpg?resize=400%2C343&amp;ssl=1 400w\" sizes=\"auto, (max-width: 580px) 100vw, 580px\" \/><figcaption id=\"caption-attachment-85404\" class=\"wp-caption-text\">Intendente regional de Valpara\u00edso, Jorge Mart\u00ednez.<\/figcaption><\/figure>\n<ul>\n<li><strong><span style=\"color: #ff0000;\">Intendente considera \u201cno positivo\u201d dividir regiones:\u00a0<\/span>Documento elaborado por la anterior Subdere considera tres opciones territoriales para la creaci\u00f3n de la Regi\u00f3n de Aconcagua: uno metropolitano; uno rural y otro hist\u00f3rico-identitario, arrojando como la mejor alternativa la hist\u00f3rica-identitaria, con capital en San Felipe.<\/strong><\/li>\n<\/ul>\n<p>Fue ayer martes a trav\u00e9s de la prensa regional, cuando para sorpresa de muchos, el abogado e intendente regional de Valpara\u00edso, Jorge Mart\u00ednez, asegur\u00f3 que en teor\u00eda dividir regiones no es algo positivo para el proceso descentralizador del pa\u00eds, esto en relaci\u00f3n al reciente informe emitido por la Subsecretar\u00eda de Desarrollo Regional (Subdere) para la creaci\u00f3n de la nueva Regi\u00f3n de Aconcagua, caballito de batalla de muchos en nuestro valle.<br \/>\nLas declaraciones fueron publicadas en Diario El Mercurio de Valpara\u00edso, en el que Mart\u00ednez argument\u00f3 que \u201cel estudio se basa en el censo de 2002, que es necesario un estudio presupuestario afinado y que los costos de dividir regiones son complejos\u201d, por lo que la autoridad solicit\u00f3 cautela para evaluar la informaci\u00f3n de manera integral.<br \/>\nRespecto al informe, elaborado por la anterior Subdere, \u00e9ste considera tres alternativas territoriales para la creaci\u00f3n de la Regi\u00f3n de Aconcagua: uno metropolitano; uno rural y otro hist\u00f3rico-identitario.<br \/>\nSeg\u00fan consign\u00f3 El Mercurio de Valpara\u00edso, la opci\u00f3n hist\u00f3rica-identitaria, incorporar\u00eda a las provincias de Los Andes, San Felipe y Petorca; la rural sumar\u00eda la provincia de Quillota; y el plan metropolitano considerar\u00eda a las anteriores, m\u00e1s la provincia de Marga Marga.<br \/>\nTras la comparaci\u00f3n de escenarios, seg\u00fan consigna el diario electr\u00f3nico Soy Chile, el estudio habr\u00eda arrojado como mejor alternativa la hist\u00f3rica-identitaria, con capital en San Felipe, por cuanto present\u00f3 mejores resultados en materias como la pobreza, con una menor tasa multidimensional y de desigualdad.<\/p>\n<p><span style=\"color: #ff0000;\"><strong>DIPUTADO LONGTON<\/strong><\/span><br \/>\nPor su parte el diputado RN por el distrito 6, Andr\u00e9s Longton, se reuni\u00f3 durante la jornada de ayer con el Subsecretario de Desarrollo Regional y Administrativo (Subdere), Felipe Salaberry, con el fin de solicitar un pronunciamiento con respecto al informe trascendido que indicar\u00eda la factibilidad de la creaci\u00f3n de la Regi\u00f3n de Aconcagua.<br \/>\nLuego del encuentro, el parlamentario manifest\u00f3 que \u00abpor estos d\u00edas ha habido trascendidos de que los informes que se encargaron durante el gobierno de la expresidenta Bachelet, para determinar la factibilidad de la creaci\u00f3n de la Regi\u00f3n de Aconcagua, efectivamente ser\u00edan favorables. Frente a ello, visit\u00e9 al Subsecretario para que exista un pronunciamiento por parte del Gobierno, el Subsecretario me plante\u00f3 que precisamente se encuentran evaluando estos informes con el fin de corroborar que se utilizaron los par\u00e1metros que corresponden para posteriormente, dar curso a un proyecto para ser discutido en el Congreso el d\u00eda de ma\u00f1ana\u00bb, inform\u00f3 el diputado.<br \/>\nFinalmente Longton expres\u00f3 que \u00abes de esperar que este proceso se d\u00e9 dentro de la brevedad posible, para que la gente del valle pueda conocer pronto el futuro de este anhelo que han mantenido por a\u00f1os\u00bb.<\/p>\n<figure id=\"attachment_85405\" aria-describedby=\"caption-attachment-85405\" style=\"width: 580px\" class=\"wp-caption alignnone\"><img data-recalc-dims=\"1\" loading=\"lazy\" decoding=\"async\" class=\"size-full wp-image-85405\" src=\"https:\/\/i0.wp.com\/www.eltrabajo.cl\/2017\/wp-content\/uploads\/2018\/03\/Region1.jpg?resize=580%2C406\" alt=\"El diputado Andr\u00e9s Longton se reuni\u00f3 durante la jornada de ayer con el Subsecretario de Desarrollo Regional y Administrativo (Subdere), Felipe Salaberry.\" width=\"580\" height=\"406\" srcset=\"https:\/\/i0.wp.com\/eltrabajo.cl\/portal\/wp-content\/uploads\/2018\/03\/Region1.jpg?w=580&amp;ssl=1 580w, https:\/\/i0.wp.com\/eltrabajo.cl\/portal\/wp-content\/uploads\/2018\/03\/Region1.jpg?resize=200%2C140&amp;ssl=1 200w, https:\/\/i0.wp.com\/eltrabajo.cl\/portal\/wp-content\/uploads\/2018\/03\/Region1.jpg?resize=300%2C210&amp;ssl=1 300w, https:\/\/i0.wp.com\/eltrabajo.cl\/portal\/wp-content\/uploads\/2018\/03\/Region1.jpg?resize=214%2C150&amp;ssl=1 214w, https:\/\/i0.wp.com\/eltrabajo.cl\/portal\/wp-content\/uploads\/2018\/03\/Region1.jpg?resize=400%2C280&amp;ssl=1 400w\" sizes=\"auto, (max-width: 580px) 100vw, 580px\" \/><figcaption id=\"caption-attachment-85405\" class=\"wp-caption-text\">El diputado Andr\u00e9s Longton se reuni\u00f3 durante la jornada de ayer con el Subsecretario de Desarrollo Regional y Administrativo (Subdere), Felipe Salaberry.<\/figcaption><\/figure>\n","protected":false},"excerpt":{"rendered":"<p>Intendente considera \u201cno positivo\u201d dividir regiones:\u00a0Documento elaborado por la anterior Subdere considera tres opciones territoriales para la creaci\u00f3n de la Regi\u00f3n de Aconcagua: uno metropolitano; uno rural y otro hist\u00f3rico-identitario, arrojando como&#8230;<\/p>\n","protected":false},"author":1,"featured_media":85404,"comment_status":"open","ping_status":"open","sticky":false,"template":"","format":"standard","meta":{"advanced_seo_description":"","jetpack_seo_html_title":"","jetpack_seo_noindex":false,"_jetpack_memberships_contains_paid_content":false,"footnotes":""},"categories":[1],"tags":[],"class_list":["post-85403","post","type-post","status-publish","format-standard","has-post-thumbnail","hentry","category-cronica"],"jetpack_featured_media_url":"https:\/\/i0.wp.com\/eltrabajo.cl\/portal\/wp-content\/uploads\/2018\/03\/Region_Jorge-Martinez.jpg?fit=580%2C498&ssl=1","jetpack_sharing_enabled":true,"jetpack_likes_enabled":true,"jetpack-related-posts":[],"_links":{"self":[{"href":"https:\/\/eltrabajo.cl\/portal\/wp-json\/wp\/v2\/posts\/85403","targetHints":{"allow":["GET"]}}],"collection":[{"href":"https:\/\/eltrabajo.cl\/portal\/wp-json\/wp\/v2\/posts"}],"about":[{"href":"https:\/\/eltrabajo.cl\/portal\/wp-json\/wp\/v2\/types\/post"}],"author":[{"embeddable":true,"href":"https:\/\/eltrabajo.cl\/portal\/wp-json\/wp\/v2\/users\/1"}],"replies":[{"embeddable":true,"href":"https:\/\/eltrabajo.cl\/portal\/wp-json\/wp\/v2\/comments?post=85403"}],"version-history":[{"count":0,"href":"https:\/\/eltrabajo.cl\/portal\/wp-json\/wp\/v2\/posts\/85403\/revisions"}],"wp:featuredmedia":[{"embeddable":true,"href":"https:\/\/eltrabajo.cl\/portal\/wp-json\/wp\/v2\/media\/85404"}],"wp:attachment":[{"href":"https:\/\/eltrabajo.cl\/portal\/wp-json\/wp\/v2\/media?parent=85403"}],"wp:term":[{"taxonomy":"category","embeddable":true,"href":"https:\/\/eltrabajo.cl\/portal\/wp-json\/wp\/v2\/categories?post=85403"},{"taxonomy":"post_tag","embeddable":true,"href":"https:\/\/eltrabajo.cl\/portal\/wp-json\/wp\/v2\/tags?post=85403"}],"curies":[{"name":"wp","href":"https:\/\/api.w.org\/{rel}","templated":true}]}}