{"id":85410,"date":"2018-03-22T05:00:49","date_gmt":"2018-03-22T09:00:49","guid":{"rendered":"http:\/\/www.eltrabajo.cl\/2017\/?p=85410"},"modified":"2018-03-22T05:00:49","modified_gmt":"2018-03-22T09:00:49","slug":"ninos-haitianos-reciben-clases-de-espanol-en-escuela-bernardo-ohiggins","status":"publish","type":"post","link":"https:\/\/eltrabajo.cl\/portal\/ninos-haitianos-reciben-clases-de-espanol-en-escuela-bernardo-ohiggins\/","title":{"rendered":"Ni\u00f1os haitianos reciben clases de espa\u00f1ol en Escuela Bernardo O\u00b4Higgins"},"content":{"rendered":"<figure id=\"attachment_85411\" aria-describedby=\"caption-attachment-85411\" style=\"width: 578px\" class=\"wp-caption alignnone\"><img data-recalc-dims=\"1\" loading=\"lazy\" decoding=\"async\" class=\"size-full wp-image-85411\" src=\"https:\/\/i0.wp.com\/www.eltrabajo.cl\/2017\/wp-content\/uploads\/2018\/03\/clases-de-espa%C3%B1ol.jpg?resize=578%2C400\" alt=\"El asistente de educaci\u00f3n de la escuela, Jos\u00e9 Luis Lazcano, vio la necesidad de los menores de aprender castellano, por lo que se ofreci\u00f3 a ense\u00f1arles debido a sus conocimientos del franc\u00e9s.\" width=\"578\" height=\"400\" srcset=\"https:\/\/i0.wp.com\/eltrabajo.cl\/portal\/wp-content\/uploads\/2018\/03\/clases-de-espa%C3%B1ol.jpg?w=578&amp;ssl=1 578w, https:\/\/i0.wp.com\/eltrabajo.cl\/portal\/wp-content\/uploads\/2018\/03\/clases-de-espa%C3%B1ol.jpg?resize=200%2C138&amp;ssl=1 200w, https:\/\/i0.wp.com\/eltrabajo.cl\/portal\/wp-content\/uploads\/2018\/03\/clases-de-espa%C3%B1ol.jpg?resize=300%2C208&amp;ssl=1 300w, https:\/\/i0.wp.com\/eltrabajo.cl\/portal\/wp-content\/uploads\/2018\/03\/clases-de-espa%C3%B1ol.jpg?resize=217%2C150&amp;ssl=1 217w, https:\/\/i0.wp.com\/eltrabajo.cl\/portal\/wp-content\/uploads\/2018\/03\/clases-de-espa%C3%B1ol.jpg?resize=400%2C277&amp;ssl=1 400w\" sizes=\"auto, (max-width: 578px) 100vw, 578px\" \/><figcaption id=\"caption-attachment-85411\" class=\"wp-caption-text\">El asistente de educaci\u00f3n de la escuela, Jos\u00e9 Luis Lazcano, vio la necesidad de los menores de aprender castellano, por lo que se ofreci\u00f3 a ense\u00f1arles debido a sus conocimientos del franc\u00e9s.<\/figcaption><\/figure>\n<p>Uno de los sellos de la Escuela Bernardo O\u00b4Higgins, es integrar a todos sus alumnos y desarrollar sus habilidades y talentos, por ello, ante la llegada de una importante cantidad de ni\u00f1os extranjeros, est\u00e1n desarrollando una interesante iniciativa.<br \/>\nLa idea naci\u00f3 de Jos\u00e9 Luis Lazcano, quien se desempe\u00f1a como asistente de la educaci\u00f3n de la escuela, quien al ver que los ni\u00f1os que han llegado de Hait\u00ed no conoc\u00edan el idioma, y \u00e9l teniendo algunas nociones de franc\u00e9s, se ofreci\u00f3 para dictar clases de espa\u00f1ol a los peque\u00f1os.<br \/>\n\u00abSe hace necesario empezar a apoyar a los alumnos, que son muy inteligentes, pero que tienen el idioma como barrera, entonces nuestra misi\u00f3n este a\u00f1o fue recibir a muchos, en este momento estamos sobre los 15 alumnos extranjeros y la idea es dar apoyo extra, en cuanto a atenci\u00f3n y nivelaci\u00f3n en cuanto al curr\u00edculum y particularmente a los alumnos haitianos se les ha dado un apoyo para que ellos puedan aprender\u00bb, dijo Sebasti\u00e1n Candia, director del establecimiento.<br \/>\nSeg\u00fan comenta el director, durante las primeras semanas de clases, los ni\u00f1os haitianos eran solo espectadores dentro de la sala de clases, pero luego de algunas clases de espa\u00f1ol, ahora los ni\u00f1os son capaces de interactuar con el profesor y van entendiendo poco a poco el idioma.<br \/>\n\u00abNace como una iniciativa personal del asistente de la educaci\u00f3n, Jos\u00e9 Luis Lazcano, de poder sacar a estos alumnos en ciertos horarios y ense\u00f1arles a leer, eso ha resultado una experiencia bastante novedosa, les ha gustado a los ni\u00f1os y est\u00e1n entusiasmados y cuando llegan a sus clases se encuentran m\u00e1s en casa, que era el objetivo final\u00bb, sostuvo el director.<br \/>\nLa iniciativa contin\u00faa pr\u00e1cticamente todos los d\u00edas y se va a mantener hasta que todos los ni\u00f1os logren entender el idioma y puedan comunicarse.<\/p>\n","protected":false},"excerpt":{"rendered":"<p>Uno de los sellos de la Escuela Bernardo O\u00b4Higgins, es integrar a todos sus alumnos y desarrollar sus habilidades y talentos, por ello, ante la llegada de una importante cantidad de ni\u00f1os&#8230;<\/p>\n","protected":false},"author":1,"featured_media":85411,"comment_status":"open","ping_status":"open","sticky":false,"template":"","format":"standard","meta":{"advanced_seo_description":"","jetpack_seo_html_title":"","jetpack_seo_noindex":false,"_jetpack_memberships_contains_paid_content":false,"footnotes":""},"categories":[15],"tags":[],"class_list":["post-85410","post","type-post","status-publish","format-standard","has-post-thumbnail","hentry","category-comunidad"],"jetpack_featured_media_url":"https:\/\/i0.wp.com\/eltrabajo.cl\/portal\/wp-content\/uploads\/2018\/03\/clases-de-espa%C3%B1ol.jpg?fit=578%2C400&ssl=1","jetpack_sharing_enabled":true,"jetpack_likes_enabled":true,"jetpack-related-posts":[],"_links":{"self":[{"href":"https:\/\/eltrabajo.cl\/portal\/wp-json\/wp\/v2\/posts\/85410","targetHints":{"allow":["GET"]}}],"collection":[{"href":"https:\/\/eltrabajo.cl\/portal\/wp-json\/wp\/v2\/posts"}],"about":[{"href":"https:\/\/eltrabajo.cl\/portal\/wp-json\/wp\/v2\/types\/post"}],"author":[{"embeddable":true,"href":"https:\/\/eltrabajo.cl\/portal\/wp-json\/wp\/v2\/users\/1"}],"replies":[{"embeddable":true,"href":"https:\/\/eltrabajo.cl\/portal\/wp-json\/wp\/v2\/comments?post=85410"}],"version-history":[{"count":0,"href":"https:\/\/eltrabajo.cl\/portal\/wp-json\/wp\/v2\/posts\/85410\/revisions"}],"wp:featuredmedia":[{"embeddable":true,"href":"https:\/\/eltrabajo.cl\/portal\/wp-json\/wp\/v2\/media\/85411"}],"wp:attachment":[{"href":"https:\/\/eltrabajo.cl\/portal\/wp-json\/wp\/v2\/media?parent=85410"}],"wp:term":[{"taxonomy":"category","embeddable":true,"href":"https:\/\/eltrabajo.cl\/portal\/wp-json\/wp\/v2\/categories?post=85410"},{"taxonomy":"post_tag","embeddable":true,"href":"https:\/\/eltrabajo.cl\/portal\/wp-json\/wp\/v2\/tags?post=85410"}],"curies":[{"name":"wp","href":"https:\/\/api.w.org\/{rel}","templated":true}]}}