{"id":85413,"date":"2018-03-22T05:01:33","date_gmt":"2018-03-22T09:01:33","guid":{"rendered":"http:\/\/www.eltrabajo.cl\/2017\/?p=85413"},"modified":"2018-03-22T05:01:33","modified_gmt":"2018-03-22T09:01:33","slug":"dog-running-sera-uno-de-los-principales-atractivos-de-la-filan-2018","status":"publish","type":"post","link":"https:\/\/eltrabajo.cl\/portal\/dog-running-sera-uno-de-los-principales-atractivos-de-la-filan-2018\/","title":{"rendered":"\u2018Dog Running\u2019 ser\u00e1 uno de los principales atractivos de la Filan 2018"},"content":{"rendered":"<figure id=\"attachment_85414\" aria-describedby=\"caption-attachment-85414\" style=\"width: 580px\" class=\"wp-caption alignnone\"><img data-recalc-dims=\"1\" loading=\"lazy\" decoding=\"async\" class=\"size-full wp-image-85414\" src=\"https:\/\/i0.wp.com\/www.eltrabajo.cl\/2017\/wp-content\/uploads\/2018\/03\/Filan-3.jpg?resize=580%2C400\" alt=\"La Filan es una de las ferias m\u00e1s antiguas del pa\u00eds y cuenta con el patrocinio del Gobierno Regional de Valpara\u00edso, la Municipalidad de Los Andes, siendo organizada por la Junta de Adelanto de Los Andes y la colaboraci\u00f3n de Codelco Divisi\u00f3n Andina y la Ecogranja, entre otros protagonistas.\" width=\"580\" height=\"400\" srcset=\"https:\/\/i0.wp.com\/eltrabajo.cl\/portal\/wp-content\/uploads\/2018\/03\/Filan-3.jpg?w=580&amp;ssl=1 580w, https:\/\/i0.wp.com\/eltrabajo.cl\/portal\/wp-content\/uploads\/2018\/03\/Filan-3.jpg?resize=200%2C138&amp;ssl=1 200w, https:\/\/i0.wp.com\/eltrabajo.cl\/portal\/wp-content\/uploads\/2018\/03\/Filan-3.jpg?resize=300%2C207&amp;ssl=1 300w, https:\/\/i0.wp.com\/eltrabajo.cl\/portal\/wp-content\/uploads\/2018\/03\/Filan-3.jpg?resize=218%2C150&amp;ssl=1 218w, https:\/\/i0.wp.com\/eltrabajo.cl\/portal\/wp-content\/uploads\/2018\/03\/Filan-3.jpg?resize=400%2C276&amp;ssl=1 400w\" sizes=\"auto, (max-width: 580px) 100vw, 580px\" \/><figcaption id=\"caption-attachment-85414\" class=\"wp-caption-text\">La Filan es una de las ferias m\u00e1s antiguas del pa\u00eds y cuenta con el patrocinio del Gobierno Regional de Valpara\u00edso, la Municipalidad de Los Andes, siendo organizada por la Junta de Adelanto de Los Andes y la colaboraci\u00f3n de Codelco Divisi\u00f3n Andina y la Ecogranja, entre otros protagonistas.<\/figcaption><\/figure>\n<ul>\n<li><span style=\"color: #ff0000;\"><strong>Versi\u00f3n 42 de la Feria Internacional de Los Andes, tradiciones y desarrollo del Valle de Aconcagua<\/strong><\/span><\/li>\n<\/ul>\n<p><strong>LOS ANDES.-<\/strong> Ya est\u00e1 todo listo para dar inicio a una nueva versi\u00f3n de la Feria Internacional de Los Andes \u2013 Filan 2018, importante evento ferial que se ha constituido en una instancia de gran inter\u00e9s para la promoci\u00f3n de productos y servicios, exhibici\u00f3n de la capacidad tur\u00edstica de nuestro valle y de sus socios, tanto chilenos como internacionales, ofreciendo una variada gama de actividades recreativas y art\u00edstico-culturales. Dentro de las novedades de este a\u00f1o est\u00e1 la \u2018Dog Running\u2019, instancia que reunir\u00e1 a la familia y sus mascotas en torno al deporte al aire libre.<br \/>\nLa Filan, una de las ferias m\u00e1s antiguas del pa\u00eds, cuenta con el patrocinio del Gobierno Regional de Valpara\u00edso, la Municipalidad de Los Andes, organizada por la Junta de Adelanto de Los Andes y la colaboraci\u00f3n de Codelco Divisi\u00f3n Andina y la Ecogranja, entre otros protagonistas.<br \/>\nCon mucha expectaci\u00f3n se espera esta nueva versi\u00f3n se\u00f1al\u00f3 el alcalde Manuel Rivera, destacando el hecho de volver a realizarla en la fecha original durante Semana Santa: \u201cEsperamos volver a tener el sello que tuvo cuando comenz\u00f3, un lugar de encuentro para dar a conocer todas las actividades econ\u00f3micas productivas de nuestra ciudad, que se fue volcando con el correr de los a\u00f1os en un referente de entretenci\u00f3n con cabida para el mundo de los artesanos, de los microempresarios\u201d.<br \/>\nGloria Mundaca, coordinadora de la Filan, detall\u00f3 que para este a\u00f1o s\u00f3lo queda la inauguraci\u00f3n para el disfrute de los asistentes: \u201cHemos hecho de todo para que sea mejor que el a\u00f1o pasado. Como novedad tenemos una carrera de perros, donde las mascotas van a correr con sus amos. Vamos a tener un stand especialmente dedicado a la inscripci\u00f3n, hay una serie de premios, va a ser algo realmente entretenido\u201d.<br \/>\nLa Dog Running ser\u00e1 el s\u00e1bado 31 de marzo a las 10:00 horas, el recorrido contempla la Plaza del Fundador en el Parque Urbano, Avenida Santa Teresa, calles Freire, Yerbas Buenas, Avenida Per\u00fa y Santa Teresa, hasta regresar a la Plaza del Fundador. Las inscripciones ser\u00e1n en el Centro Cultural ubicado en Maip\u00fa 475, el martes 27 y mi\u00e9rcoles 28 de marzo, en horario de 10:00 a 13:00 y 15:00 a 18:00 horas, mientras que el stand en el Parque Urbano estar\u00e1 disponible desde el jueves 29 de 10:00 a 13:00 y 15:00 a 21:00 horas.<br \/>\nEn paralelo a este panorama deportivo, la Filan ofrecer\u00e1 otros atractivos, como cine, juegos infantiles, m\u00fasica en vivo, demostraciones art\u00edsticas y culturales, un pabell\u00f3n internacional y muchos productos gourmet.<br \/>\n\u201cTenemos una empresa que viene con chocolates fabulosos, viene gente de Argentina: Las Heras, Luj\u00e1n, Cuyo y de Mendoza, del sur viene gente incluso hasta de Puc\u00f3n. Desde Pomaire los verdaderos artesanos; vienen de Chimbarongo, de muchas partes no solamente del valle, eso ya es diferente a los otros a\u00f1os\u201d, agreg\u00f3 Gloria Mundaca.<br \/>\nMarta Yochum, parte del Directorio de la Junta de Adelanto de Los Andes, calific\u00f3 la Filan como un evento hist\u00f3rico, invitando a toda la comunidad del Valle de Aconcagua a ser parte de esta nueva edici\u00f3n: \u201cM\u00e1s de 40 a\u00f1os ocupando la fecha de Semana Santa como una forma de invitar a la comunidad de tal manera de desarrollar el turismo dentro de la zona. La Junta de Adelanto est\u00e1 comprometida con este evento, comprometida con lo que pueda aportar, con mantenerlo como un evento internacional, estamos muy orgullosos de lo que estamos haciendo\u201d.<br \/>\nLa ceremonia de inauguraci\u00f3n de la Filan 2018 ser\u00e1 el jueves 29 de marzo a las 19:00 horas en el anfiteatro del Parque Ambrosio O\u2019Higgins, instancia a la que est\u00e1 invitada toda la comunidad del Valle de Aconcagua para compartir presentaciones art\u00edsticas y realizar un recorrido por toda la oferta de stands que para esa fecha ya estar\u00e1n en pleno funcionamiento.<\/p>\n","protected":false},"excerpt":{"rendered":"<p>Versi\u00f3n 42 de la Feria Internacional de Los Andes, tradiciones y desarrollo del Valle de Aconcagua LOS ANDES.- Ya est\u00e1 todo listo para dar inicio a una nueva versi\u00f3n de la Feria&#8230;<\/p>\n","protected":false},"author":1,"featured_media":85414,"comment_status":"open","ping_status":"open","sticky":false,"template":"","format":"standard","meta":{"advanced_seo_description":"","jetpack_seo_html_title":"","jetpack_seo_noindex":false,"_jetpack_memberships_contains_paid_content":false,"footnotes":""},"categories":[1],"tags":[],"class_list":["post-85413","post","type-post","status-publish","format-standard","has-post-thumbnail","hentry","category-cronica"],"jetpack_featured_media_url":"https:\/\/i0.wp.com\/eltrabajo.cl\/portal\/wp-content\/uploads\/2018\/03\/Filan-3.jpg?fit=580%2C400&ssl=1","jetpack_sharing_enabled":true,"jetpack_likes_enabled":true,"jetpack-related-posts":[],"_links":{"self":[{"href":"https:\/\/eltrabajo.cl\/portal\/wp-json\/wp\/v2\/posts\/85413","targetHints":{"allow":["GET"]}}],"collection":[{"href":"https:\/\/eltrabajo.cl\/portal\/wp-json\/wp\/v2\/posts"}],"about":[{"href":"https:\/\/eltrabajo.cl\/portal\/wp-json\/wp\/v2\/types\/post"}],"author":[{"embeddable":true,"href":"https:\/\/eltrabajo.cl\/portal\/wp-json\/wp\/v2\/users\/1"}],"replies":[{"embeddable":true,"href":"https:\/\/eltrabajo.cl\/portal\/wp-json\/wp\/v2\/comments?post=85413"}],"version-history":[{"count":0,"href":"https:\/\/eltrabajo.cl\/portal\/wp-json\/wp\/v2\/posts\/85413\/revisions"}],"wp:featuredmedia":[{"embeddable":true,"href":"https:\/\/eltrabajo.cl\/portal\/wp-json\/wp\/v2\/media\/85414"}],"wp:attachment":[{"href":"https:\/\/eltrabajo.cl\/portal\/wp-json\/wp\/v2\/media?parent=85413"}],"wp:term":[{"taxonomy":"category","embeddable":true,"href":"https:\/\/eltrabajo.cl\/portal\/wp-json\/wp\/v2\/categories?post=85413"},{"taxonomy":"post_tag","embeddable":true,"href":"https:\/\/eltrabajo.cl\/portal\/wp-json\/wp\/v2\/tags?post=85413"}],"curies":[{"name":"wp","href":"https:\/\/api.w.org\/{rel}","templated":true}]}}