{"id":85423,"date":"2018-03-22T05:05:51","date_gmt":"2018-03-22T09:05:51","guid":{"rendered":"http:\/\/www.eltrabajo.cl\/2017\/?p=85423"},"modified":"2018-03-22T05:05:51","modified_gmt":"2018-03-22T09:05:51","slug":"olor-a-plaguicida-obligo-a-evacuar-220-estudiantes-de-la-escuela-almendral","status":"publish","type":"post","link":"https:\/\/eltrabajo.cl\/portal\/olor-a-plaguicida-obligo-a-evacuar-220-estudiantes-de-la-escuela-almendral\/","title":{"rendered":"Olor a plaguicida oblig\u00f3 a evacuar 220 estudiantes de la Escuela Almendral"},"content":{"rendered":"<figure id=\"attachment_85428\" aria-describedby=\"caption-attachment-85428\" style=\"width: 580px\" class=\"wp-caption alignnone\"><img data-recalc-dims=\"1\" loading=\"lazy\" decoding=\"async\" class=\"size-full wp-image-85428\" src=\"https:\/\/i0.wp.com\/www.eltrabajo.cl\/2017\/wp-content\/uploads\/2018\/03\/Plaguicida4.jpg?resize=580%2C399\" alt=\"SILENCIO TOTAL.- As\u00ed luc\u00eda en horas de la tarde este centro educativo, vac\u00edo y a la espera de que vuelvan hoy quienes le dan vida, los 220 ni\u00f1os que en ella estudian.\" width=\"580\" height=\"399\" srcset=\"https:\/\/i0.wp.com\/eltrabajo.cl\/portal\/wp-content\/uploads\/2018\/03\/Plaguicida4.jpg?w=580&amp;ssl=1 580w, https:\/\/i0.wp.com\/eltrabajo.cl\/portal\/wp-content\/uploads\/2018\/03\/Plaguicida4.jpg?resize=200%2C138&amp;ssl=1 200w, https:\/\/i0.wp.com\/eltrabajo.cl\/portal\/wp-content\/uploads\/2018\/03\/Plaguicida4.jpg?resize=300%2C206&amp;ssl=1 300w, https:\/\/i0.wp.com\/eltrabajo.cl\/portal\/wp-content\/uploads\/2018\/03\/Plaguicida4.jpg?resize=218%2C150&amp;ssl=1 218w, https:\/\/i0.wp.com\/eltrabajo.cl\/portal\/wp-content\/uploads\/2018\/03\/Plaguicida4.jpg?resize=400%2C275&amp;ssl=1 400w\" sizes=\"auto, (max-width: 580px) 100vw, 580px\" \/><figcaption id=\"caption-attachment-85428\" class=\"wp-caption-text\">SILENCIO TOTAL.- As\u00ed luc\u00eda en horas de la tarde este centro educativo, vac\u00edo y a la espera de que vuelvan hoy quienes le dan vida, los 220 ni\u00f1os que en ella estudian.<\/figcaption><\/figure>\n<p>Una evacuaci\u00f3n total de profesores y los 220 estudiantes de la Escuela Almendral determin\u00f3 realizar ayer en horas de la ma\u00f1ana, el Director de establecimiento, Juan Carlos Ram\u00edrez, luego que varios ni\u00f1os empezaran a presentar mareos y malestar estomacal. Lo anterior a ra\u00edz del fuerte olor a plaguicidas que se respiraba en ese centro educativo desde que inici\u00f3 el d\u00eda lectivo.<br \/>\nAs\u00ed lo confirm\u00f3 a Diario El Trabajo el funcionario, quien prefiri\u00f3 activar los protocolos de seguridad antes que lamentar un mal mayor. Entre este procedimiento se contempl\u00f3 tambi\u00e9n dar aviso al alcalde Patricio Freire y la misma Daem, la que nos permiti\u00f3 a la vez acceder al personal para desarrollar nuestra investigaci\u00f3n period\u00edstica.<br \/>\n\u00abA las diez de la ma\u00f1ana aproximadamente se activ\u00f3 un protocolo de seguridad porque hab\u00eda un fuerte olor a plaguicida, los alumnos fueron trasladados hasta la iglesia del sector y con otros funcionarios volvimos al establecimiento para revisar si el olor continuaba. Revisamos todas las dependencias, no hab\u00eda ya m\u00e1s olor, al menos no olor fuerte ni suave tampoco, revisamos tambi\u00e9n el terreno atr\u00e1s de la escuela, ah\u00ed s\u00ed hab\u00eda todav\u00eda olor. Se hab\u00eda detenido la fumigaci\u00f3n luego que una funcionaria fue a hablar con la gente que fumigaba, llamamos a la prevencionista de la Daem para que nos informaran sobre qu\u00e9 protocolo seguir, y como ya hab\u00eda pasado una hora despu\u00e9s de la evacuaci\u00f3n, los ni\u00f1os regresaron a la escuela, pues necesit\u00e1bamos despacharlos desde ac\u00e1 y as\u00ed lo hicimos. Luego fuimos con la prevencionista a revisar el terreno, a\u00fan no se determina qu\u00e9 clase de plaguicida se utiliz\u00f3, pues algunos alumnos sufrieron mareos (\u2026) ning\u00fan estudiante fue hospitalizado, la informaci\u00f3n que se nos dio por parte de los trabajadores, es que despu\u00e9s que despach\u00e1ramos a los ni\u00f1os, ellos volver\u00edan a aplicar l\u00edquido, vamos a coordinar con los due\u00f1os del terreno para evitar este tipo de situaci\u00f3n, ojala que pudieran fumigar durante los s\u00e1bados o domingos\u00bb, dijo Juan Carlos Ram\u00edrez.<\/p>\n<p><span style=\"color: #ff0000;\"><strong>SEREMI INVESTIGA<\/strong><\/span><br \/>\nDiario El Trabajo tambi\u00e9n hizo una visita al lugar, cuando llegamos nos encontramos con varios funcionarios de la Seremi de Salud, quienes levantaron un informe sobre esta situaci\u00f3n, pese a que no brindaron declaraciones de forma oficial, s\u00ed corroboraron la versi\u00f3n del director de la escuela.<br \/>\nAunque no hubo hospitalizaci\u00f3n de ning\u00fan ni\u00f1o por este caso, algunos apoderados llamaron a nuestro medio para informar que hab\u00eda personal y veh\u00edculo m\u00e9dico trasladando personas al Hospital San Camilo, versi\u00f3n que fue confirmada por nuestro medio, pero se trataba de un caso totalmente aparte del tema del olor, era un caso de un adulto con problemas de diabetes. Se espera que hoy jueves las clases se reanuden sin ning\u00fan contratiempo.<br \/>\n<strong>Roberto Gonz\u00e1lez Short<\/strong><\/p>\n<figure id=\"attachment_85424\" aria-describedby=\"caption-attachment-85424\" style=\"width: 579px\" class=\"wp-caption alignnone\"><img data-recalc-dims=\"1\" loading=\"lazy\" decoding=\"async\" class=\"size-full wp-image-85424\" src=\"https:\/\/i0.wp.com\/www.eltrabajo.cl\/2017\/wp-content\/uploads\/2018\/03\/Plaguicida_Juan-Carlos-Ramirez.jpg?resize=579%2C579\" alt=\"Juan Carlos Ram\u00edrez, director de la Escuela Almendral.\" width=\"579\" height=\"579\" srcset=\"https:\/\/i0.wp.com\/eltrabajo.cl\/portal\/wp-content\/uploads\/2018\/03\/Plaguicida_Juan-Carlos-Ramirez.jpg?w=579&amp;ssl=1 579w, https:\/\/i0.wp.com\/eltrabajo.cl\/portal\/wp-content\/uploads\/2018\/03\/Plaguicida_Juan-Carlos-Ramirez.jpg?resize=150%2C150&amp;ssl=1 150w, https:\/\/i0.wp.com\/eltrabajo.cl\/portal\/wp-content\/uploads\/2018\/03\/Plaguicida_Juan-Carlos-Ramirez.jpg?resize=300%2C300&amp;ssl=1 300w, https:\/\/i0.wp.com\/eltrabajo.cl\/portal\/wp-content\/uploads\/2018\/03\/Plaguicida_Juan-Carlos-Ramirez.jpg?resize=400%2C400&amp;ssl=1 400w\" sizes=\"auto, (max-width: 579px) 100vw, 579px\" \/><figcaption id=\"caption-attachment-85424\" class=\"wp-caption-text\">Juan Carlos Ram\u00edrez, director de la Escuela Almendral.<\/figcaption><\/figure>\n<figure id=\"attachment_85426\" aria-describedby=\"caption-attachment-85426\" style=\"width: 580px\" class=\"wp-caption alignnone\"><img data-recalc-dims=\"1\" loading=\"lazy\" decoding=\"async\" class=\"size-full wp-image-85426\" src=\"https:\/\/i0.wp.com\/www.eltrabajo.cl\/2017\/wp-content\/uploads\/2018\/03\/Plaguicida2.jpg?resize=580%2C400\" alt=\"HUBO PREOCUPACI\u00d3N.- Personal de la escuela y de la Seremi de Salud revisaban ayer el fundo en donde se aplic\u00f3 el qu\u00edmico.\" width=\"580\" height=\"400\" srcset=\"https:\/\/i0.wp.com\/eltrabajo.cl\/portal\/wp-content\/uploads\/2018\/03\/Plaguicida2.jpg?w=580&amp;ssl=1 580w, https:\/\/i0.wp.com\/eltrabajo.cl\/portal\/wp-content\/uploads\/2018\/03\/Plaguicida2.jpg?resize=200%2C138&amp;ssl=1 200w, https:\/\/i0.wp.com\/eltrabajo.cl\/portal\/wp-content\/uploads\/2018\/03\/Plaguicida2.jpg?resize=300%2C207&amp;ssl=1 300w, https:\/\/i0.wp.com\/eltrabajo.cl\/portal\/wp-content\/uploads\/2018\/03\/Plaguicida2.jpg?resize=218%2C150&amp;ssl=1 218w, https:\/\/i0.wp.com\/eltrabajo.cl\/portal\/wp-content\/uploads\/2018\/03\/Plaguicida2.jpg?resize=400%2C276&amp;ssl=1 400w\" sizes=\"auto, (max-width: 580px) 100vw, 580px\" \/><figcaption id=\"caption-attachment-85426\" class=\"wp-caption-text\">HUBO PREOCUPACI\u00d3N.- Personal de la escuela y de la Seremi de Salud revisaban ayer el fundo en donde se aplic\u00f3 el qu\u00edmico.<\/figcaption><\/figure>\n<figure id=\"attachment_85427\" aria-describedby=\"caption-attachment-85427\" style=\"width: 580px\" class=\"wp-caption alignnone\"><img data-recalc-dims=\"1\" loading=\"lazy\" decoding=\"async\" class=\"size-full wp-image-85427\" src=\"https:\/\/i0.wp.com\/www.eltrabajo.cl\/2017\/wp-content\/uploads\/2018\/03\/Plaguicida3.jpg?resize=580%2C400\" alt=\"SIN AVISAR.- Funcionarios de la Seremi de Salud est\u00e1n investigando este caso, pues el qu\u00edmico fue aplicado sin dar aviso al director de la escuela.\" width=\"580\" height=\"400\" srcset=\"https:\/\/i0.wp.com\/eltrabajo.cl\/portal\/wp-content\/uploads\/2018\/03\/Plaguicida3.jpg?w=580&amp;ssl=1 580w, https:\/\/i0.wp.com\/eltrabajo.cl\/portal\/wp-content\/uploads\/2018\/03\/Plaguicida3.jpg?resize=200%2C138&amp;ssl=1 200w, https:\/\/i0.wp.com\/eltrabajo.cl\/portal\/wp-content\/uploads\/2018\/03\/Plaguicida3.jpg?resize=300%2C207&amp;ssl=1 300w, https:\/\/i0.wp.com\/eltrabajo.cl\/portal\/wp-content\/uploads\/2018\/03\/Plaguicida3.jpg?resize=218%2C150&amp;ssl=1 218w, https:\/\/i0.wp.com\/eltrabajo.cl\/portal\/wp-content\/uploads\/2018\/03\/Plaguicida3.jpg?resize=400%2C276&amp;ssl=1 400w\" sizes=\"auto, (max-width: 580px) 100vw, 580px\" \/><figcaption id=\"caption-attachment-85427\" class=\"wp-caption-text\">SIN AVISAR.- Funcionarios de la Seremi de Salud est\u00e1n investigando este caso, pues el qu\u00edmico fue aplicado sin dar aviso al director de la escuela.<\/figcaption><\/figure>\n<figure id=\"attachment_85425\" aria-describedby=\"caption-attachment-85425\" style=\"width: 580px\" class=\"wp-caption alignnone\"><img data-recalc-dims=\"1\" loading=\"lazy\" decoding=\"async\" class=\"size-full wp-image-85425\" src=\"https:\/\/i0.wp.com\/www.eltrabajo.cl\/2017\/wp-content\/uploads\/2018\/03\/Plaguicida1.jpg?resize=580%2C400\" alt=\"EVACUADOS.- Todos los estudiantes fueron evacuados de manera preventiva ante el fuerte olor a plaguicida al interior de la Escuela Almendral.\" width=\"580\" height=\"400\" srcset=\"https:\/\/i0.wp.com\/eltrabajo.cl\/portal\/wp-content\/uploads\/2018\/03\/Plaguicida1.jpg?w=580&amp;ssl=1 580w, https:\/\/i0.wp.com\/eltrabajo.cl\/portal\/wp-content\/uploads\/2018\/03\/Plaguicida1.jpg?resize=200%2C138&amp;ssl=1 200w, https:\/\/i0.wp.com\/eltrabajo.cl\/portal\/wp-content\/uploads\/2018\/03\/Plaguicida1.jpg?resize=300%2C207&amp;ssl=1 300w, https:\/\/i0.wp.com\/eltrabajo.cl\/portal\/wp-content\/uploads\/2018\/03\/Plaguicida1.jpg?resize=218%2C150&amp;ssl=1 218w, https:\/\/i0.wp.com\/eltrabajo.cl\/portal\/wp-content\/uploads\/2018\/03\/Plaguicida1.jpg?resize=400%2C276&amp;ssl=1 400w\" sizes=\"auto, (max-width: 580px) 100vw, 580px\" \/><figcaption id=\"caption-attachment-85425\" class=\"wp-caption-text\">EVACUADOS.- Todos los estudiantes fueron evacuados de manera preventiva ante el fuerte olor a plaguicida al interior de la Escuela Almendral.<\/figcaption><\/figure>\n","protected":false},"excerpt":{"rendered":"<p>Una evacuaci\u00f3n total de profesores y los 220 estudiantes de la Escuela Almendral determin\u00f3 realizar ayer en horas de la ma\u00f1ana, el Director de establecimiento, Juan Carlos Ram\u00edrez, luego que varios ni\u00f1os&#8230;<\/p>\n","protected":false},"author":1,"featured_media":85425,"comment_status":"open","ping_status":"open","sticky":false,"template":"","format":"standard","meta":{"advanced_seo_description":"","jetpack_seo_html_title":"","jetpack_seo_noindex":false,"_jetpack_memberships_contains_paid_content":false,"footnotes":""},"categories":[1],"tags":[],"class_list":["post-85423","post","type-post","status-publish","format-standard","has-post-thumbnail","hentry","category-cronica"],"jetpack_featured_media_url":"https:\/\/i0.wp.com\/eltrabajo.cl\/portal\/wp-content\/uploads\/2018\/03\/Plaguicida1.jpg?fit=580%2C400&ssl=1","jetpack_sharing_enabled":true,"jetpack_likes_enabled":true,"jetpack-related-posts":[],"_links":{"self":[{"href":"https:\/\/eltrabajo.cl\/portal\/wp-json\/wp\/v2\/posts\/85423","targetHints":{"allow":["GET"]}}],"collection":[{"href":"https:\/\/eltrabajo.cl\/portal\/wp-json\/wp\/v2\/posts"}],"about":[{"href":"https:\/\/eltrabajo.cl\/portal\/wp-json\/wp\/v2\/types\/post"}],"author":[{"embeddable":true,"href":"https:\/\/eltrabajo.cl\/portal\/wp-json\/wp\/v2\/users\/1"}],"replies":[{"embeddable":true,"href":"https:\/\/eltrabajo.cl\/portal\/wp-json\/wp\/v2\/comments?post=85423"}],"version-history":[{"count":0,"href":"https:\/\/eltrabajo.cl\/portal\/wp-json\/wp\/v2\/posts\/85423\/revisions"}],"wp:featuredmedia":[{"embeddable":true,"href":"https:\/\/eltrabajo.cl\/portal\/wp-json\/wp\/v2\/media\/85425"}],"wp:attachment":[{"href":"https:\/\/eltrabajo.cl\/portal\/wp-json\/wp\/v2\/media?parent=85423"}],"wp:term":[{"taxonomy":"category","embeddable":true,"href":"https:\/\/eltrabajo.cl\/portal\/wp-json\/wp\/v2\/categories?post=85423"},{"taxonomy":"post_tag","embeddable":true,"href":"https:\/\/eltrabajo.cl\/portal\/wp-json\/wp\/v2\/tags?post=85423"}],"curies":[{"name":"wp","href":"https:\/\/api.w.org\/{rel}","templated":true}]}}