{"id":85433,"date":"2018-03-23T05:00:08","date_gmt":"2018-03-23T09:00:08","guid":{"rendered":"http:\/\/www.eltrabajo.cl\/2017\/?p=85433"},"modified":"2018-03-23T05:00:08","modified_gmt":"2018-03-23T09:00:08","slug":"alumnos-y-profesores-entrenan-para-la-ii-corrida-familiar-del-liceo-san-felipe","status":"publish","type":"post","link":"https:\/\/eltrabajo.cl\/portal\/alumnos-y-profesores-entrenan-para-la-ii-corrida-familiar-del-liceo-san-felipe\/","title":{"rendered":"Alumnos y profesores entrenan para la II Corrida Familiar del Liceo San Felipe"},"content":{"rendered":"<figure id=\"attachment_85436\" aria-describedby=\"caption-attachment-85436\" style=\"width: 580px\" class=\"wp-caption alignnone\"><img data-recalc-dims=\"1\" loading=\"lazy\" decoding=\"async\" class=\"size-full wp-image-85436\" src=\"https:\/\/i0.wp.com\/www.eltrabajo.cl\/2017\/wp-content\/uploads\/2018\/03\/Corrida2.jpg?resize=580%2C617\" alt=\"\u00c9CHENLE GANAS CHIQUILLOS.- Y los m\u00e1s grandes tambi\u00e9n est\u00e1n entrenando duro, pues en cada uno de ellos el deseo de triunfar est\u00e1 latente.\" width=\"580\" height=\"617\" srcset=\"https:\/\/i0.wp.com\/eltrabajo.cl\/portal\/wp-content\/uploads\/2018\/03\/Corrida2.jpg?w=580&amp;ssl=1 580w, https:\/\/i0.wp.com\/eltrabajo.cl\/portal\/wp-content\/uploads\/2018\/03\/Corrida2.jpg?resize=141%2C150&amp;ssl=1 141w, https:\/\/i0.wp.com\/eltrabajo.cl\/portal\/wp-content\/uploads\/2018\/03\/Corrida2.jpg?resize=282%2C300&amp;ssl=1 282w, https:\/\/i0.wp.com\/eltrabajo.cl\/portal\/wp-content\/uploads\/2018\/03\/Corrida2.jpg?resize=400%2C426&amp;ssl=1 400w\" sizes=\"auto, (max-width: 580px) 100vw, 580px\" \/><figcaption id=\"caption-attachment-85436\" class=\"wp-caption-text\">\u00c9CHENLE GANAS CHIQUILLOS.- Y los m\u00e1s grandes tambi\u00e9n est\u00e1n entrenando duro, pues en cada uno de ellos el deseo de triunfar est\u00e1 latente.<\/figcaption><\/figure>\n<ul>\n<li><span style=\"color: #ff0000;\"><strong>Evento se realizar\u00e1 el viernes 6 de abril:<\/strong><\/span><\/li>\n<\/ul>\n<p>Muy aplicados a sus entrenamientos est\u00e1n los estudiantes del Liceo San Felipe de cara a la segunda Corrida Familiar que este establecimiento educacional desarrollar\u00e1 en Poblaci\u00f3n San Felipe el pr\u00f3ximo viernes 6 de abril en los alrededores del colegio.<br \/>\nAs\u00ed lo inform\u00f3 a Diario El Trabajo la profesora de educaci\u00f3n f\u00edsica, Natalia Fari\u00f1a Rodr\u00edguez: \u00abEsta ser\u00e1 una jornada en la que participaremos profesores, alumnos y familiares de nuestros 200 estudiantes, por \u00f3rdenes de nuestra directora Carmen Gloria V\u00e1squez estamos haciendo entrenamientos en el patio principal del colegio, todos los ni\u00f1os que quieran podr\u00e1n correr en estas dos corridas, la primera ser\u00e1 para los m\u00e1s peque\u00f1itos, la 2K, y la segunda es la 4K, para los j\u00f3venes y adultos; habr\u00e1 trofeos y medallas para los participantes, especialmente a los primeros lugares. En realidad lo que m\u00e1s nos motiva con esta corrida, es acercarnos m\u00e1s a las familias de los estudiantes, pues las relaciones humanas son muy importantes en este proceso integral de la educaci\u00f3n en nuestra comunidad educativa\u00bb, dijo Fari\u00f1a.<br \/>\nEl a\u00f1o pasado en la primera corrida, participaron unas 215 personas, este a\u00f1o se espera una cantidad similar, la profesora Fari\u00f1a inform\u00f3 tambi\u00e9n que habr\u00e1 premios sorpresa para algunos competidores, la inscripci\u00f3n es gratuita y desde ya se pueden anotar los vecinos en el mismo colegio.<br \/>\nEsta actividad es desarrollada como una instancia para fomentar la vida saludable, el deporte, el trabajo en equipo y restaurar la convivencia interna entre los estudiantes. La Corrida no tiene car\u00e1cter competitivo, pues persigue como objetivo la integraci\u00f3n de la familia al quehacer de los alumnos, siendo \u00e9sta la raz\u00f3n por la que este evento no ser\u00e1 abierto para la comunidad, seg\u00fan lo se\u00f1al\u00f3 Natalia Fari\u00f1a.<br \/>\n\u00abQueremos que vengan los abuelos, los pap\u00e1s, las mam\u00e1s, los t\u00edos y eso buscamos, que nos acompa\u00f1en a hacer actividad f\u00edsica. El liceo desde el a\u00f1o pasado est\u00e1 participando en varios campeonatos deportivos, por lo que el apoyo de la familia es fundamental para obtener buenos resultados\u00bb, finaliz\u00f3 la profesional.<br \/>\nEl circuito tiene una extensi\u00f3n de casi dos kil\u00f3metros, por lo que aconsejan a los familiares utilizar ropa c\u00f3moda. Adem\u00e1s, premiar\u00e1n a las familias m\u00e1s numerosas, sorteos por inscripci\u00f3n, medallas de regalo aportadas por la Municipalidad de San Felipe.<br \/>\n<strong>Roberto Gonz\u00e1lez Short<\/strong><\/p>\n<figure id=\"attachment_85434\" aria-describedby=\"caption-attachment-85434\" style=\"width: 579px\" class=\"wp-caption alignnone\"><img data-recalc-dims=\"1\" loading=\"lazy\" decoding=\"async\" class=\"size-full wp-image-85434\" src=\"https:\/\/i0.wp.com\/www.eltrabajo.cl\/2017\/wp-content\/uploads\/2018\/03\/Corrida_Natalia-Farina.jpg?resize=579%2C608\" alt=\"La profesora de educaci\u00f3n f\u00edsica, Natalia Fari\u00f1a Rodr\u00edguez.\" width=\"579\" height=\"608\" srcset=\"https:\/\/i0.wp.com\/eltrabajo.cl\/portal\/wp-content\/uploads\/2018\/03\/Corrida_Natalia-Farina.jpg?w=579&amp;ssl=1 579w, https:\/\/i0.wp.com\/eltrabajo.cl\/portal\/wp-content\/uploads\/2018\/03\/Corrida_Natalia-Farina.jpg?resize=143%2C150&amp;ssl=1 143w, https:\/\/i0.wp.com\/eltrabajo.cl\/portal\/wp-content\/uploads\/2018\/03\/Corrida_Natalia-Farina.jpg?resize=286%2C300&amp;ssl=1 286w, https:\/\/i0.wp.com\/eltrabajo.cl\/portal\/wp-content\/uploads\/2018\/03\/Corrida_Natalia-Farina.jpg?resize=400%2C420&amp;ssl=1 400w\" sizes=\"auto, (max-width: 579px) 100vw, 579px\" \/><figcaption id=\"caption-attachment-85434\" class=\"wp-caption-text\">La profesora de educaci\u00f3n f\u00edsica, Natalia Fari\u00f1a Rodr\u00edguez.<\/figcaption><\/figure>\n<figure id=\"attachment_85435\" aria-describedby=\"caption-attachment-85435\" style=\"width: 578px\" class=\"wp-caption alignnone\"><img data-recalc-dims=\"1\" loading=\"lazy\" decoding=\"async\" class=\"size-full wp-image-85435\" src=\"https:\/\/i0.wp.com\/www.eltrabajo.cl\/2017\/wp-content\/uploads\/2018\/03\/Corrida1.jpg?resize=578%2C382\" alt=\"CALENTANDO MOTORES.- Estos peque\u00f1itos hac\u00edan ayer jueves su calentamiento para la gran Corrida Familiar que se realizar\u00e1 el pr\u00f3ximo viernes 6 de abril.\" width=\"578\" height=\"382\" srcset=\"https:\/\/i0.wp.com\/eltrabajo.cl\/portal\/wp-content\/uploads\/2018\/03\/Corrida1.jpg?w=578&amp;ssl=1 578w, https:\/\/i0.wp.com\/eltrabajo.cl\/portal\/wp-content\/uploads\/2018\/03\/Corrida1.jpg?resize=200%2C132&amp;ssl=1 200w, https:\/\/i0.wp.com\/eltrabajo.cl\/portal\/wp-content\/uploads\/2018\/03\/Corrida1.jpg?resize=300%2C198&amp;ssl=1 300w, https:\/\/i0.wp.com\/eltrabajo.cl\/portal\/wp-content\/uploads\/2018\/03\/Corrida1.jpg?resize=227%2C150&amp;ssl=1 227w, https:\/\/i0.wp.com\/eltrabajo.cl\/portal\/wp-content\/uploads\/2018\/03\/Corrida1.jpg?resize=400%2C264&amp;ssl=1 400w\" sizes=\"auto, (max-width: 578px) 100vw, 578px\" \/><figcaption id=\"caption-attachment-85435\" class=\"wp-caption-text\">CALENTANDO MOTORES.- Estos peque\u00f1itos hac\u00edan ayer jueves su calentamiento para la gran Corrida Familiar que se realizar\u00e1 el pr\u00f3ximo viernes 6 de abril.<\/figcaption><\/figure>\n","protected":false},"excerpt":{"rendered":"<p>Evento se realizar\u00e1 el viernes 6 de abril: Muy aplicados a sus entrenamientos est\u00e1n los estudiantes del Liceo San Felipe de cara a la segunda Corrida Familiar que este establecimiento educacional desarrollar\u00e1&#8230;<\/p>\n","protected":false},"author":1,"featured_media":85435,"comment_status":"closed","ping_status":"open","sticky":false,"template":"","format":"standard","meta":{"advanced_seo_description":"","jetpack_seo_html_title":"","jetpack_seo_noindex":false,"_jetpack_memberships_contains_paid_content":false,"footnotes":""},"categories":[15],"tags":[],"class_list":["post-85433","post","type-post","status-publish","format-standard","has-post-thumbnail","hentry","category-comunidad"],"jetpack_featured_media_url":"https:\/\/i0.wp.com\/eltrabajo.cl\/portal\/wp-content\/uploads\/2018\/03\/Corrida1.jpg?fit=578%2C382&ssl=1","jetpack_sharing_enabled":true,"jetpack_likes_enabled":true,"jetpack-related-posts":[],"_links":{"self":[{"href":"https:\/\/eltrabajo.cl\/portal\/wp-json\/wp\/v2\/posts\/85433","targetHints":{"allow":["GET"]}}],"collection":[{"href":"https:\/\/eltrabajo.cl\/portal\/wp-json\/wp\/v2\/posts"}],"about":[{"href":"https:\/\/eltrabajo.cl\/portal\/wp-json\/wp\/v2\/types\/post"}],"author":[{"embeddable":true,"href":"https:\/\/eltrabajo.cl\/portal\/wp-json\/wp\/v2\/users\/1"}],"replies":[{"embeddable":true,"href":"https:\/\/eltrabajo.cl\/portal\/wp-json\/wp\/v2\/comments?post=85433"}],"version-history":[{"count":0,"href":"https:\/\/eltrabajo.cl\/portal\/wp-json\/wp\/v2\/posts\/85433\/revisions"}],"wp:featuredmedia":[{"embeddable":true,"href":"https:\/\/eltrabajo.cl\/portal\/wp-json\/wp\/v2\/media\/85435"}],"wp:attachment":[{"href":"https:\/\/eltrabajo.cl\/portal\/wp-json\/wp\/v2\/media?parent=85433"}],"wp:term":[{"taxonomy":"category","embeddable":true,"href":"https:\/\/eltrabajo.cl\/portal\/wp-json\/wp\/v2\/categories?post=85433"},{"taxonomy":"post_tag","embeddable":true,"href":"https:\/\/eltrabajo.cl\/portal\/wp-json\/wp\/v2\/tags?post=85433"}],"curies":[{"name":"wp","href":"https:\/\/api.w.org\/{rel}","templated":true}]}}