{"id":85438,"date":"2018-03-23T05:01:38","date_gmt":"2018-03-23T09:01:38","guid":{"rendered":"http:\/\/www.eltrabajo.cl\/2017\/?p=85438"},"modified":"2018-03-23T05:01:38","modified_gmt":"2018-03-23T09:01:38","slug":"el-uni-uni-no-podra-utilizar-el-municipal-para-sus-proximos-dos-partidos","status":"publish","type":"post","link":"https:\/\/eltrabajo.cl\/portal\/el-uni-uni-no-podra-utilizar-el-municipal-para-sus-proximos-dos-partidos\/","title":{"rendered":"El Un\u00ed Un\u00ed no podr\u00e1 utilizar el Municipal para sus pr\u00f3ximos dos partidos"},"content":{"rendered":"<figure id=\"attachment_85439\" aria-describedby=\"caption-attachment-85439\" style=\"width: 578px\" class=\"wp-caption alignnone\"><img data-recalc-dims=\"1\" loading=\"lazy\" decoding=\"async\" class=\"size-full wp-image-85439\" src=\"https:\/\/i0.wp.com\/www.eltrabajo.cl\/2017\/wp-content\/uploads\/2018\/03\/estadio-municipal.jpg?resize=578%2C385\" alt=\"El estadio Municipal no estar\u00e1 en condiciones para que Uni\u00f3n San Felipe pueda utilizarlo en sus pr\u00f3ximos dos partidos como local.\" width=\"578\" height=\"385\" srcset=\"https:\/\/i0.wp.com\/eltrabajo.cl\/portal\/wp-content\/uploads\/2018\/03\/estadio-municipal.jpg?w=578&amp;ssl=1 578w, https:\/\/i0.wp.com\/eltrabajo.cl\/portal\/wp-content\/uploads\/2018\/03\/estadio-municipal.jpg?resize=200%2C133&amp;ssl=1 200w, https:\/\/i0.wp.com\/eltrabajo.cl\/portal\/wp-content\/uploads\/2018\/03\/estadio-municipal.jpg?resize=300%2C200&amp;ssl=1 300w, https:\/\/i0.wp.com\/eltrabajo.cl\/portal\/wp-content\/uploads\/2018\/03\/estadio-municipal.jpg?resize=225%2C150&amp;ssl=1 225w, https:\/\/i0.wp.com\/eltrabajo.cl\/portal\/wp-content\/uploads\/2018\/03\/estadio-municipal.jpg?resize=400%2C266&amp;ssl=1 400w\" sizes=\"auto, (max-width: 578px) 100vw, 578px\" \/><figcaption id=\"caption-attachment-85439\" class=\"wp-caption-text\">El estadio Municipal no estar\u00e1 en condiciones para que Uni\u00f3n San Felipe pueda utilizarlo en sus pr\u00f3ximos dos partidos como local.<\/figcaption><\/figure>\n<p>Mediante un oficio que ayer hizo llegar a Uni\u00f3n San Felipe, el alcalde Patricio Freire comunic\u00f3 que el Un\u00ed Un\u00ed no podr\u00e1 utilizar el estadio Municipal para sus pr\u00f3ximos dos partidos de local, los que est\u00e1n programados para 1 y 7 de abril pr\u00f3ximos, debido a que el proceso de resiembra anual exige un plazo no menor a 40 d\u00edas para que la cancha est\u00e9 en condiciones de ser utilizada.<br \/>\nEn la misma misiva la primera autoridad comunal inform\u00f3 que la cancha del coloso de la Avenida Maip\u00fa reci\u00e9n estar\u00e1 disponible y en condiciones de ser utilizada, el domingo 15 de abril en adelante, lo que sin lugar a dudas es una p\u00e9sima noticia para el Un\u00ed Un\u00ed que, frente a Melipilla y San Marcos, buscar\u00eda sumar puntos importantes, adem\u00e1s de confirmar su alza en el juego.<\/p>\n","protected":false},"excerpt":{"rendered":"<p>Mediante un oficio que ayer hizo llegar a Uni\u00f3n San Felipe, el alcalde Patricio Freire comunic\u00f3 que el Un\u00ed Un\u00ed no podr\u00e1 utilizar el estadio Municipal para sus pr\u00f3ximos dos partidos de&#8230;<\/p>\n","protected":false},"author":1,"featured_media":85439,"comment_status":"closed","ping_status":"open","sticky":false,"template":"","format":"standard","meta":{"advanced_seo_description":"","jetpack_seo_html_title":"","jetpack_seo_noindex":false,"_jetpack_memberships_contains_paid_content":false,"footnotes":""},"categories":[19],"tags":[],"class_list":["post-85438","post","type-post","status-publish","format-standard","has-post-thumbnail","hentry","category-deportes"],"jetpack_featured_media_url":"https:\/\/i0.wp.com\/eltrabajo.cl\/portal\/wp-content\/uploads\/2018\/03\/estadio-municipal.jpg?fit=578%2C385&ssl=1","jetpack_sharing_enabled":true,"jetpack_likes_enabled":true,"jetpack-related-posts":[],"_links":{"self":[{"href":"https:\/\/eltrabajo.cl\/portal\/wp-json\/wp\/v2\/posts\/85438","targetHints":{"allow":["GET"]}}],"collection":[{"href":"https:\/\/eltrabajo.cl\/portal\/wp-json\/wp\/v2\/posts"}],"about":[{"href":"https:\/\/eltrabajo.cl\/portal\/wp-json\/wp\/v2\/types\/post"}],"author":[{"embeddable":true,"href":"https:\/\/eltrabajo.cl\/portal\/wp-json\/wp\/v2\/users\/1"}],"replies":[{"embeddable":true,"href":"https:\/\/eltrabajo.cl\/portal\/wp-json\/wp\/v2\/comments?post=85438"}],"version-history":[{"count":0,"href":"https:\/\/eltrabajo.cl\/portal\/wp-json\/wp\/v2\/posts\/85438\/revisions"}],"wp:featuredmedia":[{"embeddable":true,"href":"https:\/\/eltrabajo.cl\/portal\/wp-json\/wp\/v2\/media\/85439"}],"wp:attachment":[{"href":"https:\/\/eltrabajo.cl\/portal\/wp-json\/wp\/v2\/media?parent=85438"}],"wp:term":[{"taxonomy":"category","embeddable":true,"href":"https:\/\/eltrabajo.cl\/portal\/wp-json\/wp\/v2\/categories?post=85438"},{"taxonomy":"post_tag","embeddable":true,"href":"https:\/\/eltrabajo.cl\/portal\/wp-json\/wp\/v2\/tags?post=85438"}],"curies":[{"name":"wp","href":"https:\/\/api.w.org\/{rel}","templated":true}]}}