{"id":85448,"date":"2018-03-23T05:04:05","date_gmt":"2018-03-23T09:04:05","guid":{"rendered":"http:\/\/www.eltrabajo.cl\/2017\/?p=85448"},"modified":"2018-03-23T05:04:05","modified_gmt":"2018-03-23T09:04:05","slug":"profesores-buen-pastor-se-tomaron-el-colegio-por-temor-a-perder-empleos","status":"publish","type":"post","link":"https:\/\/eltrabajo.cl\/portal\/profesores-buen-pastor-se-tomaron-el-colegio-por-temor-a-perder-empleos\/","title":{"rendered":"Profesores Buen Pastor se tomaron el colegio por temor a perder empleos"},"content":{"rendered":"<figure id=\"attachment_85449\" aria-describedby=\"caption-attachment-85449\" style=\"width: 580px\" class=\"wp-caption alignnone\"><img data-recalc-dims=\"1\" loading=\"lazy\" decoding=\"async\" class=\"size-full wp-image-85449\" src=\"https:\/\/i0.wp.com\/www.eltrabajo.cl\/2017\/wp-content\/uploads\/2018\/03\/toma-buen-pastor.jpg?resize=580%2C435\" alt=\"PROTESTA EN CURSO.- Decenas de profesores protestaron y se tomaron el colegio Buen Pastor la ma\u00f1ana de ayer, toma que continuar\u00eda hoy pese a que anoche, al cierre de la presente edici\u00f3n, se buscaba una soluci\u00f3n al conflicto.\" width=\"580\" height=\"435\" srcset=\"https:\/\/i0.wp.com\/eltrabajo.cl\/portal\/wp-content\/uploads\/2018\/03\/toma-buen-pastor.jpg?w=580&amp;ssl=1 580w, https:\/\/i0.wp.com\/eltrabajo.cl\/portal\/wp-content\/uploads\/2018\/03\/toma-buen-pastor.jpg?resize=200%2C150&amp;ssl=1 200w, https:\/\/i0.wp.com\/eltrabajo.cl\/portal\/wp-content\/uploads\/2018\/03\/toma-buen-pastor.jpg?resize=300%2C225&amp;ssl=1 300w, https:\/\/i0.wp.com\/eltrabajo.cl\/portal\/wp-content\/uploads\/2018\/03\/toma-buen-pastor.jpg?resize=400%2C300&amp;ssl=1 400w\" sizes=\"auto, (max-width: 580px) 100vw, 580px\" \/><figcaption id=\"caption-attachment-85449\" class=\"wp-caption-text\">PROTESTA EN CURSO.- Decenas de profesores protestaron y se tomaron el colegio Buen Pastor la ma\u00f1ana de ayer, toma que continuar\u00eda hoy pese a que anoche, al cierre de la presente edici\u00f3n, se buscaba una soluci\u00f3n al conflicto.<\/figcaption><\/figure>\n<ul>\n<li><span style=\"color: #ff0000;\"><strong>Hoy nuevamente no habr\u00e1 clases:<\/strong><\/span><\/li>\n<\/ul>\n<p>Los profesores de la Escuela Buen Pastor se tomaron el colegio la ma\u00f1ana de ayer, justo minutos antes de iniciar el d\u00eda lectivo, pues est\u00e1n preocupados por su futuro laboral luego que la Congregaci\u00f3n Buen Pastor (ya el a\u00f1o pasado) solicitara al Municipio la devoluci\u00f3n del inmueble que hoy ocupa esa escuela que en la actualidad es de administraci\u00f3n municipal.<br \/>\nLa medida constituye un acto de presi\u00f3n de los profesores para forzar al municipio a firmar un compromiso por escrito de que se continuar\u00e1 con la escuela municipal, ya que la Congregaci\u00f3n Buen Pastor anunci\u00f3 que ellos seguir\u00e1n adelante con la escuela, con los mismos alumnos y de forma gratuita, pero como congregaci\u00f3n religiosa, no como entidad municipal, no pronunci\u00e1ndose respecto al futuro laboral de los docentes, quienes plantean que la Municipalidad debe continuar con la escuela como proyecto educativo, en otro inmueble como el de la Escuela Hogar, por ejemplo, rechazando la eventual propuesta de una fusi\u00f3n con el Liceo Roberto Humeres.<br \/>\nJunto con la toma del establecimiento, la jornada de ayer se inici\u00f3 con un bloqueo del tr\u00e1nsito en Avenida Yungay, lo que oblig\u00f3 al Director de la Daem, Iv\u00e1n Silva, a concurrir al colegio y entrevistarse con los docentes y algunos apoderados que apoyar\u00edan la toma, sin conseguir que depusieran su actitud, pues exigen un documento por escrito de que conservar\u00e1n sus empleos ante la eventual fusi\u00f3n con el liceo.<br \/>\nLa tarde de ayer, a partir de las 15 horas, se reunieron el alcalde Patricio Freire junto a funcionarios de la Daem y representantes de los profesores para abordar el problema, surgiendo al parecer una propuesta que por la tarde ser\u00eda transmitida por los docentes a los apoderados, con quienes se reunir\u00edan a las 20 horas. Al cierre de la presente edici\u00f3n a\u00fan no sal\u00eda humo blanco, pero se adelant\u00f3 que hoy viernes continuar\u00eda la toma del colegio, por lo cual no habr\u00eda clases, concurriendo en la ma\u00f1ana una delegaci\u00f3n de alumnos hasta la Municipalidad a entregar una carta al alcalde.<\/p>\n","protected":false},"excerpt":{"rendered":"<p>Hoy nuevamente no habr\u00e1 clases: Los profesores de la Escuela Buen Pastor se tomaron el colegio la ma\u00f1ana de ayer, justo minutos antes de iniciar el d\u00eda lectivo, pues est\u00e1n preocupados por&#8230;<\/p>\n","protected":false},"author":1,"featured_media":85449,"comment_status":"closed","ping_status":"open","sticky":false,"template":"","format":"standard","meta":{"advanced_seo_description":"","jetpack_seo_html_title":"","jetpack_seo_noindex":false,"_jetpack_memberships_contains_paid_content":false,"footnotes":""},"categories":[15],"tags":[],"class_list":["post-85448","post","type-post","status-publish","format-standard","has-post-thumbnail","hentry","category-comunidad"],"jetpack_featured_media_url":"https:\/\/i0.wp.com\/eltrabajo.cl\/portal\/wp-content\/uploads\/2018\/03\/toma-buen-pastor.jpg?fit=580%2C435&ssl=1","jetpack_sharing_enabled":true,"jetpack_likes_enabled":true,"jetpack-related-posts":[],"_links":{"self":[{"href":"https:\/\/eltrabajo.cl\/portal\/wp-json\/wp\/v2\/posts\/85448","targetHints":{"allow":["GET"]}}],"collection":[{"href":"https:\/\/eltrabajo.cl\/portal\/wp-json\/wp\/v2\/posts"}],"about":[{"href":"https:\/\/eltrabajo.cl\/portal\/wp-json\/wp\/v2\/types\/post"}],"author":[{"embeddable":true,"href":"https:\/\/eltrabajo.cl\/portal\/wp-json\/wp\/v2\/users\/1"}],"replies":[{"embeddable":true,"href":"https:\/\/eltrabajo.cl\/portal\/wp-json\/wp\/v2\/comments?post=85448"}],"version-history":[{"count":0,"href":"https:\/\/eltrabajo.cl\/portal\/wp-json\/wp\/v2\/posts\/85448\/revisions"}],"wp:featuredmedia":[{"embeddable":true,"href":"https:\/\/eltrabajo.cl\/portal\/wp-json\/wp\/v2\/media\/85449"}],"wp:attachment":[{"href":"https:\/\/eltrabajo.cl\/portal\/wp-json\/wp\/v2\/media?parent=85448"}],"wp:term":[{"taxonomy":"category","embeddable":true,"href":"https:\/\/eltrabajo.cl\/portal\/wp-json\/wp\/v2\/categories?post=85448"},{"taxonomy":"post_tag","embeddable":true,"href":"https:\/\/eltrabajo.cl\/portal\/wp-json\/wp\/v2\/tags?post=85448"}],"curies":[{"name":"wp","href":"https:\/\/api.w.org\/{rel}","templated":true}]}}