{"id":85457,"date":"2018-03-26T05:00:14","date_gmt":"2018-03-26T09:00:14","guid":{"rendered":"http:\/\/www.eltrabajo.cl\/2017\/?p=85457"},"modified":"2018-03-26T05:00:14","modified_gmt":"2018-03-26T09:00:14","slug":"santa-maria-a-contar-de-hoy-dispone-una-nueva-linea-de-taxis-colectivos","status":"publish","type":"post","link":"https:\/\/eltrabajo.cl\/portal\/santa-maria-a-contar-de-hoy-dispone-una-nueva-linea-de-taxis-colectivos\/","title":{"rendered":"Santa Mar\u00eda a contar de hoy dispone una nueva l\u00ednea de taxis colectivos"},"content":{"rendered":"<figure id=\"attachment_85458\" aria-describedby=\"caption-attachment-85458\" style=\"width: 580px\" class=\"wp-caption alignnone\"><img data-recalc-dims=\"1\" loading=\"lazy\" decoding=\"async\" class=\"size-full wp-image-85458\" src=\"https:\/\/i0.wp.com\/www.eltrabajo.cl\/2017\/wp-content\/uploads\/2018\/03\/Taxis-colectivos.jpg?resize=580%2C399\" alt=\"El concejal Danilo Arancibia junto al presidente de la L\u00ednea 2, C\u00e9sar Collao.\" width=\"580\" height=\"399\" srcset=\"https:\/\/i0.wp.com\/eltrabajo.cl\/portal\/wp-content\/uploads\/2018\/03\/Taxis-colectivos.jpg?w=580&amp;ssl=1 580w, https:\/\/i0.wp.com\/eltrabajo.cl\/portal\/wp-content\/uploads\/2018\/03\/Taxis-colectivos.jpg?resize=200%2C138&amp;ssl=1 200w, https:\/\/i0.wp.com\/eltrabajo.cl\/portal\/wp-content\/uploads\/2018\/03\/Taxis-colectivos.jpg?resize=300%2C206&amp;ssl=1 300w, https:\/\/i0.wp.com\/eltrabajo.cl\/portal\/wp-content\/uploads\/2018\/03\/Taxis-colectivos.jpg?resize=218%2C150&amp;ssl=1 218w, https:\/\/i0.wp.com\/eltrabajo.cl\/portal\/wp-content\/uploads\/2018\/03\/Taxis-colectivos.jpg?resize=400%2C275&amp;ssl=1 400w\" sizes=\"auto, (max-width: 580px) 100vw, 580px\" \/><figcaption id=\"caption-attachment-85458\" class=\"wp-caption-text\">El concejal Danilo Arancibia junto al presidente de la L\u00ednea 2, C\u00e9sar Collao.<\/figcaption><\/figure>\n<p>Desde hoy lunes a partir del medio d\u00eda comenzar\u00e1 a funcionar una nueva l\u00ednea de taxis colectivos en el trayecto de esa comuna con San Felipe, as\u00ed lo inform\u00f3 el concejal Danilo Arancibia Brante, quien se manifest\u00f3 muy contento por el resultado de la gesti\u00f3n realizada para poder implementar una nueva l\u00ednea que venga a satisfacer las necesidades de los vecinos de Santa Mar\u00eda.<br \/>\n\u201cNosotros le dimos el Vamos a esto el d\u00eda viernes, porque ese d\u00eda llegamos con las autorizaciones respectivas por parte del Seremi del Transporte de la Quinta Regi\u00f3n, oficialmente los veh\u00edculos parten trabajando este lunes al mediod\u00eda, partiendo en primera instancia con tres veh\u00edculos que salen de una l\u00ednea y van a ser parte de la L\u00ednea 2, m\u00e1s un tercer veh\u00edculo nuevo que llega, pero esto es en forma gradual nosotros esperamos que en un tiempo podamos contar con diez veh\u00edculos y la verdad que la idea es llegar a los 30 veh\u00edculos, porque la poblaci\u00f3n de Santa Mar\u00eda est\u00e1 creciendo, entonces nosotros tenemos que ir pensando en la gente\u201d, indic\u00f3 el concejal.<br \/>\nEl edil argument\u00f3 su gesti\u00f3n en que muchas veces le toc\u00f3 trasladar gente en su veh\u00edculo particular a San Felipe, debido a que en esos momentos no hab\u00eda veh\u00edculos disponibles.<br \/>\n\u201cPara lograr esto es tener tiempo y voluntad, yo med\u00ed el tiempo y la voluntad y consegu\u00ed todo esto, y vamos a conseguir una tercera l\u00ednea de colectivos esa trataremos que sea local es decir de Santa Mar\u00eda al interior, pero que sea algo legal, nosotros queremos basarnos en la ley para poder contar con una nueva l\u00ednea local\u201d, dijo.<br \/>\nConsultado sobre la frecuencia, que es el mayor problema que enfrentan los vecinos de Santa Mar\u00eda, dijo que los veh\u00edculos de esta nueva l\u00ednea van a salir teniendo un pasajero, van a trabajar con un sistema de tarjetas, tel\u00e9fonos para poder llamarlos en caso que hayan pasajeros en un sector determinado recargando obviamente en forma m\u00f3dica el valor del pasaje lo que se quiere es que el sistema fluya como corresponde y las personas no est\u00e9n tanto tiempo esperando locomoci\u00f3n.<br \/>\n\u201cReitero que esto es para que se mejore el servicio de locomoci\u00f3n en nuestra querida comuna de Santa Mar\u00eda, teniendo en cuenta que se viene una importante cantidad de nuevas viviendas lo que conlleva a tener que suplir las necesidades de esas personas y una de ellas es lo que tiene que ver con la locomoci\u00f3n, por estoy contento de haber gestionado este logro\u201d, finaliz\u00f3 Arancibia. El terminal en San Felipe va a estar ubicado en Calle Merced llegando a Avenida Yungay.<\/p>\n","protected":false},"excerpt":{"rendered":"<p>Desde hoy lunes a partir del medio d\u00eda comenzar\u00e1 a funcionar una nueva l\u00ednea de taxis colectivos en el trayecto de esa comuna con San Felipe, as\u00ed lo inform\u00f3 el concejal Danilo&#8230;<\/p>\n","protected":false},"author":1,"featured_media":85458,"comment_status":"closed","ping_status":"open","sticky":false,"template":"","format":"standard","meta":{"advanced_seo_description":"","jetpack_seo_html_title":"","jetpack_seo_noindex":false,"_jetpack_memberships_contains_paid_content":false,"footnotes":""},"categories":[1],"tags":[],"class_list":["post-85457","post","type-post","status-publish","format-standard","has-post-thumbnail","hentry","category-cronica"],"jetpack_featured_media_url":"https:\/\/i0.wp.com\/eltrabajo.cl\/portal\/wp-content\/uploads\/2018\/03\/Taxis-colectivos.jpg?fit=580%2C399&ssl=1","jetpack_sharing_enabled":true,"jetpack_likes_enabled":true,"jetpack-related-posts":[],"_links":{"self":[{"href":"https:\/\/eltrabajo.cl\/portal\/wp-json\/wp\/v2\/posts\/85457","targetHints":{"allow":["GET"]}}],"collection":[{"href":"https:\/\/eltrabajo.cl\/portal\/wp-json\/wp\/v2\/posts"}],"about":[{"href":"https:\/\/eltrabajo.cl\/portal\/wp-json\/wp\/v2\/types\/post"}],"author":[{"embeddable":true,"href":"https:\/\/eltrabajo.cl\/portal\/wp-json\/wp\/v2\/users\/1"}],"replies":[{"embeddable":true,"href":"https:\/\/eltrabajo.cl\/portal\/wp-json\/wp\/v2\/comments?post=85457"}],"version-history":[{"count":0,"href":"https:\/\/eltrabajo.cl\/portal\/wp-json\/wp\/v2\/posts\/85457\/revisions"}],"wp:featuredmedia":[{"embeddable":true,"href":"https:\/\/eltrabajo.cl\/portal\/wp-json\/wp\/v2\/media\/85458"}],"wp:attachment":[{"href":"https:\/\/eltrabajo.cl\/portal\/wp-json\/wp\/v2\/media?parent=85457"}],"wp:term":[{"taxonomy":"category","embeddable":true,"href":"https:\/\/eltrabajo.cl\/portal\/wp-json\/wp\/v2\/categories?post=85457"},{"taxonomy":"post_tag","embeddable":true,"href":"https:\/\/eltrabajo.cl\/portal\/wp-json\/wp\/v2\/tags?post=85457"}],"curies":[{"name":"wp","href":"https:\/\/api.w.org\/{rel}","templated":true}]}}